{"id":4005,"date":"2026-05-03T02:08:07","date_gmt":"2026-05-03T07:08:07","guid":{"rendered":"https:\/\/conexion-mx.com\/?p=4005"},"modified":"2026-05-03T02:08:07","modified_gmt":"2026-05-03T07:08:07","slug":"en-fotos-asi-fue-el-historico-concierto-de-shakira-ante-2-millones-de-personas-en-la-playa-de-copacabana","status":"publish","type":"post","link":"https:\/\/conexion-mx.com\/?p=4005","title":{"rendered":"EN FOTOS: as\u00ed fue el histor\u00edco concierto de Shakira ante 2 millones de personas en la playa de Copacabana"},"content":{"rendered":"<p> <br \/>\n<\/p>\n<div>\n<p><strong>Bajo la luna llena, la estrella del pop latino Shakira<\/strong> deleit\u00f3 este s\u00e1bado a una marea humana en la ic\u00f3nica playa de Copacabana en Rio de Janeiro, durante m\u00e1s de dos horas cargadas de hits y palabras de amor por Brasil.<\/p>\n<p>Una loba &#8211; como se conoce a la cantante colombiana- formada con drones se proyect\u00f3 en el cielo minutos antes de su aparici\u00f3n en el escenario pasadas las 23:00 horas con m\u00e1s de una hora de retraso.<\/p>\n<aside class=\"htmlinline\"\/>\n<p>Shakira subi\u00f3 a tarima vestida con los colores brasile\u00f1os,<strong> en medio del chasquido de abanicos del p\u00fablico.<\/strong><\/p>\n<div class=\"image-align-center\">\n<figure class=\"image\"><img loading=\"lazy\" decoding=\"async\" alt=\"\" height=\"800\" src=\"https:\/\/heraldodemexico.com.mx\/u\/fotografias\/m\/2026\/5\/2\/f768x1-1279393_1279520_5050.jpg\" width=\"1200\"\/>&#13;<figcaption>Foto: AFP<\/figcaption>&#13;<br \/>\n<\/figure>\n<\/div>\n<p>\u00abDos millones de personas. La Loba hizo historia en Rio\u00bb, public\u00f3 en X el alcalde de la ciudad, Eduardo Cavaliere, quien cit\u00f3 como fuente al \u00f3rgano oficial de turismo Riotur.<\/p>\n<p>\u00ab\u00a1Brasil, te amo! Es m\u00e1gico pensar que estamos aqu\u00ed, millones de almas juntas, listas para cantar, bailar, emocionarnos y recordarle al mundo lo que realmente importa\u00bb, salud\u00f3 a su gente Shakira, en impecable portugu\u00e9s y sobre un monumental escenario de 1.345 metros cuadrados.<\/p>\n<p>Adem\u00e1s de interpretar <strong>\u00e9xitos como \u00abHips don&#8217;t lie\u00bb, \u00abLa bicicleta\u00bb, \u00abLa tortura\u00bb y \u00abEstoy aqu\u00ed\u00bb,<\/strong> sum\u00f3 las participaciones de los hermanos Caetano Veloso y Maria Bethania, leyendas de la m\u00fasica popular de Brasil, y la estrella pop brasile\u00f1a Anitta, con quien bail\u00f3 funk de estilo local.<\/p>\n<div class=\"image-align-center\">\n<figure class=\"image\"><img loading=\"lazy\" decoding=\"async\" alt=\"\" height=\"800\" src=\"https:\/\/heraldodemexico.com.mx\/u\/fotografias\/m\/2026\/5\/2\/f768x1-1279391_1279518_5050.jpg\" width=\"1200\"\/>&#13;<figcaption>Foto: AFP<\/figcaption>&#13;<br \/>\n<\/figure>\n<\/div>\n<p>Con este show en el que cambi\u00f3 diez veces de vestuario, la artista de 49 a\u00f1os ha seguido los pasos de Madonna, que actu\u00f3 en estas arenas en 2024 ante 1,6 millones de personas, y <strong>Lady Gaga, que reuni\u00f3 a 2,1 millones en 2025, seg\u00fan los organizadores.<\/strong><\/p>\n<p>&#13;<br \/>\n&#8211; \u00abAma mucho a Brasil\u00bb -&#13;<br \/>\n&#13;\n<\/p>\n<p>La creadora del himno mundialista \u00abWaka Waka\u00bb tiene una relaci\u00f3n hist\u00f3rica con Brasil, donde ha actuado numerosas veces desde 1996.&#13;<br \/>\n&#13;\n<\/p>\n<p>\u00abMe inspiro mucho en ella, es una mujer latina en la cumbre\u00bb, dijo a la AFP Joao Pedro Yelin, un dise\u00f1ador de 26 a\u00f1os que lleg\u00f3 desde Sao Paulo, vestido con un sobretodo hecho de retazos que representaban banderas de pa\u00edses de Am\u00e9rica Latina.&#13;<br \/>\n&#13;\n<\/p>\n<p>\u00abAma mucho a Brasil y ese amor que ella tiene por nosotros, lo tenemos nosotros por ella\u00bb, dijo Graciele Vaz, de 43 a\u00f1os, que durmi\u00f3 en la playa tras viajar el viernes desde el balneario de Paraty, a unas cuatro horas de Rio.&#13;<br \/>\n&#13;\n<\/p>\n<p>La mujer llevaba en su espalda un gran tatuaje con el nombre de Shakira sobre la figura de una loba, s\u00edmbolo de la gira \u00abLas mujeres ya no lloran\u00bb.&#13;<br \/>\n&#13;\n<\/p>\n<p>Fue precisamente en Rio donde, en febrero de 2025, inaugur\u00f3 esta gira, la primera en siete a\u00f1os y que ya se coron\u00f3 con el Guinness a la de mayor facturaci\u00f3n de un artista latino.&#13;<br \/>\n&#13;\n<\/p>\n<p>&#13;<br \/>\n&#8211; \u00abLobacabana\u00bb -&#13;<br \/>\n&#13;\n<\/p>\n<p>Enormes carteles con el rostro de Shakira tapizaron Rio en los \u00faltimos d\u00edas.&#13;<br \/>\n&#13;\n<\/p>\n<p>En Copacabana -rebautizada \u00abLobacabana\u00bb- los vendedores abarrotaron la arena y la calle ofreciendo desde abanicos, gorras y camisetas hasta frasquitos con \u00abl\u00e1grimas de Shakira\u00bb, un gui\u00f1o al t\u00edtulo de la gira.&#13;<br \/>\n&#13;\n<\/p>\n<div class=\"image-align-center\">\n<figure class=\"image\"><img loading=\"lazy\" decoding=\"async\" alt=\"\" height=\"798\" src=\"https:\/\/heraldodemexico.com.mx\/u\/fotografias\/m\/2026\/5\/2\/f768x1-1279396_1279523_5050.jpg\" width=\"1200\"\/>&#13;<figcaption>Foto: AP<\/figcaption>&#13;<br \/>\n<\/figure>\n<\/div>\n<p>Gigante lus\u00f3fono, Brasil siempre se ha sentido al margen de Am\u00e9rica Latina, hasta el punto de preguntarse si su propia identidad es tambi\u00e9n latina.&#13;<br \/>\n&#13;\n<\/p>\n<p>Pese a su hist\u00f3rico desd\u00e9n hacia artistas extranjeros, se abre poco a poco a la m\u00fasica latinoamericana que hoy hace bailar al planeta entero.&#13;<br \/>\n&#13;\n<\/p>\n<p>Con 100 millones de discos vendidos, cuatro Grammy y 15 Grammy Latino, Shakira ha conquistado a varias generaciones con \u00e9xitos como la \u00abBzrp Music Sessions, Vol. 53\u00bb, el tema que grab\u00f3 tras su separaci\u00f3n del exfutbolista Gerard Piqu\u00e9 y con el que cerr\u00f3 el megashow de este s\u00e1bado.&#13;<br \/>\n&#13;\n<\/p>\n<div class=\"image-align-center\">\n<figure class=\"image\"><img loading=\"lazy\" decoding=\"async\" alt=\"\" height=\"798\" src=\"https:\/\/heraldodemexico.com.mx\/u\/fotografias\/m\/2026\/5\/3\/f768x1-1279397_1279524_5050.jpg\" width=\"1200\"\/>&#13;<figcaption>Foto: AP<\/figcaption>&#13;<br \/>\n<\/figure>\n<\/div>\n<p>Las autoridades desplegaron casi 8.000 agentes, drones, c\u00e1maras de reconocimiento facial y 18 puntos de revista con detectores de metales, en el mayor dispositivo de seguridad que ha visto Copacabana en sus megaconciertos.&#13;<br \/>\n&#13;\n<\/p>\n<p>El a\u00f1o pasado, al d\u00eda siguiente del concierto de Lady Gaga, la polic\u00eda anunci\u00f3 que hab\u00eda frustrado un atentado con bomba planeado por un grupo que \u00abdifund\u00eda discursos de odio\u00bb, en particular contra la comunidad LGBT.&#13;<br \/>\n&#13;\n<\/p>\n<p>La alcald\u00eda de Rio estima que el evento inyectar\u00eda m\u00e1s de 800 millones de reales (unos 160 millones de d\u00f3lares) en la econom\u00eda local.\u00a0&#13;<br \/>\n&#13;\n<\/p>\n<div class=\"image-align-center\">\n<figure class=\"image\"><img loading=\"lazy\" decoding=\"async\" alt=\"\" height=\"798\" src=\"https:\/\/heraldodemexico.com.mx\/u\/fotografias\/m\/2026\/5\/3\/f768x1-1279398_1279525_5050.jpg\" width=\"1200\"\/>&#13;<figcaption>Foto: AP<\/figcaption>&#13;<br \/>\n<\/figure>\n<\/div>\n<p>Con informaci\u00f3n&#13;<br \/>\n&#13;<br \/>\n&#13;\n                                <\/p>\n<\/p><\/div>\n<p><script>\n    !function(f,b,e,v,n,t,s)\n    {if(f.fbq)return;n=f.fbq=function(){n.callMethod?\n    n.callMethod.apply(n,arguments):n.queue.push(arguments)};\n    if(!f._fbq)f._fbq=n;n.push=n;n.loaded=!0;n.version='2.0';\n    n.queue=[];t=b.createElement(e);t.async=!0;\n    t.src=v;s=b.getElementsByTagName(e)[0];\n    s.parentNode.insertBefore(t,s)}(window, document,'script',\n    'https:\/\/connect.facebook.net\/en_US\/fbevents.js');\n    fbq('init', '237927003583820');\n    fbq('track', 'PageView');\n  <\/script><script>\n    !function(f,b,e,v,n,t,s)\n    {if(f.fbq)return;n=f.fbq=function(){n.callMethod?\n    n.callMethod.apply(n,arguments):n.queue.push(arguments)};\n    if(!f._fbq)f._fbq=n;n.push=n;n.loaded=!0;n.version='2.0';\n    n.queue=[];t=b.createElement(e);t.async=!0;\n    t.src=v;s=b.getElementsByTagName(e)[0];\n    s.parentNode.insertBefore(t,s)}(window, document,'script',\n    'https:\/\/connect.facebook.net\/en_US\/fbevents.js');\n    fbq('init', '775201487065840');\n    fbq('track', 'PageView');\n    <\/script><br \/>\n<br \/><\/p>\n","protected":false},"excerpt":{"rendered":"<p>Bajo la luna llena, la estrella del pop latino Shakira deleit\u00f3 este s\u00e1bado a una marea humana en la ic\u00f3nica playa de Copacabana en Rio de Janeiro, durante m\u00e1s de dos horas cargadas de hits y palabras de amor por Brasil. Una loba &#8211; como se conoce a la cantante colombiana- formada con drones se [&hellip;]<\/p>\n","protected":false},"author":3,"featured_media":4006,"comment_status":"","ping_status":"","sticky":false,"template":"","format":"standard","meta":{"footnotes":""},"categories":[35],"tags":[],"class_list":["post-4005","post","type-post","status-publish","format-standard","has-post-thumbnail","hentry","category-espectaculos"],"_links":{"self":[{"href":"https:\/\/conexion-mx.com\/index.php?rest_route=\/wp\/v2\/posts\/4005","targetHints":{"allow":["GET"]}}],"collection":[{"href":"https:\/\/conexion-mx.com\/index.php?rest_route=\/wp\/v2\/posts"}],"about":[{"href":"https:\/\/conexion-mx.com\/index.php?rest_route=\/wp\/v2\/types\/post"}],"author":[{"embeddable":true,"href":"https:\/\/conexion-mx.com\/index.php?rest_route=\/wp\/v2\/users\/3"}],"replies":[{"embeddable":true,"href":"https:\/\/conexion-mx.com\/index.php?rest_route=%2Fwp%2Fv2%2Fcomments&post=4005"}],"version-history":[{"count":0,"href":"https:\/\/conexion-mx.com\/index.php?rest_route=\/wp\/v2\/posts\/4005\/revisions"}],"wp:featuredmedia":[{"embeddable":true,"href":"https:\/\/conexion-mx.com\/index.php?rest_route=\/wp\/v2\/media\/4006"}],"wp:attachment":[{"href":"https:\/\/conexion-mx.com\/index.php?rest_route=%2Fwp%2Fv2%2Fmedia&parent=4005"}],"wp:term":[{"taxonomy":"category","embeddable":true,"href":"https:\/\/conexion-mx.com\/index.php?rest_route=%2Fwp%2Fv2%2Fcategories&post=4005"},{"taxonomy":"post_tag","embeddable":true,"href":"https:\/\/conexion-mx.com\/index.php?rest_route=%2Fwp%2Fv2%2Ftags&post=4005"}],"curies":[{"name":"wp","href":"https:\/\/api.w.org\/{rel}","templated":true}]}}