{"id":4007,"date":"2026-05-03T05:27:12","date_gmt":"2026-05-03T10:27:12","guid":{"rendered":"https:\/\/conexion-mx.com\/?p=4007"},"modified":"2026-05-03T05:27:12","modified_gmt":"2026-05-03T10:27:12","slug":"ariadna-montiel-llega-al-consejo-nacional-de-morena-con-apoyo-total","status":"publish","type":"post","link":"https:\/\/conexion-mx.com\/?p=4007","title":{"rendered":"Ariadna Montiel llega al Consejo Nacional de Morena con apoyo total"},"content":{"rendered":"<p> <br \/>\n<\/p>\n<div>\n<p>Con un mensaje de unidad y el rechazo a una crisis partidista, <strong>Morena lleva a cabo su VIII Congreso Nacional Extraordinario,<\/strong> en el que elegir\u00e1 a su s\u00e9ptimo dirigente nacional, y <strong>Ariadna Montiel<\/strong>, exsecretaria de Bienestar, llega con apoyo total para lograrlo.\u00a0<\/p>\n<p>La consigna que tiene la exfuncionaria federal es la de sacar adelante los comicios intermedios de 2027, junto con Citlalli Hern\u00e1ndez Mora, quien tambi\u00e9n renunci\u00f3 a la <strong>Secretar\u00eda de las Mujeres <\/strong>para ser designada como titular de la Comisi\u00f3n Nacional de Elecciones.<\/p>\n<aside class=\"htmlinline\"\/>\n<p>Fuentes consultadas se\u00f1alan que en el encuentro se busca convocar a la unidad y cerrar filas ante las acusaciones de Estados Unidos y la solicitud de extradici\u00f3n de 10 servidores p\u00fablicos de Sinaloa, incluido el gobernador con licencia, <strong>Rub\u00e9n Rocha Moya.<\/strong><\/p>\n<p>Al interior de Morena apoyan a la presidenta <strong>Claudia Sheinbaum Pardo<\/strong>, y expresaron que hay toda una campa\u00f1a de querer manchar a Morena bajo el argumento de que es un narcopartido, lo han rechazado en reiteradas ocasiones.<\/p>\n<p>Junto con los otros integrantes del <strong>Comit\u00e9 Ejecutivo Nacional, Alfonso Durazo<\/strong> encabezar\u00e1 el VIII Congreso Nacional Extraordinario de Morena en el <strong>World Trade Center<\/strong>, en el que se espera un mensaje de la presidenta saliente, Luisa Mar\u00eda Alcalde Luj\u00e1n, y la nueva dirigente, en este caso de Ariadna Montiel.<\/p>\n<p>El orden del d\u00eda, que en un principio estipulaba iniciar actividades a las 12:00 horas con un acto protocolario de toma de protesta, fue modificado para la apertura m\u00e1s temprano en dos tiempos a los medios de comunicaci\u00f3n.<\/p>\n<p>El primero, cuando inicie la sesi\u00f3n del VIII Congreso Nacional Extraordinario de Morena. Se espera continuar los trabajos de manera privada para retomar el ingreso de los medios de comunicaci\u00f3n para la toma de protesta de la nueva dirigencia nacional.<\/p>\n<p>El Consejo Nacional de Morena es el m\u00e1ximo \u00f3rgano de direcci\u00f3n del partido, compuesto por 300 consejeros electos (m\u00e1s la dirigencia estatal y nacional).&#13;<br \/>\n&#13;\n<\/p>\n<p>Define la estrategia pol\u00edtica, la l\u00ednea de acci\u00f3n y normas internas, fundamentales para asegurar la unidad partidista, organizar procesos electorales y los comicios internos en el que se enfoca en este momento para elegir a los mejores perfiles de candidatos a diversos puestos.&#13;<br \/>\n&#13;\n<\/p>\n<p>\u00a0&#13;<br \/>\n&#13;\n<\/p>\n<p>\u00a0&#13;<br \/>\n&#13;\n<\/p>\n<p>MAAZ&#13;<br \/>\n&#13;\n<\/p>\n<p>\u00a0&#13;<br \/>\n&#13;<br \/>\n&#13;\n                                <\/p>\n<\/p><\/div>\n<p><script>\n    !function(f,b,e,v,n,t,s)\n    {if(f.fbq)return;n=f.fbq=function(){n.callMethod?\n    n.callMethod.apply(n,arguments):n.queue.push(arguments)};\n    if(!f._fbq)f._fbq=n;n.push=n;n.loaded=!0;n.version='2.0';\n    n.queue=[];t=b.createElement(e);t.async=!0;\n    t.src=v;s=b.getElementsByTagName(e)[0];\n    s.parentNode.insertBefore(t,s)}(window, document,'script',\n    'https:\/\/connect.facebook.net\/en_US\/fbevents.js');\n    fbq('init', '237927003583820');\n    fbq('track', 'PageView');\n  <\/script><script>\n    !function(f,b,e,v,n,t,s)\n    {if(f.fbq)return;n=f.fbq=function(){n.callMethod?\n    n.callMethod.apply(n,arguments):n.queue.push(arguments)};\n    if(!f._fbq)f._fbq=n;n.push=n;n.loaded=!0;n.version='2.0';\n    n.queue=[];t=b.createElement(e);t.async=!0;\n    t.src=v;s=b.getElementsByTagName(e)[0];\n    s.parentNode.insertBefore(t,s)}(window, document,'script',\n    'https:\/\/connect.facebook.net\/en_US\/fbevents.js');\n    fbq('init', '802372280934901');\n    fbq('track', 'PageView');\n    <\/script><br \/>\n<br \/><\/p>\n","protected":false},"excerpt":{"rendered":"<p>Con un mensaje de unidad y el rechazo a una crisis partidista, Morena lleva a cabo su VIII Congreso Nacional Extraordinario, en el que elegir\u00e1 a su s\u00e9ptimo dirigente nacional, y Ariadna Montiel, exsecretaria de Bienestar, llega con apoyo total para lograrlo.\u00a0 La consigna que tiene la exfuncionaria federal es la de sacar adelante los [&hellip;]<\/p>\n","protected":false},"author":2,"featured_media":4008,"comment_status":"","ping_status":"","sticky":false,"template":"","format":"standard","meta":{"footnotes":""},"categories":[2],"tags":[],"class_list":["post-4007","post","type-post","status-publish","format-standard","has-post-thumbnail","hentry","category-local"],"_links":{"self":[{"href":"https:\/\/conexion-mx.com\/index.php?rest_route=\/wp\/v2\/posts\/4007","targetHints":{"allow":["GET"]}}],"collection":[{"href":"https:\/\/conexion-mx.com\/index.php?rest_route=\/wp\/v2\/posts"}],"about":[{"href":"https:\/\/conexion-mx.com\/index.php?rest_route=\/wp\/v2\/types\/post"}],"author":[{"embeddable":true,"href":"https:\/\/conexion-mx.com\/index.php?rest_route=\/wp\/v2\/users\/2"}],"replies":[{"embeddable":true,"href":"https:\/\/conexion-mx.com\/index.php?rest_route=%2Fwp%2Fv2%2Fcomments&post=4007"}],"version-history":[{"count":0,"href":"https:\/\/conexion-mx.com\/index.php?rest_route=\/wp\/v2\/posts\/4007\/revisions"}],"wp:featuredmedia":[{"embeddable":true,"href":"https:\/\/conexion-mx.com\/index.php?rest_route=\/wp\/v2\/media\/4008"}],"wp:attachment":[{"href":"https:\/\/conexion-mx.com\/index.php?rest_route=%2Fwp%2Fv2%2Fmedia&parent=4007"}],"wp:term":[{"taxonomy":"category","embeddable":true,"href":"https:\/\/conexion-mx.com\/index.php?rest_route=%2Fwp%2Fv2%2Fcategories&post=4007"},{"taxonomy":"post_tag","embeddable":true,"href":"https:\/\/conexion-mx.com\/index.php?rest_route=%2Fwp%2Fv2%2Ftags&post=4007"}],"curies":[{"name":"wp","href":"https:\/\/api.w.org\/{rel}","templated":true}]}}