{"id":4013,"date":"2026-05-03T16:03:27","date_gmt":"2026-05-03T21:03:27","guid":{"rendered":"https:\/\/conexion-mx.com\/?p=4013"},"modified":"2026-05-03T16:03:27","modified_gmt":"2026-05-03T21:03:27","slug":"la-4t-no-accede-al-entreguismo-y-defiende-la-soberania-dice-sheinbaum-al-encabezar-el-plan-de-justicia-para-atenco","status":"publish","type":"post","link":"https:\/\/conexion-mx.com\/?p=4013","title":{"rendered":"La 4T no accede al entreguismo y defiende la soberan\u00eda, dice Sheinbaum al encabezar el Plan de Justicia para Atenco"},"content":{"rendered":"<p> <br \/>\n<\/p>\n<div>\n<p>Al encabezar el avance del Plan de Justicia para Atenco y la Monta\u00f1a, la presidenta Claudia Sheinbaum Pardo afirm\u00f3 que, a diferencia de los gobiernos neoliberales, la Cuarta Transformaci\u00f3n se opone al entreguismo al extranjero y en cambio defiende la soberan\u00eda nacional.<\/p>\n<p>\u201cLos que piensan que agachando la cabeza se sirve a la patria, est\u00e1n muy equivocados. Las mexicanas y los mexicanos siempre tendremos la frente en alto, como nos ense\u00f1aron los grandes luchadores sociales de nuestro pa\u00eds\u201d, enfatiz\u00f3.\u00a0<\/p>\n<aside class=\"htmlinline\"\/>\n<p>En su mensaje, la mandataria federal resalt\u00f3 que, pese a que los opositores quieren regresar a gobernar el pa\u00eds, estos se enfrentan al pueblo consciente que quiere que siga avanzando la Cuarta Transformaci\u00f3n. \u00a0<\/p>\n<p>\u201cVamos a seguir avanzando, vamos a seguir profundizando la democracia, la justicia. Hay algo hermoso en la historia de M\u00e9xico que nos hace sentir muy orgullosos de ser mexicanas y mexicanos\u201d, expres\u00f3.\u00a0<\/p>\n<p>A dos d\u00e9cadas de la represi\u00f3n contra los habitantes de Atenco por resistirse a la construcci\u00f3n del aeropuerto de Texcoco, la jefa del Ejecutivo afirm\u00f3 que en la actualidad ni los polic\u00edas ni la Guardia Nacional reprimen al pueblo.\u00a0<\/p>\n<p>\u201cEs importante mostrar la diferencia. Donde hubo despojo, hoy hay restituci\u00f3n de tierras. Donde hubo corrupci\u00f3n, hoy nos presentamos ante ustedes con honestidad. Donde hubo cerraz\u00f3n, hoy hay di\u00e1logo. Donde hubo gobiernos de la oligarqu\u00eda, hoy hay gobiernos del pueblo. Donde hubo represi\u00f3n, hoy hay di\u00e1logo, hoy hay reconocimiento. Hoy decimos con claridad: nunca m\u00e1s una polic\u00eda, un guardia nacional reprimir\u00e1 al pueblo de M\u00e9xico, nunca, nunca m\u00e1s. Donde se defend\u00edan los privilegios o cuando se defend\u00edan los privilegios, hoy hay atenci\u00f3n a los derechos\u201d, dijo.<\/p>\n<div class=\"image-align-center\">\n<figure class=\"image\"><img loading=\"lazy\" decoding=\"async\" alt=\"\" height=\"669\" src=\"https:\/\/heraldodemexico.com.mx\/u\/fotografias\/m\/2026\/5\/3\/f768x1-1279476_1279603_5050.png\" width=\"1200\"\/>&#13;<figcaption>Sheinbaum al encabezar el Plan de justicia para Atenco | Especial<\/figcaption>&#13;<br \/>\n<\/figure>\n<\/div>\n<p>En su momento, Mar\u00eda Luisa Albores Gonz\u00e1lez, directora general de Alimentaci\u00f3n para el Bienestar, anunci\u00f3 que este domingo 3 de mayo el gobierno federal devolver\u00e1 81 parcelas que corresponden a 54.5 hect\u00e1reas de tierras.\u00a0<\/p>\n<p>Como parte de los trabajos que incluyen el Plan de Justicia para Atenco y la Monta\u00f1a, la funcionaria federal sostuvo que se han instalado siete mesas de trabajo en las cuales se abordan y se atienden temas de agricultura, agua, medio ambiente, educaci\u00f3n, cultura y derechos humanos.\u00a0&#13;<br \/>\n&#13;\n<\/p>\n<p>Incluso, subray\u00f3 Albores Gonz\u00e1lez, las mesas de di\u00e1logo son encabezadas por secretar\u00edas, empresas y \u00f3rganos desconcentrados.\u00a0&#13;<br \/>\n&#13;\n<\/p>\n<p>\u201cCon estas acciones, el gobierno de M\u00e9xico reconoce la organizaci\u00f3n y la lucha por la defensa del territorio, de una regi\u00f3n que ha sufrido agresiones y despojo, y donde su poblaci\u00f3n no hab\u00eda sido considerada en la construcci\u00f3n de la pol\u00edtica p\u00fablica. Compa\u00f1eras y compa\u00f1eros, tengan la certeza de que desde el gobierno de M\u00e9xico, con la gu\u00eda de nuestra presidenta, seguiremos caminando juntas y juntos para lograr que los derechos y la justicia sean una realidad\u201d, enfatiz\u00f3.&#13;<br \/>\n&#13;<br \/>\n&#13;\n                                <\/p>\n<\/p><\/div>\n<p><script>\n    !function(f,b,e,v,n,t,s)\n    {if(f.fbq)return;n=f.fbq=function(){n.callMethod?\n    n.callMethod.apply(n,arguments):n.queue.push(arguments)};\n    if(!f._fbq)f._fbq=n;n.push=n;n.loaded=!0;n.version='2.0';\n    n.queue=[];t=b.createElement(e);t.async=!0;\n    t.src=v;s=b.getElementsByTagName(e)[0];\n    s.parentNode.insertBefore(t,s)}(window, document,'script',\n    'https:\/\/connect.facebook.net\/en_US\/fbevents.js');\n    fbq('init', '237927003583820');\n    fbq('track', 'PageView');\n  <\/script><script>\n    !function(f,b,e,v,n,t,s)\n    {if(f.fbq)return;n=f.fbq=function(){n.callMethod?\n    n.callMethod.apply(n,arguments):n.queue.push(arguments)};\n    if(!f._fbq)f._fbq=n;n.push=n;n.loaded=!0;n.version='2.0';\n    n.queue=[];t=b.createElement(e);t.async=!0;\n    t.src=v;s=b.getElementsByTagName(e)[0];\n    s.parentNode.insertBefore(t,s)}(window, document,'script',\n    'https:\/\/connect.facebook.net\/en_US\/fbevents.js');\n    fbq('init', '802372280934901');\n    fbq('track', 'PageView');\n    <\/script><br \/>\n<br \/><\/p>\n","protected":false},"excerpt":{"rendered":"<p>Al encabezar el avance del Plan de Justicia para Atenco y la Monta\u00f1a, la presidenta Claudia Sheinbaum Pardo afirm\u00f3 que, a diferencia de los gobiernos neoliberales, la Cuarta Transformaci\u00f3n se opone al entreguismo al extranjero y en cambio defiende la soberan\u00eda nacional. \u201cLos que piensan que agachando la cabeza se sirve a la patria, est\u00e1n [&hellip;]<\/p>\n","protected":false},"author":2,"featured_media":4014,"comment_status":"","ping_status":"","sticky":false,"template":"","format":"standard","meta":{"footnotes":""},"categories":[2],"tags":[],"class_list":["post-4013","post","type-post","status-publish","format-standard","has-post-thumbnail","hentry","category-local"],"_links":{"self":[{"href":"https:\/\/conexion-mx.com\/index.php?rest_route=\/wp\/v2\/posts\/4013","targetHints":{"allow":["GET"]}}],"collection":[{"href":"https:\/\/conexion-mx.com\/index.php?rest_route=\/wp\/v2\/posts"}],"about":[{"href":"https:\/\/conexion-mx.com\/index.php?rest_route=\/wp\/v2\/types\/post"}],"author":[{"embeddable":true,"href":"https:\/\/conexion-mx.com\/index.php?rest_route=\/wp\/v2\/users\/2"}],"replies":[{"embeddable":true,"href":"https:\/\/conexion-mx.com\/index.php?rest_route=%2Fwp%2Fv2%2Fcomments&post=4013"}],"version-history":[{"count":0,"href":"https:\/\/conexion-mx.com\/index.php?rest_route=\/wp\/v2\/posts\/4013\/revisions"}],"wp:featuredmedia":[{"embeddable":true,"href":"https:\/\/conexion-mx.com\/index.php?rest_route=\/wp\/v2\/media\/4014"}],"wp:attachment":[{"href":"https:\/\/conexion-mx.com\/index.php?rest_route=%2Fwp%2Fv2%2Fmedia&parent=4013"}],"wp:term":[{"taxonomy":"category","embeddable":true,"href":"https:\/\/conexion-mx.com\/index.php?rest_route=%2Fwp%2Fv2%2Fcategories&post=4013"},{"taxonomy":"post_tag","embeddable":true,"href":"https:\/\/conexion-mx.com\/index.php?rest_route=%2Fwp%2Fv2%2Ftags&post=4013"}],"curies":[{"name":"wp","href":"https:\/\/api.w.org\/{rel}","templated":true}]}}