{"id":4015,"date":"2026-05-04T00:13:34","date_gmt":"2026-05-04T05:13:34","guid":{"rendered":"https:\/\/conexion-mx.com\/?p=4015"},"modified":"2026-05-04T00:13:34","modified_gmt":"2026-05-04T05:13:34","slug":"clima-en-nogales-sonora-hoy-lunes-4-de-mayo-pronostico-del-tiempo-temperatura-maxima-calidad-del-aire-y-condiciones-meteorologicas-actualizadas","status":"publish","type":"post","link":"https:\/\/conexion-mx.com\/?p=4015","title":{"rendered":"Clima en Nogales, Sonora hoy lunes 4 de mayo: pron\u00f3stico del tiempo, temperatura m\u00e1xima, calidad del aire y condiciones meteorol\u00f3gicas actualizadas"},"content":{"rendered":"<p> <br \/>\n<\/p>\n<div>\n<p>Este lunes <strong>4<\/strong> de mayo, la ciudad de Nogales, Sonora, registrar\u00e1 una jornada con ambiente caluroso y cielos cubiertos. El term\u00f3metro indica actualmente <strong>26\u00b0C<\/strong>, marcando el inicio de un periodo estable y sin precipitaciones para esta importante zona fronteriza.<\/p>\n<h2>\u00bfCu\u00e1l ser\u00e1 la temperatura m\u00e1xima para hoy en Nogales?<\/h2>\n<p>Durante las pr\u00f3ximas horas, el calor se intensificar\u00e1 hasta alcanzar una m\u00e1xima de <strong>29\u00b0C<\/strong>, mientras que la m\u00ednima descender\u00e1 a <strong>23\u00b0C<\/strong> por la noche. La sensaci\u00f3n t\u00e9rmica se mantiene ligeramente m\u00e1s fresca, situ\u00e1ndose en <strong>25\u00b0C<\/strong> gracias a la nubosidad presente.<\/p>\n<p>El nivel de humedad relativa en el ambiente ser\u00e1 del <strong>38%<\/strong>, lo cual favorece un entorno relativamente seco. Estas m\u00e9tricas sugieren que el bochorno no ser\u00e1 extremo, permitiendo que las variaciones t\u00e9rmicas a lo largo del d\u00eda resulten tolerables para los habitantes.<\/p>\n<h2>Condiciones del cielo y probabilidad de lluvia<\/h2>\n<p>A pesar de la abundante presencia de nubes sobre el territorio sonorense, los modelos meteorol\u00f3gicos indican un <strong>0%<\/strong> de probabilidad de aguaceros. La falta de precipitaciones garantiza un panorama seco, ideal para quienes tienen planes en espacios abiertos.<\/p>\n<p>En cuanto a la din\u00e1mica atmosf\u00e9rica, se percibir\u00e1n brisas ligeras con una velocidad de <strong>3<\/strong> m\/s. Estas corrientes de aire ayudar\u00e1n a refrescar sutilmente el entorno urbano, evitando que el estancamiento t\u00e9rmico genere incomodidad entre los transe\u00fantes locales.<\/p>\n<div style=\"background:linear-gradient(135deg,#0c1929 0%,#1a365d 50%,#234e82 100%);border-radius:12px;font-family:-apple-system,BlinkMacSystemFont,'Segoe UI',Roboto,sans-serif;margin:1rem 0;overflow:hidden;box-shadow:0 4px 20px rgba(0,0,0,0.25);\">\n<div style=\"display:flex;align-items:stretch;\">\n<div style=\"flex:1;padding:16px 20px;border-right:1px solid rgba(255,255,255,0.1);\">\n<p>Clima hoy<\/p>\n<p>Nogales<\/p>\n<p>26<span style=\"font-size:1.5rem;color:rgba(255,255,255,0.7);\">\u00b0C<\/span><\/p>\n<p>nubes<\/p>\n<\/div>\n<\/div>\n<\/div>\n<h2>Pron\u00f3stico del tiempo para los pr\u00f3ximos d\u00edas<\/h2>\n<p><strong>05<\/strong> de mayo de <strong>2026<\/strong>: M\u00e1x <strong>28\u00b0C<\/strong>, M\u00edn <strong>20\u00b0C<\/strong>, nubes, viento <strong>4<\/strong> km\/h.<\/p>\n<p><strong>06<\/strong> de mayo de <strong>2026<\/strong>: M\u00e1x <strong>29\u00b0C<\/strong>, M\u00edn <strong>18\u00b0C<\/strong>, nubes, viento <strong>3<\/strong> km\/h.<\/p>\n<p><strong>07<\/strong> de mayo de <strong>2026<\/strong>: M\u00e1x <strong>33\u00b0C<\/strong>, M\u00edn <strong>18\u00b0C<\/strong>, cielo claro, viento <strong>2<\/strong> km\/h.<\/p>\n<p>La tendencia clim\u00e1tica hacia el final de la semana muestra un incremento sostenido en los valores t\u00e9rmicos, superando la barrera de los <strong>30\u00b0C<\/strong>. El despeje paulatino del firmamento traer\u00e1 consigo una mayor insolaci\u00f3n, por lo que el calor se sentir\u00e1 con mayor intensidad.<\/p>\n<h2>Medidas preventivas para cuidar la salud<\/h2>\n<p>Frente a este panorama c\u00e1lido, los especialistas de salud sugieren consumir al menos <strong>2<\/strong> litros de agua diarios. Adem\u00e1s, resulta fundamental aplicar protector solar de factor <strong>50<\/strong> y utilizar prendas holgadas para evitar posibles golpes de calor o deshidrataci\u00f3n severa.\n<\/p>\n<p>Se aconseja restringir las labores f\u00edsicas intensas en el horario de mayor radiaci\u00f3n, comprendido entre las <strong>11:00<\/strong> y las <strong>16:00<\/strong> horas. Buscar \u00e1reas sombreadas y tomar descansos peri\u00f3dicos ser\u00e1 clave para mantener el bienestar f\u00edsico durante esta jornada calurosa.\n<\/p>\n<h2>Impacto de las condiciones atmosf\u00e9ricas en la rutina<\/h2>\n<p>Las condiciones actuales resultan favorables para practicar deportes matutinos o caminatas antes de las <strong>10:00<\/strong> horas. Sin embargo, los eventos programados al mediod\u00eda deber\u00e1n contemplar la instalaci\u00f3n de toldos para proteger a los asistentes del incremento t\u00e9rmico.\n<\/p>\n<p>El flujo vehicular operar\u00e1 sin contratiempos vinculados al mal tiempo, ya que la visibilidad en calles y avenidas se mantiene al <strong>100%<\/strong>. Los conductores no enfrentar\u00e1n pavimentos resbaladizos, aunque se recomienda verificar el sistema de enfriamiento de los autom\u00f3viles.\n<\/p>\n<h2>Ropa adecuada y accesorios indispensables<\/h2>\n<p>Optar por textiles transpirables como el algod\u00f3n o lino ser\u00e1 la mejor decisi\u00f3n para enfrentar los <strong>29\u00b0C<\/strong> estipulados. Los tonos claros reflejan los rayos solares, ayudando a conservar una temperatura corporal \u00f3ptima mientras la poblaci\u00f3n se desplaza por la ciudad.\n<\/p>\n<p>Antes de salir de casa, resulta indispensable empacar unos lentes oscuros con protecci\u00f3n UV y una botella t\u00e9rmica con <strong>1<\/strong> litro de l\u00edquido fresco. Un sombrero de ala ancha tambi\u00e9n servir\u00e1 como barrera adicional contra la exposici\u00f3n directa a los elementos ambientales.\n<\/p>\n<h2>Calidad del aire y monitoreo oficial<\/h2>\n<p>El \u00cdndice de Calidad del Aire marca un nivel <strong>2<\/strong>, clasificado como aceptable y apto para la mayor\u00eda. Las part\u00edculas PM2.5 registran <strong>8.5<\/strong> \u00b5g\/m\u00b3, mientras que las PM10 alcanzan <strong>26.4<\/strong> \u00b5g\/m\u00b3, lo que permite respirar sin riesgos significativos en la v\u00eda p\u00fablica.\n<\/p>\n<p>Para recibir actualizaciones oportunas, es vital seguir las redes de Protecci\u00f3n Civil y los boletines emitidos cada <strong>12<\/strong> horas por el Servicio Meteorol\u00f3gico Nacional. Mantenerse informado mediante canales verificados previene contratiempos ante cualquier cambio repentino.<br \/>\n<\/p>\n<p><h3 style=\"margin-bottom:10px;font-family:Arial,sans-serif;\"\/>\n    <iframe src=\"https:\/\/openweathermap.org\/weathermap?basemap=map&amp;cities=true&amp;layer=temperature&amp;lat=23.6345&amp;lon=-102.5528&amp;zoom=5\" width=\"100%\" height=\"400\" style=\"border:none;border-radius:8px;\" loading=\"lazy\"><br \/>\n    <\/iframe>\n<\/p>\n<p style=\"font-size:12px;color:#666;margin-top:20px;\"><em>Este art\u00edculo ha sido generado con el apoyo de IA y revisado por un editor. Para m\u00e1s informaci\u00f3n, consulte nuestros t\u00e9rminos y condiciones.<\/em>&#13;<br \/>\n&#13;\n                                <\/p>\n<\/p><\/div>\n<p><script>\n    !function(f,b,e,v,n,t,s)\n    {if(f.fbq)return;n=f.fbq=function(){n.callMethod?\n    n.callMethod.apply(n,arguments):n.queue.push(arguments)};\n    if(!f._fbq)f._fbq=n;n.push=n;n.loaded=!0;n.version='2.0';\n    n.queue=[];t=b.createElement(e);t.async=!0;\n    t.src=v;s=b.getElementsByTagName(e)[0];\n    s.parentNode.insertBefore(t,s)}(window, document,'script',\n    'https:\/\/connect.facebook.net\/en_US\/fbevents.js');\n    fbq('init', '237927003583820');\n    fbq('track', 'PageView');\n  <\/script><script>\n    !function(f,b,e,v,n,t,s)\n    {if(f.fbq)return;n=f.fbq=function(){n.callMethod?\n    n.callMethod.apply(n,arguments):n.queue.push(arguments)};\n    if(!f._fbq)f._fbq=n;n.push=n;n.loaded=!0;n.version='2.0';\n    n.queue=[];t=b.createElement(e);t.async=!0;\n    t.src=v;s=b.getElementsByTagName(e)[0];\n    s.parentNode.insertBefore(t,s)}(window, document,'script',\n    'https:\/\/connect.facebook.net\/en_US\/fbevents.js');\n    fbq('init', '802372280934901');\n    fbq('track', 'PageView');\n    <\/script><br \/>\n<br \/><\/p>\n","protected":false},"excerpt":{"rendered":"<p>Este lunes 4 de mayo, la ciudad de Nogales, Sonora, registrar\u00e1 una jornada con ambiente caluroso y cielos cubiertos. El term\u00f3metro indica actualmente 26\u00b0C, marcando el inicio de un periodo estable y sin precipitaciones para esta importante zona fronteriza. \u00bfCu\u00e1l ser\u00e1 la temperatura m\u00e1xima para hoy en Nogales? Durante las pr\u00f3ximas horas, el calor se [&hellip;]<\/p>\n","protected":false},"author":2,"featured_media":4016,"comment_status":"","ping_status":"","sticky":false,"template":"","format":"standard","meta":{"footnotes":""},"categories":[2],"tags":[],"class_list":["post-4015","post","type-post","status-publish","format-standard","has-post-thumbnail","hentry","category-local"],"_links":{"self":[{"href":"https:\/\/conexion-mx.com\/index.php?rest_route=\/wp\/v2\/posts\/4015","targetHints":{"allow":["GET"]}}],"collection":[{"href":"https:\/\/conexion-mx.com\/index.php?rest_route=\/wp\/v2\/posts"}],"about":[{"href":"https:\/\/conexion-mx.com\/index.php?rest_route=\/wp\/v2\/types\/post"}],"author":[{"embeddable":true,"href":"https:\/\/conexion-mx.com\/index.php?rest_route=\/wp\/v2\/users\/2"}],"replies":[{"embeddable":true,"href":"https:\/\/conexion-mx.com\/index.php?rest_route=%2Fwp%2Fv2%2Fcomments&post=4015"}],"version-history":[{"count":0,"href":"https:\/\/conexion-mx.com\/index.php?rest_route=\/wp\/v2\/posts\/4015\/revisions"}],"wp:featuredmedia":[{"embeddable":true,"href":"https:\/\/conexion-mx.com\/index.php?rest_route=\/wp\/v2\/media\/4016"}],"wp:attachment":[{"href":"https:\/\/conexion-mx.com\/index.php?rest_route=%2Fwp%2Fv2%2Fmedia&parent=4015"}],"wp:term":[{"taxonomy":"category","embeddable":true,"href":"https:\/\/conexion-mx.com\/index.php?rest_route=%2Fwp%2Fv2%2Fcategories&post=4015"},{"taxonomy":"post_tag","embeddable":true,"href":"https:\/\/conexion-mx.com\/index.php?rest_route=%2Fwp%2Fv2%2Ftags&post=4015"}],"curies":[{"name":"wp","href":"https:\/\/api.w.org\/{rel}","templated":true}]}}