{"id":4021,"date":"2026-05-04T16:30:40","date_gmt":"2026-05-04T21:30:40","guid":{"rendered":"https:\/\/conexion-mx.com\/?p=4021"},"modified":"2026-05-04T16:30:40","modified_gmt":"2026-05-04T21:30:40","slug":"ola-de-calor-en-nayarit-como-impactara-el-frente-frio-48-este-martes-5-de-mayo","status":"publish","type":"post","link":"https:\/\/conexion-mx.com\/?p=4021","title":{"rendered":"Ola de calor en Nayarit: \u00bfc\u00f3mo impactar\u00e1 el frente fr\u00edo 48 este martes 5 de mayo?"},"content":{"rendered":"<p> <br \/>\n<\/p>\n<div itemprop=\"articleBody\">\n<div class=\"txt_contenido\">\n<p>El <strong>frente fr\u00edo n\u00famero 48 <\/strong>de la temporada\u00a0se mantendr\u00e1 en el pa\u00eds para este martes 5 de mayo; sin embargo, para <strong>Nayarit <\/strong>esto no significar\u00e1 presencia de <strong>lluvias <\/strong>o de <strong>corrientes fr\u00edas<\/strong>, as\u00ed lo dio a conocer la <strong>Comisi\u00f3n Nacional del Agua (Conagua)\u00a0<\/strong>en su Pron\u00f3stico Extendido a 96 horas. Lo que s\u00ed incidir\u00e1 en la entidad es una <strong>circulaci\u00f3n anticicl\u00f3nica<\/strong>, la cual ocasionar\u00e1 un clima seco.\u00a0<\/p>\n<p>De acuerdo con el <strong>Servicio Meteorol\u00f3gico Nacional<\/strong>, las zonas sur y norte del estado se mantendr\u00e1n con una <strong>ola de calor<\/strong>, tal y como lo han hecho durante las \u00faltimas semanas. Se prev\u00e9 que haya temperaturas m\u00e1ximas de entre 35 a 40 grados cent\u00edgrados. Los municipios que se ver\u00e1n en estas condiciones son los siguientes:\u00a0<\/p>\n<aside class=\"htmlinline\"\/>\n<ul>&#13;<\/p>\n<li>Acaponeta.<\/li>\n<p>&#13;<\/p>\n<li>Tecuala.<\/li>\n<p>&#13;<\/p>\n<li>Rosamorada.<\/li>\n<p>&#13;<\/p>\n<li>Santiago Ixcuintla.<\/li>\n<p>&#13;<\/p>\n<li>Tuxpan.<\/li>\n<p>&#13;<\/p>\n<li>Ruiz.<\/li>\n<p>&#13;<\/p>\n<li>San Blas.<\/li>\n<p>&#13;<\/p>\n<li>Bah\u00eda de Banderas.<\/li>\n<p>&#13;<\/p>\n<li>Compostela.<\/li>\n<p>&#13;<\/p>\n<li>Xalisco.<\/li>\n<p>&#13;<\/p>\n<li>Tepic.<\/li>\n<p>&#13;<\/p>\n<li>San Pedro Lagunillas.<\/li>\n<p>&#13;<\/p>\n<li>Ahuacatl\u00e1n.<\/li>\n<p>&#13;<\/p>\n<li>Jala.<\/li>\n<p>&#13;<\/p>\n<li>Ixtl\u00e1n del R\u00edo.<\/li>\n<p>&#13;<\/p>\n<li>Amatl\u00e1n de Ca\u00f1as.<\/li>\n<p>&#13;<\/p>\n<li>La Yesca.<\/li>\n<p>&#13;\n<\/ul>\n<figure class=\"image\"><img loading=\"lazy\" decoding=\"async\" alt=\"\" height=\"544\" src=\"https:\/\/heraldodemexico.com.mx\/u\/fotografias\/m\/2026\/5\/4\/f768x1-1279797_1279924_5050.png\" width=\"768\"\/>&#13;<figcaption>El calor seguir\u00e1 siendo uno de los factores a tomarse en cuenta para este inicio de la semana. FOTO: Magnific<\/figcaption>&#13;<br \/>\n<\/figure>\n<h3>Cu\u00e1l ser\u00e1 el clima para este 5 de mayo en Acaponeta<\/h3>\n<ul>&#13;<\/p>\n<li>Durante el d\u00eda la temperatura oscilar\u00e1 entre los 19 y los 37 grados cent\u00edgrados.<\/li>\n<p>&#13;<\/p>\n<li>Cielo mayormente soleado sin presencia de precipitaciones.<\/li>\n<p>&#13;\n<\/ul>\n<h3>Qu\u00e9 tanto calor har\u00e1 este martes 5 de mayo en Bucer\u00edas<\/h3>\n<ul>&#13;<\/p>\n<li>Durante el d\u00eda la temperatura oscilar\u00e1 entre los 21 y los 32 grados cent\u00edgrados.<\/li>\n<p>&#13;<\/p>\n<li>Presencia de bruma y nubosidad parcial durante la jornada.<\/li>\n<p>&#13;\n<\/ul>\n<h3>Cu\u00e1l ser\u00e1 la temperatura este martes 5 de mayo Compostela<\/h3>\n<ul>&#13;<\/p>\n<li>Durante el d\u00eda la temperatura oscilar\u00e1 entre los 16 y los 32 grados cent\u00edgrados.<\/li>\n<p>&#13;<\/p>\n<li>Condiciones de cielo despejado con ambiente caluroso.<\/li>\n<p>&#13;\n<\/ul>\n<h3>Cu\u00e1l ser\u00e1 el clima para este 5 de mayo en Huajicori<\/h3>\n<ul>&#13;<\/p>\n<li>Durante el d\u00eda la temperatura oscilar\u00e1 entre los 19 y los 38 grados cent\u00edgrados.<\/li>\n<p>&#13;<\/p>\n<li>Sol intenso con escasa nubosidad.<\/li>\n<p>&#13;\n<\/ul>\n<h3>\u00bfVa a llover este martes 5 de mayo en Ixtl\u00e1n del R\u00edo?<\/h3>\n<ul>&#13;<\/p>\n<li>Durante el d\u00eda la temperatura oscilar\u00e1 entre los 18 y los 35 grados cent\u00edgrados.<\/li>\n<p>&#13;<\/p>\n<li>Cielo despejado con alta incidencia solar.<\/li>\n<p>&#13;\n<\/ul>\n<h3>Qu\u00e9 tanto calor har\u00e1 este martes 5 de mayo en\u00a0Jala<\/h3>\n<ul>&#13;<\/p>\n<li>Durante el d\u00eda la temperatura oscilar\u00e1 entre los 17 y los 34 grados cent\u00edgrados.<\/li>\n<p>&#13;<\/p>\n<li>Ambiente seco con cielo totalmente despejado.<\/li>\n<p>&#13;\n<\/ul>\n<figure class=\"image\"><img loading=\"lazy\" decoding=\"async\" alt=\"\" height=\"435\" src=\"https:\/\/heraldodemexico.com.mx\/u\/fotografias\/m\/2026\/5\/4\/f768x1-1279800_1279927_2026.jpeg\" width=\"768\"\/>&#13;<figcaption>Se prev\u00e9n temperaturas elevadas para este inicio de semana. FOTO: archivo.<\/figcaption>&#13;<br \/>\n<\/figure>\n<h3>Cu\u00e1l ser\u00e1 la temperatura este martes 5 de mayo Jes\u00fas Mar\u00eda<\/h3>\n<ul>&#13;<\/p>\n<li>Durante el d\u00eda la temperatura oscilar\u00e1 entre los 19 y los 40 grados cent\u00edgrados.<\/li>\n<p>&#13;<\/p>\n<li>Se registrar\u00e1 como el punto con el calor m\u00e1s extremo de la entidad bajo un cielo despejado.<\/li>\n<p>&#13;\n<\/ul>\n<h3>Cu\u00e1l ser\u00e1 el clima para este 5 de mayo en Las Varas<\/h3>\n<ul>&#13;<\/p>\n<li>Durante el d\u00eda la temperatura oscilar\u00e1 entre los 18 y los 33 grados cent\u00edgrados.<\/li>\n<p>&#13;<\/p>\n<li>Cielo mayormente despejado.<\/li>\n<p>&#13;\n<\/ul>\n<h3>Cu\u00e1l ser\u00e1 la temperatura este martes 5 de mayo Ruiz<\/h3>\n<ul>&#13;<\/p>\n<li>Durante el d\u00eda la temperatura oscilar\u00e1 entre los 19 y los 38 grados cent\u00edgrados.<\/li>\n<p>&#13;<\/p>\n<li>Condiciones de sol pleno la mayor parte del d\u00eda.<\/li>\n<p>&#13;\n<\/ul>\n<h3>\u00bfVa a llover este martes 5 de mayo en San Blas?<\/h3>\n<ul>&#13;<\/p>\n<li>Durante el d\u00eda la temperatura oscilar\u00e1 entre los 21 y los 32 grados cent\u00edgrados.<\/li>\n<p>&#13;<\/p>\n<li>Cielo con intervalos nubosos y alta sensaci\u00f3n t\u00e9rmica por humedad.<\/li>\n<p>&#13;\n<\/ul>\n<h3>Qu\u00e9 tanto calor har\u00e1 este martes 5 de mayo en\u00a0Santa Teresa<\/h3>\n<ul>&#13;<\/p>\n<li>Durante el d\u00eda la temperatura oscilar\u00e1 entre los 12 y los 25 grados cent\u00edgrados.<\/li>\n<p>&#13;<\/p>\n<li>Se mantendr\u00e1 como la zona con la temperatura m\u00ednima m\u00e1s baja; cielo despejado.<\/li>\n<p>&#13;\n<\/ul>\n<figure class=\"image\"><img loading=\"lazy\" decoding=\"async\" alt=\"\" height=\"435\" src=\"https:\/\/heraldodemexico.com.mx\/u\/fotografias\/m\/2026\/4\/28\/f768x1-1277474_1277601_5050.jpg\" width=\"768\"\/>&#13;<figcaption>Las autoridades auguran un d\u00eda caluroso para la poblaci\u00f3n. FOTO: archivo.<\/figcaption>&#13;<br \/>\n<\/figure>\n<h3>Cu\u00e1l ser\u00e1 el clima para este 5 de mayo en Santiago Ixcuintla<\/h3>\n<ul>&#13;<\/p>\n<li>Durante el d\u00eda la temperatura oscilar\u00e1 entre los 20 y los 37 grados cent\u00edgrados.<\/li>\n<p>&#13;<\/p>\n<li>Ambiente caluroso con cielo despejado.<\/li>\n<p>&#13;\n<\/ul>\n<h3>Cu\u00e1l ser\u00e1 la temperatura este martes 5 de mayo Tecuala<\/h3>\n<ul>&#13;<\/p>\n<li>Durante el d\u00eda la temperatura oscilar\u00e1 entre los 19 y los 36 grados cent\u00edgrados.<\/li>\n<p>&#13;<\/p>\n<li>Cielo despejado con fuerte radiaci\u00f3n solar.<\/li>\n<p>&#13;\n<\/ul>\n<h3>Qu\u00e9 tanto calor har\u00e1 este martes 5 de mayo en Tepic<\/h3>\n<ul>&#13;<\/p>\n<li>Durante el d\u00eda la temperatura oscilar\u00e1 entre los 16 y los 33 grados cent\u00edgrados.<\/li>\n<p>&#13;<\/p>\n<li>Viento con rachas moderadas y cielo mayormente despejado.<\/li>\n<p>&#13;\n<\/ul>\n<h3>\u00bfVa a llover este martes 5 de mayo en Tuxpan?<\/h3>\n<ul>&#13;<\/p>\n<li>Durante el d\u00eda la temperatura oscilar\u00e1 entre los 20 y los 37 grados cent\u00edgrados.<\/li>\n<p>&#13;<\/p>\n<li>Condiciones de sol intenso sin riesgo de lluvia.<\/li>\n<p>&#13;\n<\/ul>\n<h3>Cu\u00e1l ser\u00e1 el clima para este 5 de mayo en Xalisco<\/h3>\n<ul>&#13;<\/p>\n<li>Durante el d\u00eda la temperatura oscilar\u00e1 entre los 15 y los 32 grados cent\u00edgrados.<\/li>\n<p>&#13;<\/p>\n<li>Ambiente caluroso con cielo despejado.<\/li>\n<p>&#13;\n<\/ul>\n<\/p><\/div>\n<\/p><\/div>\n<p><script>\n    !function(f,b,e,v,n,t,s)\n    {if(f.fbq)return;n=f.fbq=function(){n.callMethod?\n    n.callMethod.apply(n,arguments):n.queue.push(arguments)};\n    if(!f._fbq)f._fbq=n;n.push=n;n.loaded=!0;n.version='2.0';\n    n.queue=[];t=b.createElement(e);t.async=!0;\n    t.src=v;s=b.getElementsByTagName(e)[0];\n    s.parentNode.insertBefore(t,s)}(window, document,'script',\n    'https:\/\/connect.facebook.net\/en_US\/fbevents.js');\n    fbq('init', '237927003583820');\n    fbq('track', 'PageView');\n  <\/script><script>\n    !function(f,b,e,v,n,t,s)\n    {if(f.fbq)return;n=f.fbq=function(){n.callMethod?\n    n.callMethod.apply(n,arguments):n.queue.push(arguments)};\n    if(!f._fbq)f._fbq=n;n.push=n;n.loaded=!0;n.version='2.0';\n    n.queue=[];t=b.createElement(e);t.async=!0;\n    t.src=v;s=b.getElementsByTagName(e)[0];\n    s.parentNode.insertBefore(t,s)}(window, document,'script',\n    'https:\/\/connect.facebook.net\/en_US\/fbevents.js');\n    fbq('init', '802372280934901');\n    fbq('track', 'PageView');\n    <\/script><br \/>\n<br \/><\/p>\n","protected":false},"excerpt":{"rendered":"<p>El frente fr\u00edo n\u00famero 48 de la temporada\u00a0se mantendr\u00e1 en el pa\u00eds para este martes 5 de mayo; sin embargo, para Nayarit esto no significar\u00e1 presencia de lluvias o de corrientes fr\u00edas, as\u00ed lo dio a conocer la Comisi\u00f3n Nacional del Agua (Conagua)\u00a0en su Pron\u00f3stico Extendido a 96 horas. Lo que s\u00ed incidir\u00e1 en la [&hellip;]<\/p>\n","protected":false},"author":2,"featured_media":4022,"comment_status":"","ping_status":"","sticky":false,"template":"","format":"standard","meta":{"footnotes":""},"categories":[2],"tags":[],"class_list":["post-4021","post","type-post","status-publish","format-standard","has-post-thumbnail","hentry","category-local"],"_links":{"self":[{"href":"https:\/\/conexion-mx.com\/index.php?rest_route=\/wp\/v2\/posts\/4021","targetHints":{"allow":["GET"]}}],"collection":[{"href":"https:\/\/conexion-mx.com\/index.php?rest_route=\/wp\/v2\/posts"}],"about":[{"href":"https:\/\/conexion-mx.com\/index.php?rest_route=\/wp\/v2\/types\/post"}],"author":[{"embeddable":true,"href":"https:\/\/conexion-mx.com\/index.php?rest_route=\/wp\/v2\/users\/2"}],"replies":[{"embeddable":true,"href":"https:\/\/conexion-mx.com\/index.php?rest_route=%2Fwp%2Fv2%2Fcomments&post=4021"}],"version-history":[{"count":0,"href":"https:\/\/conexion-mx.com\/index.php?rest_route=\/wp\/v2\/posts\/4021\/revisions"}],"wp:featuredmedia":[{"embeddable":true,"href":"https:\/\/conexion-mx.com\/index.php?rest_route=\/wp\/v2\/media\/4022"}],"wp:attachment":[{"href":"https:\/\/conexion-mx.com\/index.php?rest_route=%2Fwp%2Fv2%2Fmedia&parent=4021"}],"wp:term":[{"taxonomy":"category","embeddable":true,"href":"https:\/\/conexion-mx.com\/index.php?rest_route=%2Fwp%2Fv2%2Fcategories&post=4021"},{"taxonomy":"post_tag","embeddable":true,"href":"https:\/\/conexion-mx.com\/index.php?rest_route=%2Fwp%2Fv2%2Ftags&post=4021"}],"curies":[{"name":"wp","href":"https:\/\/api.w.org\/{rel}","templated":true}]}}