{"id":4023,"date":"2026-05-05T01:10:39","date_gmt":"2026-05-05T06:10:39","guid":{"rendered":"https:\/\/conexion-mx.com\/?p=4023"},"modified":"2026-05-05T01:10:39","modified_gmt":"2026-05-05T06:10:39","slug":"activan-busqueda-de-dos-mujeres-extranjeras-desaparecidas-en-tapachula-chiapas-una-de-ellas-es-menor-de-edad","status":"publish","type":"post","link":"https:\/\/conexion-mx.com\/?p=4023","title":{"rendered":"Activan b\u00fasqueda de dos mujeres extranjeras desaparecidas en Tapachula, Chiapas; una de ellas es menor de edad"},"content":{"rendered":"<p> <br \/>\n<\/p>\n<div>\n<p>Autoridades de <strong>Chiapas<\/strong> activaron <strong>protocolos<\/strong> y <strong>boletines de b\u00fasqueda<\/strong> para localizar a<strong> dos mujeres de nacionalidad extranjera<\/strong> desaparecidas en el municipio de <strong>Tapachula<\/strong>, entre ellas una<strong> menor de edad de origen haitiano<\/strong>.<\/p>\n<p>El primer caso corresponde a<strong> Roselanda Jean N<\/strong>., una <strong>ni\u00f1a haitiana de 12 a\u00f1os<\/strong>, cuyo paradero se desconoce desde el pasado <strong>19 de abril de 2026<\/strong>, de acuerdo con informaci\u00f3n emitida por la <strong>Fiscal\u00eda General del Estado de Chiapas<\/strong>.<\/p>\n<aside class=\"htmlinline\"\/>\n<p>Seg\u00fan el reporte oficial, la menor fue vista por \u00faltima vez alrededor de las <strong>14:56 horas <\/strong>en la colonia <strong>Centro de Tapachula<\/strong>. Desde entonces, familiares no han tenido contacto con ella, por lo que la<strong> Fiscal\u00eda Contra la Desaparici\u00f3n Forzada de Personas<\/strong> y la <strong>Cometida por Particulares <\/strong>activ\u00f3 los <strong>protocolos de b\u00fasqueda<\/strong>.<\/p>\n<div class=\"image-align-center\">\n<figure class=\"image\"><img loading=\"lazy\" decoding=\"async\" alt=\"\" height=\"870\" src=\"https:\/\/heraldodemexico.com.mx\/u\/fotografias\/m\/2026\/5\/4\/f768x1-1279990_1280117_5050.jpeg\" width=\"680\"\/>&#13;<figcaption>Roselanda Jean N. es una ni\u00f1a haitiana de 12 a\u00f1os. Foto: Fiscal\u00eda General del estado de Chiapas<\/figcaption>&#13;<br \/>\n<\/figure>\n<\/div>\n<h2>Vest\u00eda un <strong>vestido azul <\/strong>con rayas horizontales blancas<\/h2>\n<p>La ficha difundida por las autoridades se\u00f1ala que <strong>Roselanda <\/strong>es de <strong>tez morena oscura<\/strong>, complexi\u00f3n robusta y mide aproximadamente <strong>1.60 metros<\/strong>. Tiene cabello negro y corto, ojos peque\u00f1os de color negro, boca peque\u00f1a y nariz chata. Al momento de su desaparici\u00f3n vest\u00eda un <strong>vestido azul <\/strong>con rayas horizontales blancas y sandalias color crema.<\/p>\n<p>Las autoridades precisaron que la menor <strong>no cuenta con se\u00f1as particulares<\/strong> visibles, situaci\u00f3n que complica su identificaci\u00f3n y localizaci\u00f3n. La denunciante, quien ser\u00eda su madre, indic\u00f3 desconocer totalmente su paradero desde el d\u00eda en que desapareci\u00f3.<\/p>\n<div class=\"image-align-center\">\n<figure class=\"image\"><img loading=\"lazy\" decoding=\"async\" alt=\"\" height=\"907\" src=\"https:\/\/heraldodemexico.com.mx\/u\/fotografias\/m\/2026\/5\/4\/f768x1-1279991_1280118_5050.jpeg\" width=\"680\"\/>&#13;<figcaption>Tiene cabello negro y corto, ojos peque\u00f1os de color negro, boca peque\u00f1a y nariz chata. Foto: Especial<\/figcaption>&#13;<br \/>\n<\/figure>\n<\/div>\n<h2>Fue vista por \u00faltima vez al salir de su <strong>domicilio<\/strong><\/h2>\n<p>En un segundo caso, la <strong>Comisi\u00f3n Estatal de B\u00fasqueda de Personas<\/strong> emiti\u00f3 un bolet\u00edn para localizar a <strong>Yarissel D\u00edaz Arcia<\/strong>, de <strong>19 a\u00f1os de edad<\/strong>, reportada como desaparecida desde la madrugada del <strong>30 de abril de 2026<\/strong> tambi\u00e9n en Tapachula.<\/p>\n<p>De acuerdo con el reporte oficial, la joven fue vista por \u00faltima vez alrededor de las <strong>02:00 horas<\/strong>, luego de salir de su domicilio ubicado en la <strong>colonia Veracruz <\/strong>de esta ciudad fronteriza. Desde entonces, sus familiares no han vuelto a tener comunicaci\u00f3n con ella.<\/p>\n<div class=\"image-align-center\">\n<figure class=\"image\"><img loading=\"lazy\" decoding=\"async\" alt=\"\" height=\"880\" src=\"https:\/\/heraldodemexico.com.mx\/u\/fotografias\/m\/2026\/5\/4\/f768x1-1279992_1280119_5050.jpeg\" width=\"680\"\/>&#13;<figcaption>Yarissel D\u00edaz Arcia desapareci\u00f3 la madrugada del 30 de abril. Foto: Comisi\u00f3n Estatal de B\u00fasqueda de Personas<\/figcaption>&#13;<br \/>\n<\/figure>\n<\/div>\n<h2>Presenta perforaciones en la <strong>nariz y<\/strong> diversos <strong>tatuajes<\/strong><\/h2>\n<p>Las autoridades detallaron que <strong>Yarisse<\/strong>l es de tez blanca, complexi\u00f3n mediana y mide aproximadamente <strong>1.70 metros<\/strong>. Tiene cabello casta\u00f1o claro, abundante y ondulado; ojos caf\u00e9 claro, rostro alargado, labios gruesos y nariz recta.&#13;<br \/>\n&#13;\n<\/p>\n<p>Como se\u00f1as particulares, presenta <strong>perforaciones en la nariz<\/strong> y diversos tatuajes, entre ellos figuras de flores en la mano izquierda y en ambos pies, caracter\u00edsticas que podr\u00edan facilitar su identificaci\u00f3n.&#13;<br \/>\n&#13;\n<\/p>\n<div class=\"image-align-center\">\n<figure class=\"image\"><img loading=\"lazy\" decoding=\"async\" alt=\"\" height=\"1021\" src=\"https:\/\/heraldodemexico.com.mx\/u\/fotografias\/m\/2026\/5\/4\/f768x1-1279993_1280120_5050.jpeg\" width=\"680\"\/>&#13;<figcaption>Yarissel es de tez blanca, complexi\u00f3n mediana y mide aproximadamente 1.70 metros. Foto: Especial<\/figcaption>&#13;<br \/>\n<\/figure>\n<\/div>\n<h2><strong>Fiscal\u00eda<\/strong> llama a colaborar<\/h2>\n<p>Ante ello, la <strong>Fiscal\u00eda<\/strong> hizo un llamado urgente a la ciudadan\u00eda para colaborar con cualquier informaci\u00f3n que pueda ayudar a ubicarlas, mediante l\u00edneas telef\u00f3nicas, <strong>WhatsApp <\/strong>y correo electr\u00f3nico institucional. La <strong>Comisi\u00f3n Estatal de B\u00fasqueda<\/strong> puso a disposici\u00f3n los <strong>n\u00fameros telef\u00f3nicos 961 238 0198<\/strong> y <strong>961 688 8668<\/strong>, adem\u00e1s de sus canales oficiales, donde se garantiza la confidencialidad de la informaci\u00f3n proporcionada.&#13;<br \/>\n&#13;\n<\/p>\n<p>Ambos casos han generado inquietud en<strong> Tapachula<\/strong>, una ciudad marcada por la alta <strong>movilidad migratoria <\/strong>y considerada uno de los principales puntos de ingreso de personas extranjeras al pa\u00eds. Colectivos y vecinos han solicitado a las autoridades reforzar los operativos y mantener activas las acciones de localizaci\u00f3n hasta dar con el paradero de las desaparecidas.&#13;<br \/>\n&#13;<br \/>\n&#13;\n                                <\/p>\n<\/p><\/div>\n<p><script>\n    !function(f,b,e,v,n,t,s)\n    {if(f.fbq)return;n=f.fbq=function(){n.callMethod?\n    n.callMethod.apply(n,arguments):n.queue.push(arguments)};\n    if(!f._fbq)f._fbq=n;n.push=n;n.loaded=!0;n.version='2.0';\n    n.queue=[];t=b.createElement(e);t.async=!0;\n    t.src=v;s=b.getElementsByTagName(e)[0];\n    s.parentNode.insertBefore(t,s)}(window, document,'script',\n    'https:\/\/connect.facebook.net\/en_US\/fbevents.js');\n    fbq('init', '237927003583820');\n    fbq('track', 'PageView');\n  <\/script><script>\n    !function(f,b,e,v,n,t,s)\n    {if(f.fbq)return;n=f.fbq=function(){n.callMethod?\n    n.callMethod.apply(n,arguments):n.queue.push(arguments)};\n    if(!f._fbq)f._fbq=n;n.push=n;n.loaded=!0;n.version='2.0';\n    n.queue=[];t=b.createElement(e);t.async=!0;\n    t.src=v;s=b.getElementsByTagName(e)[0];\n    s.parentNode.insertBefore(t,s)}(window, document,'script',\n    'https:\/\/connect.facebook.net\/en_US\/fbevents.js');\n    fbq('init', '802372280934901');\n    fbq('track', 'PageView');\n    <\/script><br \/>\n<br \/><\/p>\n","protected":false},"excerpt":{"rendered":"<p>Autoridades de Chiapas activaron protocolos y boletines de b\u00fasqueda para localizar a dos mujeres de nacionalidad extranjera desaparecidas en el municipio de Tapachula, entre ellas una menor de edad de origen haitiano. El primer caso corresponde a Roselanda Jean N., una ni\u00f1a haitiana de 12 a\u00f1os, cuyo paradero se desconoce desde el pasado 19 de [&hellip;]<\/p>\n","protected":false},"author":2,"featured_media":4024,"comment_status":"","ping_status":"","sticky":false,"template":"","format":"standard","meta":{"footnotes":""},"categories":[2],"tags":[],"class_list":["post-4023","post","type-post","status-publish","format-standard","has-post-thumbnail","hentry","category-local"],"_links":{"self":[{"href":"https:\/\/conexion-mx.com\/index.php?rest_route=\/wp\/v2\/posts\/4023","targetHints":{"allow":["GET"]}}],"collection":[{"href":"https:\/\/conexion-mx.com\/index.php?rest_route=\/wp\/v2\/posts"}],"about":[{"href":"https:\/\/conexion-mx.com\/index.php?rest_route=\/wp\/v2\/types\/post"}],"author":[{"embeddable":true,"href":"https:\/\/conexion-mx.com\/index.php?rest_route=\/wp\/v2\/users\/2"}],"replies":[{"embeddable":true,"href":"https:\/\/conexion-mx.com\/index.php?rest_route=%2Fwp%2Fv2%2Fcomments&post=4023"}],"version-history":[{"count":0,"href":"https:\/\/conexion-mx.com\/index.php?rest_route=\/wp\/v2\/posts\/4023\/revisions"}],"wp:featuredmedia":[{"embeddable":true,"href":"https:\/\/conexion-mx.com\/index.php?rest_route=\/wp\/v2\/media\/4024"}],"wp:attachment":[{"href":"https:\/\/conexion-mx.com\/index.php?rest_route=%2Fwp%2Fv2%2Fmedia&parent=4023"}],"wp:term":[{"taxonomy":"category","embeddable":true,"href":"https:\/\/conexion-mx.com\/index.php?rest_route=%2Fwp%2Fv2%2Fcategories&post=4023"},{"taxonomy":"post_tag","embeddable":true,"href":"https:\/\/conexion-mx.com\/index.php?rest_route=%2Fwp%2Fv2%2Ftags&post=4023"}],"curies":[{"name":"wp","href":"https:\/\/api.w.org\/{rel}","templated":true}]}}