{"id":4031,"date":"2026-05-05T09:12:17","date_gmt":"2026-05-05T14:12:17","guid":{"rendered":"https:\/\/conexion-mx.com\/?p=4031"},"modified":"2026-05-05T09:12:17","modified_gmt":"2026-05-05T14:12:17","slug":"antes-de-ella-eramos-felices-filtran-el-supuesto-motivo-por-el-que-la-suegra-de-carolina-flores-le-habria-disparado","status":"publish","type":"post","link":"https:\/\/conexion-mx.com\/?p=4031","title":{"rendered":"\u201dAntes de ella \u00e9ramos felices\u201d: filtran el supuesto motivo por el que la suegra de Carolina Flores le habr\u00eda disparado"},"content":{"rendered":"<p> <br \/>\n<\/p>\n<div>\n<p>El <strong>feminicidio de Carolina Flores G\u00f3mez<\/strong>, exreina de belleza de 27 a\u00f1os, sigue revelando nueva informaci\u00f3n\u00a0conforme avanzan las investigaciones y se filtran supuestos testimonios sobre lo ocurrido. A m\u00e1s de dos semanas del crimen registrado en un departamento de <strong>Polanco<\/strong>, en la Ciudad de M\u00e9xico, ha comenzado a circular una supuesta carta\u00a0que revela el\u00a0posible motivo detr\u00e1s del ataque.<\/p>\n<p>De acuerdo con reportes del caso, el <strong>asesinato<\/strong> ocurri\u00f3 el 15 de abril de 2026, cuando la joven se encontraba en su vivienda junto a su pareja y su beb\u00e9. En ese lugar tambi\u00e9n estaba su <strong>suegra<\/strong>, identificada como <strong>Erika Mar\u00eda<\/strong>, quien es se\u00f1alada como la principal sospechosa. C\u00e1maras de seguridad captaron momentos previos al ataque, en los que se observa una discusi\u00f3n entre ambas mujeres antes de que se escucharan <strong>detonaciones de arma de fuego<\/strong>.<\/p>\n<aside class=\"htmlinline\"\/>\n<p>Ahora, tras la detenci\u00f3n de la sospechosa en Venezuela, comenz\u00f3 a difundirse una supuesta carta atribuida a la suegra, en la que se sugiere un posible trasfondo emocional del crimen. El documento, que no ha sido confirmado oficialmente por autoridades, apunta a que Erika Mar\u00eda no tendr\u00eda una buena relaci\u00f3n con la exreina de belleza .<\/p>\n<blockquote><p>&#13;<\/p>\n<p>\u201cSent\u00eda que hab\u00eda perdido todo porque antes de ella \u00e9ramos felices. No quise hacerle da\u00f1o, solo quer\u00eda que me diera mi lugar, era como darle cinturonazos pero por Dios que se dispar\u00f3 sola y lleg\u00f3 un momento que todo se puso oscuro y no sab\u00eda qu\u00e9 estaba pasando\u201d, mencion\u00f3. \u00abCuando me preguntaste qu\u00e9 hab\u00eda hecho, solo castigarla por grosera y mamona pero no para hacerle da\u00f1o, yo ten\u00eda el arma para protegerme y eso hice\u201d.<\/p>\n<p>&#13;\n<\/p><\/blockquote>\n<h2>\u00bfQu\u00e9 dice la carta de Erika Mar\u00eda?<\/h2>\n<p>La difusi\u00f3n de esta carta\u00a0surgi\u00f3 a partir de una publicaci\u00f3n en redes sociales realizada por la cuenta identificada como La Parcerita Postin, donde se compartieron fragmentos atribuidos a la presunta agresora. En la captura que circula, el usuario asegura que se trata de palabras de Erika Mar\u00eda, se\u00f1alada en el caso. Hasta el momento, no hay confirmaci\u00f3n oficial sobre la autenticidad de estos textos.<\/p>\n<p>De acuerdo con lo que se menciona en esa misma publicaci\u00f3n, esta informaci\u00f3n habr\u00eda sido obtenida del tel\u00e9fono celular de la mujer, donde presuntamente guardaba cartas en notas de texto que enviaba a su hijo, sin que \u00e9l respondiera. Cabe mencionar que\u00a0las autoridades no han validado p\u00fablicamente estos contenidos ni han detallado si forman parte de la investigaci\u00f3n, por lo que su origen y veracidad contin\u00faan sin ser confirmados.<\/p>\n<h2>Un crimen captado y una fuga internacional<\/h2>\n<p>El caso tom\u00f3 relevancia nacional no solo por la brutalidad del hecho, sino por los elementos que lo rodean. De acuerdo con la informaci\u00f3n disponible, el ataque ocurri\u00f3 dentro del domicilio familiar y fue parcialmente registrado por una c\u00e1mara instalada para vigilar al menor. En las im\u00e1genes se documenta la confrontaci\u00f3n previa al crimen, lo que ha sido clave en la investigaci\u00f3n.\u00a0<\/p>\n<p>Tras los disparos, la presunta agresora abandon\u00f3 el lugar y logr\u00f3 salir del pa\u00eds al d\u00eda siguiente, lo que deriv\u00f3 en la emisi\u00f3n de una <strong>ficha roja de Interpol<\/strong> para su localizaci\u00f3n internacional. D\u00edas despu\u00e9s, fue ubicada y detenida en Venezuela, donde permanece mientras se desarrollan los procedimientos para su posible extradici\u00f3n a M\u00e9xico.&#13;<br \/>\n&#13;\n<\/p>\n<p>Otro elemento que ha generado cuestionamientos es la actuaci\u00f3n del esposo de la v\u00edctima, quien estaba presente durante el ataque junto con el beb\u00e9. Seg\u00fan reportes, la denuncia ante autoridades se realiz\u00f3 horas despu\u00e9s, lo que permiti\u00f3 la huida de la sospechosa. Mientras tanto, el caso contin\u00faa bajo investigaci\u00f3n como feminicidio, y las autoridades buscan esclarecer el contexto emocional y familiar que pudo haber derivado en la agresi\u00f3n.\u00a0&#13;<br \/>\n&#13;<br \/>\n&#13;\n                                <\/p>\n<\/p><\/div>\n<p><script>\n    !function(f,b,e,v,n,t,s)\n    {if(f.fbq)return;n=f.fbq=function(){n.callMethod?\n    n.callMethod.apply(n,arguments):n.queue.push(arguments)};\n    if(!f._fbq)f._fbq=n;n.push=n;n.loaded=!0;n.version='2.0';\n    n.queue=[];t=b.createElement(e);t.async=!0;\n    t.src=v;s=b.getElementsByTagName(e)[0];\n    s.parentNode.insertBefore(t,s)}(window, document,'script',\n    'https:\/\/connect.facebook.net\/en_US\/fbevents.js');\n    fbq('init', '237927003583820');\n    fbq('track', 'PageView');\n  <\/script><script>\n    !function(f,b,e,v,n,t,s)\n    {if(f.fbq)return;n=f.fbq=function(){n.callMethod?\n    n.callMethod.apply(n,arguments):n.queue.push(arguments)};\n    if(!f._fbq)f._fbq=n;n.push=n;n.loaded=!0;n.version='2.0';\n    n.queue=[];t=b.createElement(e);t.async=!0;\n    t.src=v;s=b.getElementsByTagName(e)[0];\n    s.parentNode.insertBefore(t,s)}(window, document,'script',\n    'https:\/\/connect.facebook.net\/en_US\/fbevents.js');\n    fbq('init', '802372280934901');\n    fbq('track', 'PageView');\n    <\/script><br \/>\n<br \/><\/p>\n","protected":false},"excerpt":{"rendered":"<p>El feminicidio de Carolina Flores G\u00f3mez, exreina de belleza de 27 a\u00f1os, sigue revelando nueva informaci\u00f3n\u00a0conforme avanzan las investigaciones y se filtran supuestos testimonios sobre lo ocurrido. A m\u00e1s de dos semanas del crimen registrado en un departamento de Polanco, en la Ciudad de M\u00e9xico, ha comenzado a circular una supuesta carta\u00a0que revela el\u00a0posible motivo [&hellip;]<\/p>\n","protected":false},"author":2,"featured_media":4032,"comment_status":"","ping_status":"","sticky":false,"template":"","format":"standard","meta":{"footnotes":""},"categories":[2],"tags":[],"class_list":["post-4031","post","type-post","status-publish","format-standard","has-post-thumbnail","hentry","category-local"],"_links":{"self":[{"href":"https:\/\/conexion-mx.com\/index.php?rest_route=\/wp\/v2\/posts\/4031","targetHints":{"allow":["GET"]}}],"collection":[{"href":"https:\/\/conexion-mx.com\/index.php?rest_route=\/wp\/v2\/posts"}],"about":[{"href":"https:\/\/conexion-mx.com\/index.php?rest_route=\/wp\/v2\/types\/post"}],"author":[{"embeddable":true,"href":"https:\/\/conexion-mx.com\/index.php?rest_route=\/wp\/v2\/users\/2"}],"replies":[{"embeddable":true,"href":"https:\/\/conexion-mx.com\/index.php?rest_route=%2Fwp%2Fv2%2Fcomments&post=4031"}],"version-history":[{"count":0,"href":"https:\/\/conexion-mx.com\/index.php?rest_route=\/wp\/v2\/posts\/4031\/revisions"}],"wp:featuredmedia":[{"embeddable":true,"href":"https:\/\/conexion-mx.com\/index.php?rest_route=\/wp\/v2\/media\/4032"}],"wp:attachment":[{"href":"https:\/\/conexion-mx.com\/index.php?rest_route=%2Fwp%2Fv2%2Fmedia&parent=4031"}],"wp:term":[{"taxonomy":"category","embeddable":true,"href":"https:\/\/conexion-mx.com\/index.php?rest_route=%2Fwp%2Fv2%2Fcategories&post=4031"},{"taxonomy":"post_tag","embeddable":true,"href":"https:\/\/conexion-mx.com\/index.php?rest_route=%2Fwp%2Fv2%2Ftags&post=4031"}],"curies":[{"name":"wp","href":"https:\/\/api.w.org\/{rel}","templated":true}]}}