{"id":4033,"date":"2026-05-05T17:23:33","date_gmt":"2026-05-05T22:23:33","guid":{"rendered":"https:\/\/conexion-mx.com\/?p=4033"},"modified":"2026-05-05T17:23:33","modified_gmt":"2026-05-05T22:23:33","slug":"consulta-en-jalisco-revela-que-7-de-cada-10-menores-piden-seguridad","status":"publish","type":"post","link":"https:\/\/conexion-mx.com\/?p=4033","title":{"rendered":"Consulta en Jalisco revela que 7 de cada 10 menores piden seguridad"},"content":{"rendered":"<p> <br \/>\n<\/p>\n<div>\n<p>La <strong>voz de la infancia<\/strong> en <strong>Jalisco<\/strong> marc\u00f3 una ruta clara para las <strong>autoridades<\/strong>, los <strong>resultados<\/strong> de una <strong>consulta estatal<\/strong> se\u00f1alaron que <strong>siete de cada diez ni\u00f1as, ni\u00f1os y adolescentes<\/strong> consideran <strong>prioritario<\/strong> <strong>vivir sin violencia<\/strong>, en este <strong>ejercicio<\/strong> <strong>participaron<\/strong> m\u00e1s de <strong>setecientos mil menores,<\/strong> lo que convierte a esta iniciativa en una de las m\u00e1s amplias en su tipo dentro del estado.<\/p>\n<p>La titular del <strong>Sistema Estatal de Protecci\u00f3n Integral a los Derechos de Ni\u00f1as, Ni\u00f1os y Adolescentes<\/strong>, <strong>Thais Loera Ochoa<\/strong>, <strong>present\u00f3<\/strong> los <strong>hallazgos<\/strong> y <strong>destac\u00f3<\/strong> la <strong>relevancia<\/strong> de <strong>escuchar a la ni\u00f1ez<\/strong>; la funcionaria afirm\u00f3 que los <strong>resultados<\/strong> <strong>reflejan<\/strong> una <strong>exigencia directa hacia el Estado<\/strong>, la demanda de seguridad surge como un tema central en todos los municipios donde se aplic\u00f3 la consulta.<\/p>\n<aside class=\"htmlinline\"\/>\n<figure class=\"image\"><img loading=\"lazy\" decoding=\"async\" alt=\"\" height=\"511\" src=\"https:\/\/heraldodemexico.com.mx\/u\/fotografias\/m\/2022\/9\/27\/f768x1-585743_585870_5050.jpeg\" width=\"768\"\/>&#13;<figcaption>Los resultados reflejan una realidad que se vive en el estado. Foto: Archivo<\/figcaption>&#13;<br \/>\n<\/figure>\n<p>La preocupaci\u00f3n por la <strong>violencia<\/strong> <strong>no<\/strong> apareci\u00f3 como un <strong>tema aislado<\/strong>, las <strong>ni\u00f1as<\/strong>, <strong>ni\u00f1os<\/strong> y <strong>adolescentes<\/strong> tambi\u00e9n se\u00f1alaron otros <strong>derechos fundamentales<\/strong> que <strong>consideran<\/strong> <strong>indispensables<\/strong> para su <strong>desarrollo<\/strong>, entre estos destacan el acceso a la salud, la posibilidad de estudiar, el derecho a la igualdad y la no discriminaci\u00f3n, as\u00ed como la oportunidad de <strong>vivir en familia<\/strong> y recibir cuidados adecuados, estas demandas muestran una visi\u00f3n integral sobre el <strong>bienestar infantil.<\/strong><\/p>\n<aside class=\"relacionadas con-foto linea-1078\"><strong class=\"relacionadas-titulo-gral\">Noticias Relacionadas<\/strong><\/aside>\n<h2>La realidad es clara<\/h2>\n<p>Los datos obtenidos no solo describen una realidad, tambi\u00e9n ofrecen una herramienta clave para el dise\u00f1o de pol\u00edticas p\u00fablicas, la titular de SIPINNA subray\u00f3 que la informaci\u00f3n permite identificar prioridades y enfocar esfuerzos institucionales, la frase \u201clo que no se puede cuantificar no se puede resolver\u201d resume la l\u00f3gica detr\u00e1s de este ejercicio.<\/p>\n<figure class=\"image\"><img loading=\"lazy\" decoding=\"async\" alt=\"\" height=\"435\" src=\"https:\/\/heraldodemexico.com.mx\/u\/fotografias\/m\/2026\/4\/28\/f768x1-1277577_1277704_5050.jpg\" width=\"768\"\/>&#13;<figcaption>Los menores destacaron la importancia de esta situaci\u00f3n. Foto: Archivo<\/figcaption>&#13;<br \/>\n<\/figure>\n<p>Para fortalecer este enfoque, SIPINNA Jalisco estableci\u00f3 un convenio con el Instituto Nacional de Estad\u00edstica y Geograf\u00eda,\u00a0Instituto Nacional de Estad\u00edstica y Geograf\u00eda, esta colaboraci\u00f3n permite acceder a informaci\u00f3n detallada por municipio, lo que facilita un an\u00e1lisis m\u00e1s preciso sobre la situaci\u00f3n de los derechos de la infancia, los indicadores se encuentran disponibles en plataformas oficiales, lo que promueve la transparencia y el acceso p\u00fablico a los datos.<\/p>\n<h2>Puerto Vallarta es el siguiente<\/h2>\n<p>La estrategia tambi\u00e9n incluye acciones que buscan ampliar la participaci\u00f3n infantil, se anunci\u00f3 una pr\u00f3xima consulta en\u00a0Puerto Vallarta, con el objetivo de recabar m\u00e1s opiniones y fortalecer la base de informaci\u00f3n, este tipo de ejercicios permite que la ni\u00f1ez participe de forma directa en los procesos que influyen en su entorno.<\/p>\n<p>Adem\u00e1s, SIPINNA impulsa iniciativas que promueven la expresi\u00f3n creativa, entre ellas se encuentra el concurso \u201cMi comunidad en historieta construye paz\u201d, dirigido a ni\u00f1as y ni\u00f1os de seis a doce a\u00f1os, este proyecto busca fomentar la reflexi\u00f3n sobre la convivencia y la construcci\u00f3n de entornos seguros.<\/p>\n<p>Los resultados de la consulta representan un llamado claro para las autoridades, la infancia en Jalisco no solo identifica problemas, tambi\u00e9n plantea prioridades concretas, la seguridad, junto con otros derechos b\u00e1sicos, se coloca como eje fundamental para el desarrollo integral de las nuevas generaciones.&#13;<br \/>\n&#13;<br \/>\n&#13;\n                                <\/p>\n<\/p><\/div>\n<p><script>\n    !function(f,b,e,v,n,t,s)\n    {if(f.fbq)return;n=f.fbq=function(){n.callMethod?\n    n.callMethod.apply(n,arguments):n.queue.push(arguments)};\n    if(!f._fbq)f._fbq=n;n.push=n;n.loaded=!0;n.version='2.0';\n    n.queue=[];t=b.createElement(e);t.async=!0;\n    t.src=v;s=b.getElementsByTagName(e)[0];\n    s.parentNode.insertBefore(t,s)}(window, document,'script',\n    'https:\/\/connect.facebook.net\/en_US\/fbevents.js');\n    fbq('init', '237927003583820');\n    fbq('track', 'PageView');\n  <\/script><script>\n    !function(f,b,e,v,n,t,s)\n    {if(f.fbq)return;n=f.fbq=function(){n.callMethod?\n    n.callMethod.apply(n,arguments):n.queue.push(arguments)};\n    if(!f._fbq)f._fbq=n;n.push=n;n.loaded=!0;n.version='2.0';\n    n.queue=[];t=b.createElement(e);t.async=!0;\n    t.src=v;s=b.getElementsByTagName(e)[0];\n    s.parentNode.insertBefore(t,s)}(window, document,'script',\n    'https:\/\/connect.facebook.net\/en_US\/fbevents.js');\n    fbq('init', '802372280934901');\n    fbq('track', 'PageView');\n    <\/script><br \/>\n<br \/><\/p>\n","protected":false},"excerpt":{"rendered":"<p>La voz de la infancia en Jalisco marc\u00f3 una ruta clara para las autoridades, los resultados de una consulta estatal se\u00f1alaron que siete de cada diez ni\u00f1as, ni\u00f1os y adolescentes consideran prioritario vivir sin violencia, en este ejercicio participaron m\u00e1s de setecientos mil menores, lo que convierte a esta iniciativa en una de las m\u00e1s [&hellip;]<\/p>\n","protected":false},"author":2,"featured_media":4034,"comment_status":"","ping_status":"","sticky":false,"template":"","format":"standard","meta":{"footnotes":""},"categories":[2],"tags":[],"class_list":["post-4033","post","type-post","status-publish","format-standard","has-post-thumbnail","hentry","category-local"],"_links":{"self":[{"href":"https:\/\/conexion-mx.com\/index.php?rest_route=\/wp\/v2\/posts\/4033","targetHints":{"allow":["GET"]}}],"collection":[{"href":"https:\/\/conexion-mx.com\/index.php?rest_route=\/wp\/v2\/posts"}],"about":[{"href":"https:\/\/conexion-mx.com\/index.php?rest_route=\/wp\/v2\/types\/post"}],"author":[{"embeddable":true,"href":"https:\/\/conexion-mx.com\/index.php?rest_route=\/wp\/v2\/users\/2"}],"replies":[{"embeddable":true,"href":"https:\/\/conexion-mx.com\/index.php?rest_route=%2Fwp%2Fv2%2Fcomments&post=4033"}],"version-history":[{"count":0,"href":"https:\/\/conexion-mx.com\/index.php?rest_route=\/wp\/v2\/posts\/4033\/revisions"}],"wp:featuredmedia":[{"embeddable":true,"href":"https:\/\/conexion-mx.com\/index.php?rest_route=\/wp\/v2\/media\/4034"}],"wp:attachment":[{"href":"https:\/\/conexion-mx.com\/index.php?rest_route=%2Fwp%2Fv2%2Fmedia&parent=4033"}],"wp:term":[{"taxonomy":"category","embeddable":true,"href":"https:\/\/conexion-mx.com\/index.php?rest_route=%2Fwp%2Fv2%2Fcategories&post=4033"},{"taxonomy":"post_tag","embeddable":true,"href":"https:\/\/conexion-mx.com\/index.php?rest_route=%2Fwp%2Fv2%2Ftags&post=4033"}],"curies":[{"name":"wp","href":"https:\/\/api.w.org\/{rel}","templated":true}]}}