{"id":4037,"date":"2026-05-06T09:38:46","date_gmt":"2026-05-06T14:38:46","guid":{"rendered":"https:\/\/conexion-mx.com\/?p=4037"},"modified":"2026-05-06T09:38:46","modified_gmt":"2026-05-06T14:38:46","slug":"agresion-en-ocuilan-por-aparentes-talamontes-contra-autoridades-militares-sin-lesionados-o-detenidos","status":"publish","type":"post","link":"https:\/\/conexion-mx.com\/?p=4037","title":{"rendered":"Agresi\u00f3n en Ocuilan por aparentes talamontes contra autoridades militares, sin lesionados o detenidos"},"content":{"rendered":"<p> <br \/>\n<\/p>\n<div itemprop=\"articleBody\">\n<div class=\"txt_contenido\">\n<p>A trav\u00e9s del n\u00famero de <strong>emergencias nacional <\/strong>911, se tuvo conocimiento de una agresi\u00f3n de presuntos <strong>talamontes<\/strong> a personal de la <strong>Guardia Nacional<\/strong> (GN) en Ocuilan, sin que se registraran personas lesionadas o detenidas; la situaci\u00f3n fue controlada.<\/p>\n<p>De acuerdo con el reporte, integrantes de la GN realizaban un punto de inspecci\u00f3n en el poblado de <strong>Santa Martha Ocuilan<\/strong>, cuando se percataron del paso de un automotor con <strong>troncos de madera<\/strong>, mismo que era escoltado por otras dos unidades, por lo que al solicitar que detuvieran la marcha, el conductor aceler\u00f3 y los veh\u00edculos que lo escoltaban bloquearon el paso para que se diera a la fuga.<\/p>\n<p>Durante esta acci\u00f3n, el personal de la GN fue agredido con <strong>disparos de arma de fuego<\/strong>, quienes repelieron la agresi\u00f3n y solicitaron apoyo de elementos de la Defensa y de la <strong>Secretar\u00eda de Seguridad del Estado de M\u00e9xico<\/strong>, quienes acudieron al sitio.<\/p>\n<figure class=\"image\"><img loading=\"lazy\" decoding=\"async\" alt=\"\" height=\"400\" src=\"https:\/\/heraldodemexico.com.mx\/u\/fotografias\/m\/2026\/5\/6\/f768x400-1280539_1324442_5050.jpg\" width=\"768\"\/>&#13;<figcaption>Elementos de la Secretar\u00eda de Seguridad del Estado de M\u00e9xico acudieron a la\u00a0la comunidad de Santa Martha, Cr\u00e9ditos: Cortes\u00eda.<\/figcaption>&#13;<br \/>\n<\/figure>\n<h2>Pobladores piden a las autoridades\u00a0atender el tema de la tala clandestina<\/h2>\n<p>Por estos hechos, pobladores de la comunidad de <strong>Santa Martha<\/strong> realizaron bloqueos en los accesos a dicha poblaci\u00f3n con troncos, solicitando atender el tema de la tala clandestina, por lo que acudieron al lugar, el comandante de la 22\/a. <strong>Zona Militar <\/strong>y el Subsecretario de la <strong>Polic\u00eda Estatal de la SSEM<\/strong>, para entablar conversaciones con los manifestantes quienes acordaron que sus demandas ser\u00e1n atendidas con la prontitud debida por el gobierno del estado.<\/p>\n<p>Al lugar acudieron elementos de la <strong>Fiscal\u00eda General de Justicia del Estado de M\u00e9xico<\/strong> para realizar las diligencias correspondientes y la localizaci\u00f3n de indicios en el lugar del <strong>enfrentamiento<\/strong>, como casquillos percutidos, poniendo a disposici\u00f3n del Ministerio P\u00fablico una camioneta asegurada con<strong> troncos de madera<\/strong> y otro automotor tipo pick up aparentemente relacionado con los hechos.<\/p>\n<aside class=\"htmlinline\"\/>\n<figure class=\"image\"><img loading=\"lazy\" decoding=\"async\" alt=\"\" height=\"400\" src=\"https:\/\/heraldodemexico.com.mx\/u\/fotografias\/m\/2026\/5\/6\/f768x400-1280538_1324441_5050.jpg\" width=\"768\"\/>&#13;<figcaption>Elementos de la Secretar\u00eda de Seguridad del Estado de M\u00e9xico acudieron a la\u00a0la comunidad de Santa Martha, Cr\u00e9ditos: Cortes\u00eda.<\/figcaption>&#13;<br \/>\n<\/figure>\n<p>\u00a0<\/p>\n<aside class=\"relacionadas con-foto linea-1078\"><strong class=\"relacionadas-titulo-gral\">Noticias Relacionadas<\/strong><\/aside>\n<\/p><\/div>\n<\/p><\/div>\n<p><script>\n    !function(f,b,e,v,n,t,s)\n    {if(f.fbq)return;n=f.fbq=function(){n.callMethod?\n    n.callMethod.apply(n,arguments):n.queue.push(arguments)};\n    if(!f._fbq)f._fbq=n;n.push=n;n.loaded=!0;n.version='2.0';\n    n.queue=[];t=b.createElement(e);t.async=!0;\n    t.src=v;s=b.getElementsByTagName(e)[0];\n    s.parentNode.insertBefore(t,s)}(window, document,'script',\n    'https:\/\/connect.facebook.net\/en_US\/fbevents.js');\n    fbq('init', '237927003583820');\n    fbq('track', 'PageView');\n  <\/script><script>\n    !function(f,b,e,v,n,t,s)\n    {if(f.fbq)return;n=f.fbq=function(){n.callMethod?\n    n.callMethod.apply(n,arguments):n.queue.push(arguments)};\n    if(!f._fbq)f._fbq=n;n.push=n;n.loaded=!0;n.version='2.0';\n    n.queue=[];t=b.createElement(e);t.async=!0;\n    t.src=v;s=b.getElementsByTagName(e)[0];\n    s.parentNode.insertBefore(t,s)}(window, document,'script',\n    'https:\/\/connect.facebook.net\/en_US\/fbevents.js');\n    fbq('init', '802372280934901');\n    fbq('track', 'PageView');\n    <\/script><br \/>\n<br \/><\/p>\n","protected":false},"excerpt":{"rendered":"<p>A trav\u00e9s del n\u00famero de emergencias nacional 911, se tuvo conocimiento de una agresi\u00f3n de presuntos talamontes a personal de la Guardia Nacional (GN) en Ocuilan, sin que se registraran personas lesionadas o detenidas; la situaci\u00f3n fue controlada. De acuerdo con el reporte, integrantes de la GN realizaban un punto de inspecci\u00f3n en el poblado [&hellip;]<\/p>\n","protected":false},"author":2,"featured_media":4038,"comment_status":"","ping_status":"","sticky":false,"template":"","format":"standard","meta":{"footnotes":""},"categories":[2],"tags":[],"class_list":["post-4037","post","type-post","status-publish","format-standard","has-post-thumbnail","hentry","category-local"],"_links":{"self":[{"href":"https:\/\/conexion-mx.com\/index.php?rest_route=\/wp\/v2\/posts\/4037","targetHints":{"allow":["GET"]}}],"collection":[{"href":"https:\/\/conexion-mx.com\/index.php?rest_route=\/wp\/v2\/posts"}],"about":[{"href":"https:\/\/conexion-mx.com\/index.php?rest_route=\/wp\/v2\/types\/post"}],"author":[{"embeddable":true,"href":"https:\/\/conexion-mx.com\/index.php?rest_route=\/wp\/v2\/users\/2"}],"replies":[{"embeddable":true,"href":"https:\/\/conexion-mx.com\/index.php?rest_route=%2Fwp%2Fv2%2Fcomments&post=4037"}],"version-history":[{"count":0,"href":"https:\/\/conexion-mx.com\/index.php?rest_route=\/wp\/v2\/posts\/4037\/revisions"}],"wp:featuredmedia":[{"embeddable":true,"href":"https:\/\/conexion-mx.com\/index.php?rest_route=\/wp\/v2\/media\/4038"}],"wp:attachment":[{"href":"https:\/\/conexion-mx.com\/index.php?rest_route=%2Fwp%2Fv2%2Fmedia&parent=4037"}],"wp:term":[{"taxonomy":"category","embeddable":true,"href":"https:\/\/conexion-mx.com\/index.php?rest_route=%2Fwp%2Fv2%2Fcategories&post=4037"},{"taxonomy":"post_tag","embeddable":true,"href":"https:\/\/conexion-mx.com\/index.php?rest_route=%2Fwp%2Fv2%2Ftags&post=4037"}],"curies":[{"name":"wp","href":"https:\/\/api.w.org\/{rel}","templated":true}]}}