{"id":4041,"date":"2026-05-06T18:01:54","date_gmt":"2026-05-06T23:01:54","guid":{"rendered":"https:\/\/conexion-mx.com\/?p=4041"},"modified":"2026-05-06T18:01:54","modified_gmt":"2026-05-06T23:01:54","slug":"imss-activa-comando-onda-de-calor-y-emite-alertas-por-altas-temperaturas","status":"publish","type":"post","link":"https:\/\/conexion-mx.com\/?p=4041","title":{"rendered":"IMSS activa \u00abComando Onda de Calor\u00bb y emite alertas por altas temperaturas"},"content":{"rendered":"<p> <br \/>\n<\/p>\n<div>\n<p>El Instituto Mexicano del Seguro Social (<strong>IMSS<\/strong>) ha puesto en marcha el \u00ab<strong>Comando Onda de Calor<\/strong>\u00bb ante<strong>\u00a0las elevadas temperaturas<\/strong> registradas en las \u00faltimas semanas. Esta iniciativa, liderada por <strong>Zo\u00e9 Robledo<\/strong>,\u00a0<strong>busca fortalecer la atenci\u00f3n m\u00e9dica y garantizar una respuesta inmediata<\/strong> ante los efectos del <strong>calor extremo<\/strong> en los<strong> 32 estados de la Rep\u00fablica<\/strong>.<\/p>\n<p>La doctora <strong>Elizabeth Hern\u00e1ndez<\/strong>, coordinadora t\u00e9cnica de Protecci\u00f3n Civil del Seguro Social, destac\u00f3 en entrevista con\u00a0H\u00e9ctor Jim\u00e9nez Land\u00edn para <strong>El Heraldo Televisi\u00f3n<\/strong>,\u00a0la importancia de la<strong>\u00a0<\/strong>instalaci\u00f3n de este Comando, ya que\u00a0<strong>responde a la necesidad de actuar con anticipaci\u00f3n<\/strong> frente a los pron\u00f3sticos que emite el <strong>Servicio Meteorol\u00f3gico Nacional <\/strong>(SMN) de la Conagua.<\/p>\n<aside class=\"htmlinline\"\/>\n<p>Detall\u00f3 que este comando<strong> integra a las direcciones normativas del IMSS <\/strong>con los <strong>\u00f3rganos de operaci\u00f3n administrativa<\/strong> <strong>desconcentrada<\/strong> en todo el pa\u00eds, buscando <strong>una cobertura amplia y efectiva<\/strong>. A su vez, tiene <strong>una estructura\u00a0doble<\/strong> que consiste en\u00a0la <strong>prevenci\u00f3n<\/strong> y la <strong>reacci\u00f3n<\/strong>.<\/p>\n<aside class=\"relacionadas con-foto linea-1078\"><strong class=\"relacionadas-titulo-gral\">Noticias Relacionadas<\/strong><\/aside>\n<p>Asimismo, busca <strong>asegurar que la poblaci\u00f3n tenga acceso r\u00e1pido a los servicios m\u00e9dicos <\/strong>en caso de requerirlos.<\/p>\n<div class=\"image-align-center\">\n<figure class=\"image\"><img loading=\"lazy\" decoding=\"async\" alt=\"\" height=\"449\" src=\"https:\/\/heraldodemexico.com.mx\/u\/fotografias\/m\/2026\/5\/6\/f768x1-1280812_1280939_5050.png\" width=\"768\"\/>&#13;<figcaption>La doctora destac\u00f3\u00a0la importancia de la\u00a0instalaci\u00f3n de este Comando \/ FOTO: Captura de pantalla<\/figcaption>&#13;<br \/>\n<\/figure>\n<\/div>\n<h2>Recomendaciones ante el calor extremo<\/h2>\n<p>Elizabeth Hern\u00e1ndez enfatiz\u00f3 para <strong>El Heraldo Televisi\u00f3n<\/strong>\u00a0la importancia de <strong>reconocer los s\u00edntomas de un golpe de calor <\/strong>y <strong>adoptar medidas preventivas<\/strong>.\u00a0<\/p>\n<blockquote><p>&#13;<\/p>\n<p>Una de las caracter\u00edsticas m\u00e1s importantes de un golpe de calor puede ser mareos, n\u00e1useas, dolor de cabeza, son los s\u00edntomas m\u00e1s comunes y esto se genera por una exposici\u00f3n prolongada al sol\u00bb, coment\u00f3 la doctora.<\/p>\n<p>&#13;\n<\/p><\/blockquote>\n<p>Describi\u00f3 que para evitar estas afectaciones, <strong>se recomienda evitar la exposici\u00f3n directa a los rayos del sol<\/strong>, especialmente<strong> entre las 11:00 y las 15:00 horas<\/strong>, periodo en el que la sensaci\u00f3n t\u00e9rmica es m\u00e1s elevada.<\/p>\n<p>Tambi\u00e9n, <strong>se hizo un llamado a no dejar a personas dentro de veh\u00edculos estacionados<\/strong>, ya que la temperatura en su interior aumenta considerablemente.&#13;<br \/>\n&#13;\n<\/p>\n<p>Otras recomendaciones incluyen las siguientes:&#13;<br \/>\n&#13;\n<\/p>\n<ul>&#13;<\/p>\n<li>Hidratarse constantemente.<\/li>\n<p>&#13;<\/p>\n<li>Usar ropa clara.<\/li>\n<p>&#13;<\/p>\n<li>Bloqueador solar.<\/li>\n<p>&#13;<\/p>\n<li>Sombrillas o gorras al salir.<\/li>\n<p>&#13;<\/p>\n<li>Para los trabajadores expuestos al sol, se sugiere realizar pausas bajo sombra.<\/li>\n<p>&#13;\n<\/ul>\n<p>Adem\u00e1s, <strong>se advierte sobre el cuidado en el consumo de alimentos expuestos en la calle<\/strong>, ya que las altas temperaturas aceleran su descomposici\u00f3n. \u00abLa <strong>hidrataci\u00f3n constante<\/strong> y la <strong>protecci\u00f3n f\u00edsica<\/strong> son fundamentales para reducir el riesgo de golpes de calor. El IMSS reitera su cercan\u00eda para brindar atenci\u00f3n m\u00e9dica a quienes la necesiten\u00bb, concluy\u00f3.&#13;<br \/>\n&#13;<br \/>\n&#13;\n                                <\/p>\n<\/p><\/div>\n<p><script>\n    !function(f,b,e,v,n,t,s)\n    {if(f.fbq)return;n=f.fbq=function(){n.callMethod?\n    n.callMethod.apply(n,arguments):n.queue.push(arguments)};\n    if(!f._fbq)f._fbq=n;n.push=n;n.loaded=!0;n.version='2.0';\n    n.queue=[];t=b.createElement(e);t.async=!0;\n    t.src=v;s=b.getElementsByTagName(e)[0];\n    s.parentNode.insertBefore(t,s)}(window, document,'script',\n    'https:\/\/connect.facebook.net\/en_US\/fbevents.js');\n    fbq('init', '237927003583820');\n    fbq('track', 'PageView');\n  <\/script><script>\n    !function(f,b,e,v,n,t,s)\n    {if(f.fbq)return;n=f.fbq=function(){n.callMethod?\n    n.callMethod.apply(n,arguments):n.queue.push(arguments)};\n    if(!f._fbq)f._fbq=n;n.push=n;n.loaded=!0;n.version='2.0';\n    n.queue=[];t=b.createElement(e);t.async=!0;\n    t.src=v;s=b.getElementsByTagName(e)[0];\n    s.parentNode.insertBefore(t,s)}(window, document,'script',\n    'https:\/\/connect.facebook.net\/en_US\/fbevents.js');\n    fbq('init', '802372280934901');\n    fbq('track', 'PageView');\n    <\/script><br \/>\n<br \/><\/p>\n","protected":false},"excerpt":{"rendered":"<p>El Instituto Mexicano del Seguro Social (IMSS) ha puesto en marcha el \u00abComando Onda de Calor\u00bb ante\u00a0las elevadas temperaturas registradas en las \u00faltimas semanas. Esta iniciativa, liderada por Zo\u00e9 Robledo,\u00a0busca fortalecer la atenci\u00f3n m\u00e9dica y garantizar una respuesta inmediata ante los efectos del calor extremo en los 32 estados de la Rep\u00fablica. La doctora Elizabeth [&hellip;]<\/p>\n","protected":false},"author":2,"featured_media":4042,"comment_status":"","ping_status":"","sticky":false,"template":"","format":"standard","meta":{"footnotes":""},"categories":[2],"tags":[],"class_list":["post-4041","post","type-post","status-publish","format-standard","has-post-thumbnail","hentry","category-local"],"_links":{"self":[{"href":"https:\/\/conexion-mx.com\/index.php?rest_route=\/wp\/v2\/posts\/4041","targetHints":{"allow":["GET"]}}],"collection":[{"href":"https:\/\/conexion-mx.com\/index.php?rest_route=\/wp\/v2\/posts"}],"about":[{"href":"https:\/\/conexion-mx.com\/index.php?rest_route=\/wp\/v2\/types\/post"}],"author":[{"embeddable":true,"href":"https:\/\/conexion-mx.com\/index.php?rest_route=\/wp\/v2\/users\/2"}],"replies":[{"embeddable":true,"href":"https:\/\/conexion-mx.com\/index.php?rest_route=%2Fwp%2Fv2%2Fcomments&post=4041"}],"version-history":[{"count":0,"href":"https:\/\/conexion-mx.com\/index.php?rest_route=\/wp\/v2\/posts\/4041\/revisions"}],"wp:featuredmedia":[{"embeddable":true,"href":"https:\/\/conexion-mx.com\/index.php?rest_route=\/wp\/v2\/media\/4042"}],"wp:attachment":[{"href":"https:\/\/conexion-mx.com\/index.php?rest_route=%2Fwp%2Fv2%2Fmedia&parent=4041"}],"wp:term":[{"taxonomy":"category","embeddable":true,"href":"https:\/\/conexion-mx.com\/index.php?rest_route=%2Fwp%2Fv2%2Fcategories&post=4041"},{"taxonomy":"post_tag","embeddable":true,"href":"https:\/\/conexion-mx.com\/index.php?rest_route=%2Fwp%2Fv2%2Ftags&post=4041"}],"curies":[{"name":"wp","href":"https:\/\/api.w.org\/{rel}","templated":true}]}}