{"id":4043,"date":"2026-05-06T18:17:34","date_gmt":"2026-05-06T23:17:34","guid":{"rendered":"https:\/\/conexion-mx.com\/?p=4043"},"modified":"2026-05-06T18:17:34","modified_gmt":"2026-05-06T23:17:34","slug":"que-escribio-realmente-ignacio-zaragoza-tras-la-batalla-de-puebla-la-verdad-detras-de-la-famosa-frase","status":"publish","type":"post","link":"https:\/\/conexion-mx.com\/?p=4043","title":{"rendered":"\u00bfQu\u00e9 escribi\u00f3 realmente Ignacio Zaragoza tras la Batalla de Puebla? La verdad detr\u00e1s de la famosa frase"},"content":{"rendered":"<p> <br \/>\n<\/p>\n<div>\n<p>La <strong>Batalla de Puebla<\/strong>, librada el 5 de mayo de 1862, es recordada como la <strong>gran victoria militar<\/strong>\u00a0en la <strong>historia de M\u00e9xico.\u00a0<\/strong>En entrevista con Javier Alatorre para El Heraldo Radio, el historiador <strong>Enrique Ortiz <\/strong>precis\u00f3 la frase original del general Ignacio Zaragoza, que inmortaliz\u00f3 esta gesta, aclarando que la versi\u00f3n com\u00fanmente conocida difiere de lo que el estratega escribi\u00f3 al <strong>presidente Benito Ju\u00e1rez<\/strong>.<\/p>\n<p>Ortiz destac\u00f3 la trascendencia del momento, ya que fue considerado como un punto crucial en el que <strong>M\u00e9xico <\/strong>afirm\u00f3 su independencia frente a <strong>potencias extranjeras<\/strong>. El pa\u00eds hab\u00eda enfrentado invasiones de <strong>Estados Unidos<\/strong>, <strong>Francia <\/strong>y <strong>Espa\u00f1a <\/strong>en el siglo XIX, lo que subraya la importancia de este triunfo.<\/p>\n<aside class=\"htmlinline\"\/>\n<p>\u00abEs la gran victoria militar de nuestra historia, en donde se demostr\u00f3 que M\u00e9xico ten\u00eda la capacidad de defender su soberan\u00eda frente a las potencias extranjeras\u00bb, afirm\u00f3 el historiador.<\/p>\n<aside class=\"relacionadas con-foto linea-1078\"><strong class=\"relacionadas-titulo-gral\">Noticias Relacionadas<\/strong><\/aside>\n<figure class=\"image\"><img loading=\"lazy\" decoding=\"async\" alt=\"\" height=\"432\" src=\"https:\/\/heraldodemexico.com.mx\/u\/fotografias\/m\/2020\/11\/21\/f768x1-285132_285259_5050.jpg\" width=\"768\"\/>&#13;<figcaption>El general Zaragoza fue inmortalizado en billetes a lo largo de la historia de M\u00e9xico. FOTO: archivo.<\/figcaption>&#13;<br \/>\n<\/figure>\n<h2>La Batalla de Puebla uni\u00f3 a los mexicanos liberales y conservadores<\/h2>\n<p>M\u00e1s all\u00e1 del \u00e9xito militar, la victoria de Puebla tuvo un profundo impacto en la <strong>cohesi\u00f3n nacional<\/strong>, brindando identidad, uni\u00f3n entre los diferentes bandos que hab\u00eda en el pa\u00eds, pese a que hab\u00edan pasado 2 a\u00f1os tras de la <strong>Guerra de Reforma<\/strong>, un conflicto que dividi\u00f3 a liberales y conservadores. Un ejemplo de esta unidad fue el general conservador <strong>Miguel Negrete<\/strong>, quien se sum\u00f3 a la defensa de la Patria.<\/p>\n<p>\u00abYo antes que partido, tengo patria\u00bb, declar\u00f3 Miguel Negrete, una frase que, seg\u00fan Enrique, mantiene su vigencia.<\/p>\n<p>El ej\u00e9rcito franc\u00e9s de <strong>Napole\u00f3n III<\/strong>, considerado uno de los m\u00e1s poderosos y profesionalizados del mundo en 1862, lleg\u00f3 a <strong>Puebla <\/strong>con 6,000 hombres bajo el mando del <strong>Conde de Lorencez<\/strong>. Estas tropas no hab\u00edan conocido la derrota desde 1815 en <strong>Waterloo <\/strong>y contaban con unidades de \u00e9lite.<\/p>\n<p>En contraste, el ej\u00e9rcito mexicano, compuesto por 5,400 hombres, en gran medida miembros de <strong>guardias nacionales estatales<\/strong>, enfrentaba carencias significativas, con armamento vetusto y falta de calzado y fusiles.<\/p>\n<figure class=\"image\"><img loading=\"lazy\" decoding=\"async\" alt=\"\" height=\"434\" src=\"https:\/\/heraldodemexico.com.mx\/u\/fotografias\/m\/2023\/5\/5\/f768x1-723296_723423_4751.jpg\" width=\"768\"\/>&#13;<figcaption>En el Pe\u00f1\u00f3n de los Ba\u00f1os, en la CDMX, se realiza una representaci\u00f3n de esta batalla todos los a\u00f1os. FOTO: archivo.<\/figcaption>&#13;<br \/>\n<\/figure>\n<h2>\u00bfCu\u00e1l fue la frase original de Ignacio Zaragoza?<\/h2>\n<p>Fue en este contexto que el <strong>general Ignacio Zaragoza<\/strong>, tras la victoria, escribi\u00f3 una carta al presidente Benito Ju\u00e1rez. La frase que se ha popularizado es \u00ablas armas nacionales se han cubierto de gloria\u00bb, pero Ortiza aclar\u00f3 la versi\u00f3n original:&#13;<br \/>\n&#13;\n<\/p>\n<blockquote><p>&#13;<\/p>\n<p>\u00abLas armas del supremo gobierno se han cubierto de gloria\u00bb.&#13;\n<\/p>\n<\/blockquote>\n<p>Esta declaraci\u00f3n hac\u00eda referencia al <strong>gobierno liberal<\/strong>, <strong>republicano <\/strong>y <strong>federal<\/strong>, y reflejaba la incredulidad ante la derrota de una fuerza expedicionaria francesa de tal <strong>magnitud<\/strong>.&#13;<br \/>\n&#13;\n<\/p>\n<p>Entre los participantes destacados de la batalla se encontraban <strong>Porfirio D\u00edaz<\/strong>, quien estuvo a cargo de un batall\u00f3n, y <strong>Juan Nepomuceno M\u00e9ndez<\/strong>, quien dirigi\u00f3 a la <strong>Guardia Nacional de la Sierra Norte de Puebla<\/strong>, resistiendo la primera carga de los zuavos.&#13;<br \/>\n&#13;\n<\/p>\n<p>La batalla, que se extendi\u00f3 desde las 11:45 am\u00a0hasta las 4:00 pm, concluy\u00f3 con la retirada francesa, tras un aguacero que impidi\u00f3 su reorganizaci\u00f3n, sumado a la soberbia del <strong>Conde de Lorencez<\/strong>, quien apost\u00f3 su artiller\u00eda a 2 kil\u00f3metros de distancia de los fuertes de Loreto y Guadalupe, rest\u00e1ndole potencia a los ca\u00f1onazos.&#13;<br \/>\n&#13;\n<\/p>\n<p>La conmemoraci\u00f3n de esta batalla se mantiene viva, como la representaci\u00f3n que se realiza en el <strong>Pe\u00f1\u00f3n de los Ba\u00f1os<\/strong>, una tradici\u00f3n que data de 1880.&#13;<br \/>\n&#13;<br \/>\n&#13;\n                                <\/p>\n<\/p><\/div>\n<p><script>\n    !function(f,b,e,v,n,t,s)\n    {if(f.fbq)return;n=f.fbq=function(){n.callMethod?\n    n.callMethod.apply(n,arguments):n.queue.push(arguments)};\n    if(!f._fbq)f._fbq=n;n.push=n;n.loaded=!0;n.version='2.0';\n    n.queue=[];t=b.createElement(e);t.async=!0;\n    t.src=v;s=b.getElementsByTagName(e)[0];\n    s.parentNode.insertBefore(t,s)}(window, document,'script',\n    'https:\/\/connect.facebook.net\/en_US\/fbevents.js');\n    fbq('init', '237927003583820');\n    fbq('track', 'PageView');\n  <\/script><br \/>\n<br \/><\/p>\n","protected":false},"excerpt":{"rendered":"<p>La Batalla de Puebla, librada el 5 de mayo de 1862, es recordada como la gran victoria militar\u00a0en la historia de M\u00e9xico.\u00a0En entrevista con Javier Alatorre para El Heraldo Radio, el historiador Enrique Ortiz precis\u00f3 la frase original del general Ignacio Zaragoza, que inmortaliz\u00f3 esta gesta, aclarando que la versi\u00f3n com\u00fanmente conocida difiere de lo [&hellip;]<\/p>\n","protected":false},"author":4,"featured_media":4044,"comment_status":"","ping_status":"","sticky":false,"template":"","format":"standard","meta":{"footnotes":""},"categories":[33],"tags":[],"class_list":["post-4043","post","type-post","status-publish","format-standard","has-post-thumbnail","hentry","category-cultura"],"_links":{"self":[{"href":"https:\/\/conexion-mx.com\/index.php?rest_route=\/wp\/v2\/posts\/4043","targetHints":{"allow":["GET"]}}],"collection":[{"href":"https:\/\/conexion-mx.com\/index.php?rest_route=\/wp\/v2\/posts"}],"about":[{"href":"https:\/\/conexion-mx.com\/index.php?rest_route=\/wp\/v2\/types\/post"}],"author":[{"embeddable":true,"href":"https:\/\/conexion-mx.com\/index.php?rest_route=\/wp\/v2\/users\/4"}],"replies":[{"embeddable":true,"href":"https:\/\/conexion-mx.com\/index.php?rest_route=%2Fwp%2Fv2%2Fcomments&post=4043"}],"version-history":[{"count":0,"href":"https:\/\/conexion-mx.com\/index.php?rest_route=\/wp\/v2\/posts\/4043\/revisions"}],"wp:featuredmedia":[{"embeddable":true,"href":"https:\/\/conexion-mx.com\/index.php?rest_route=\/wp\/v2\/media\/4044"}],"wp:attachment":[{"href":"https:\/\/conexion-mx.com\/index.php?rest_route=%2Fwp%2Fv2%2Fmedia&parent=4043"}],"wp:term":[{"taxonomy":"category","embeddable":true,"href":"https:\/\/conexion-mx.com\/index.php?rest_route=%2Fwp%2Fv2%2Fcategories&post=4043"},{"taxonomy":"post_tag","embeddable":true,"href":"https:\/\/conexion-mx.com\/index.php?rest_route=%2Fwp%2Fv2%2Ftags&post=4043"}],"curies":[{"name":"wp","href":"https:\/\/api.w.org\/{rel}","templated":true}]}}