{"id":4047,"date":"2026-05-07T02:09:19","date_gmt":"2026-05-07T07:09:19","guid":{"rendered":"https:\/\/conexion-mx.com\/?p=4047"},"modified":"2026-05-07T02:09:19","modified_gmt":"2026-05-07T07:09:19","slug":"incorpora-imss-bienestar-a-400-medicos-y-enfermeras-en-el-estado-de-mexico","status":"publish","type":"post","link":"https:\/\/conexion-mx.com\/?p=4047","title":{"rendered":"Incorpora IMSS-Bienestar a 400 m\u00e9dicos y enfermeras en el Estado de M\u00e9xico"},"content":{"rendered":"<p> <br \/>\n<\/p>\n<div>\n<p>Este martes ingresaron <strong>400 nuevos m\u00e9dicos y enfermeras al IMSS-Bienestar<\/strong> como parte de la primera generaci\u00f3n del programa \u201cM\u00e1s especialistas, m\u00e1s enfermeras, m\u00e1s bienestar\u201d, evento que encabez\u00f3 la <strong>gobernadora Delfina G\u00f3mez<\/strong>. Adem\u00e1s, previamente, firm\u00f3 la donaci\u00f3n del hospital Valle Ceyl\u00e1n, en Tlalnepantla, y van por otros.<\/p>\n<p>Desde Palacio de Gobierno, la mandataria estuvo acompa\u00f1ada por el director general del <strong>IMSS-Bienestar<\/strong> nacional, <strong>Alejandro Svarch P\u00e9rez.<\/strong><\/p>\n<aside class=\"htmlinline\"\/>\n<p>Los nuevos profesionales de la salud y enfermeras reforzar\u00e1n la atenci\u00f3n m\u00e9dica de 54 hospitales del IMSS-Bienestar en el Estado de M\u00e9xico, entre ellos destacan el <strong>Centro M\u00e9dico Adolfo L\u00f3pez Mateos y el Hospital Nicol\u00e1s San Juan.<\/strong><\/p>\n<p>En su mensaje, <strong>G\u00f3mez \u00c1lvarez<\/strong> dijo que el arribo de esta primera generaci\u00f3n marca un antes y un despu\u00e9s en dicho modelo de salud.<\/p>\n<p>Recalc\u00f3 que la incorporaci\u00f3n del talento humano forma parte de la acci\u00f3n estrat\u00e9gica de fortalecer los servicios de salud, ampliar la cobertura y consolidar un modelo de atenci\u00f3n centrado en personas sin seguridad social.<\/p>\n<p>Subray\u00f3 que cada consulta y diagn\u00f3stico ser\u00e1 parte fundamental del cambio profundo del sistema de salud, que busca transformar la vida de mexiquenses, pues dicha instituci\u00f3n pone en el centro a las personas.<\/p>\n<blockquote><p>&#13;<\/p>\n<p>\u201cNos seguimos comprometiendo d\u00eda con d\u00eda a contribuir a la profesionalizaci\u00f3n, en un mejor equipamiento, un mejor espacio digno para todos ustedes (m\u00e9dicos)\u201d, asever\u00f3.<\/p>\n<p>&#13;\n<\/p><\/blockquote>\n<p>G\u00f3mez reconoci\u00f3 que se tiene un reto grande en el estado, pero cuando hay vocaci\u00f3n de servicio, sensibilidad y trabajo en equipo, se puede mejorar.\u00a0&#13;<br \/>\n&#13;\n<\/p>\n<p><strong>Svarch P\u00e9rez<\/strong> agreg\u00f3 que los nuevos 400 profesionales de la salud incidir\u00e1n en que 100 por ciento de los quir\u00f3fanos est\u00e9n, en tiempos de espera cortos y servicio humano oportuno.&#13;<br \/>\n&#13;\n<\/p>\n<p>Resalt\u00f3 que bajo el IMSS-Bienestar se pasaron de las 6.4 a las 7.1 millones de consultas en la entidad; y con las Rutas de Salud se abastecieron a mil 44 centros y 81 hospitales con la entrega de 11 millones de piezas m\u00e9dicas&#13;<br \/>\n&#13;\n<\/p>\n<p>\u00a0&#13;<br \/>\n&#13;\n<\/p>\n<p>MAAZ&#13;<br \/>\n&#13;\n<\/p>\n<p>\u00a0&#13;<br \/>\n&#13;<br \/>\n&#13;\n                                <\/p>\n<\/p><\/div>\n<p><script>\n    !function(f,b,e,v,n,t,s)\n    {if(f.fbq)return;n=f.fbq=function(){n.callMethod?\n    n.callMethod.apply(n,arguments):n.queue.push(arguments)};\n    if(!f._fbq)f._fbq=n;n.push=n;n.loaded=!0;n.version='2.0';\n    n.queue=[];t=b.createElement(e);t.async=!0;\n    t.src=v;s=b.getElementsByTagName(e)[0];\n    s.parentNode.insertBefore(t,s)}(window, document,'script',\n    'https:\/\/connect.facebook.net\/en_US\/fbevents.js');\n    fbq('init', '237927003583820');\n    fbq('track', 'PageView');\n  <\/script><script>\n    !function(f,b,e,v,n,t,s)\n    {if(f.fbq)return;n=f.fbq=function(){n.callMethod?\n    n.callMethod.apply(n,arguments):n.queue.push(arguments)};\n    if(!f._fbq)f._fbq=n;n.push=n;n.loaded=!0;n.version='2.0';\n    n.queue=[];t=b.createElement(e);t.async=!0;\n    t.src=v;s=b.getElementsByTagName(e)[0];\n    s.parentNode.insertBefore(t,s)}(window, document,'script',\n    'https:\/\/connect.facebook.net\/en_US\/fbevents.js');\n    fbq('init', '802372280934901');\n    fbq('track', 'PageView');\n    <\/script><br \/>\n<br \/><\/p>\n","protected":false},"excerpt":{"rendered":"<p>Este martes ingresaron 400 nuevos m\u00e9dicos y enfermeras al IMSS-Bienestar como parte de la primera generaci\u00f3n del programa \u201cM\u00e1s especialistas, m\u00e1s enfermeras, m\u00e1s bienestar\u201d, evento que encabez\u00f3 la gobernadora Delfina G\u00f3mez. Adem\u00e1s, previamente, firm\u00f3 la donaci\u00f3n del hospital Valle Ceyl\u00e1n, en Tlalnepantla, y van por otros. Desde Palacio de Gobierno, la mandataria estuvo acompa\u00f1ada por [&hellip;]<\/p>\n","protected":false},"author":2,"featured_media":4048,"comment_status":"","ping_status":"","sticky":false,"template":"","format":"standard","meta":{"footnotes":""},"categories":[2],"tags":[],"class_list":["post-4047","post","type-post","status-publish","format-standard","has-post-thumbnail","hentry","category-local"],"_links":{"self":[{"href":"https:\/\/conexion-mx.com\/index.php?rest_route=\/wp\/v2\/posts\/4047","targetHints":{"allow":["GET"]}}],"collection":[{"href":"https:\/\/conexion-mx.com\/index.php?rest_route=\/wp\/v2\/posts"}],"about":[{"href":"https:\/\/conexion-mx.com\/index.php?rest_route=\/wp\/v2\/types\/post"}],"author":[{"embeddable":true,"href":"https:\/\/conexion-mx.com\/index.php?rest_route=\/wp\/v2\/users\/2"}],"replies":[{"embeddable":true,"href":"https:\/\/conexion-mx.com\/index.php?rest_route=%2Fwp%2Fv2%2Fcomments&post=4047"}],"version-history":[{"count":0,"href":"https:\/\/conexion-mx.com\/index.php?rest_route=\/wp\/v2\/posts\/4047\/revisions"}],"wp:featuredmedia":[{"embeddable":true,"href":"https:\/\/conexion-mx.com\/index.php?rest_route=\/wp\/v2\/media\/4048"}],"wp:attachment":[{"href":"https:\/\/conexion-mx.com\/index.php?rest_route=%2Fwp%2Fv2%2Fmedia&parent=4047"}],"wp:term":[{"taxonomy":"category","embeddable":true,"href":"https:\/\/conexion-mx.com\/index.php?rest_route=%2Fwp%2Fv2%2Fcategories&post=4047"},{"taxonomy":"post_tag","embeddable":true,"href":"https:\/\/conexion-mx.com\/index.php?rest_route=%2Fwp%2Fv2%2Ftags&post=4047"}],"curies":[{"name":"wp","href":"https:\/\/api.w.org\/{rel}","templated":true}]}}