{"id":4051,"date":"2026-05-07T14:31:42","date_gmt":"2026-05-07T19:31:42","guid":{"rendered":"https:\/\/conexion-mx.com\/?p=4051"},"modified":"2026-05-07T14:31:42","modified_gmt":"2026-05-07T19:31:42","slug":"paulina-rubio-sube-fuerte-mensaje-en-medio-de-su-juicio-con-colate-se-estan-disputando-la-custodia-de-su-hijo","status":"publish","type":"post","link":"https:\/\/conexion-mx.com\/?p=4051","title":{"rendered":"Paulina Rubio sube fuerte mensaje en medio de su juicio con Colate; se est\u00e1n disputando la custodia de su hijo"},"content":{"rendered":"<p> <br \/>\n<\/p>\n<div>\n<p>La tarde de este jueves 7 de mayo la cantante, <strong>Paulina Rubio<\/strong>, comparti\u00f3\u00a0un comunicado en medio del juicio que tiene contra su ex pareja sentimental,\u00a0<strong>Nicol\u00e1s Vallejo-N\u00e1gera<\/strong>, mejor conocido como \u00abColate\u00bb,\u00a0por la guardia y custodia de su hijo,\u00a0<strong>Andrea Nicol\u00e1s Vallejo-N\u00e1gera Rubio<\/strong>, de 15 a\u00f1os de edad.<\/p>\n<p>Ante una corte de la ciudad de Miami, Florida, Estados Unidos, la <strong>cantante conocida como \u00abLa Chica Dorada\u00bb<\/strong> tiene un proceso legal con el<strong> empresario \u00abColate\u00bb<\/strong> por la custodia del hijo que procrearon en com\u00fan.\u00a0<\/p>\n<aside class=\"htmlinline\"\/>\n<figure class=\"image\"><img loading=\"lazy\" decoding=\"async\" alt=\"paulina rubio colate custodia hijo \" height=\"435\" src=\"https:\/\/heraldodemexico.com.mx\/u\/fotografias\/m\/2026\/5\/6\/f768x1-1280620_1280747_5429.jpg\" width=\"768\"\/>&#13;<figcaption>La cantante tiene un proceso legal con su ex pareja sentimental. Foto: Cuartoscuro<\/figcaption>&#13;<br \/>\n<\/figure>\n<h2>Paulina Rubio comparte comunicado<\/h2>\n<p>En medio del proceso legal por la custodia de su hijo, <strong>Paulina Rubio<\/strong>, una de las cantantes m\u00e1s famosas en M\u00e9xico, registr\u00f3 actividad en redes sociales para subir un comunicado en el que habl\u00f3 sobre la maternidad y los distintos rumores que han surgido sobre el desarrollo del juicio.\u00a0<\/p>\n<aside class=\"relacionadas con-foto linea-1078\"><strong class=\"relacionadas-titulo-gral\">Noticias Relacionadas<\/strong><\/aside>\n<p>Ante sus seguidores en Instagram, la int\u00e9rprete de<strong>\u00a0\u00abNi una sola palabra\u00bb y\u00a0\u00abYo no soy esa mujer\u00bb<\/strong> agradeci\u00f3 las muestras de cari\u00f1o que ha recibido por el juicio que la enfrenta a su ex pareja sentimental, el empresario nacido en Espa\u00f1a, \u00abColate\u00bb.<\/p>\n<p>En otra parte del texto, <strong>Paulina Rubio<\/strong> record\u00f3 que la gente la conoce por su carrera, pero su faceta m\u00e1s importante es como mam\u00e1. La cantante asegur\u00f3 que es un \u00abprivilegio\u00bb y \u00abresponsabilidad\u00bb ser madre de dos j\u00f3venes.\u00a0<\/p>\n<blockquote><p>&#13;<\/p>\n<p>\u00abLa gente puede conocerme por mi carrera, por los escenarios o por mi trayectoria p\u00fablica, pero ning\u00fan \u00e9xito se compara con el privilegio y la responsabilidad de ser madre. Ese es el t\u00edtulo que m\u00e1s orgullo me da y el que defender\u00e9 siempre con toda mi fuerza\u00bb, escribi\u00f3.\u00a0<\/p>\n<p>&#13;\n<\/p><\/blockquote>\n<p>Finalmente, \u00abLa Chica Dorada\u00bb apunt\u00f3 que sus hijos \u00abson y siempre ser\u00e1n\u00bb su prioridad. Se\u00f1al\u00f3 que cada decisi\u00f3n que toma lo hace desde el gran amor que les tiene, siempre anteponiendo \u00absu bienestar, su felicidad y su futuro\u00bb.\u00a0<\/p>\n<blockquote><p>&#13;<\/p>\n<p>\u00abMis hijos son y siempre ser\u00e1n mi prioridad. Cada decisi\u00f3n que tomo nace del amor incondicional, de la protecci\u00f3n y del compromiso absoluta con su bienestar, su felicidad y su futuro\u00bb, concluye el escrito.\u00a0&#13;\n<\/p>\n<\/blockquote>\n<figure class=\"image\"><img loading=\"lazy\" decoding=\"async\" alt=\"comunicado paulina rubio colate hijo custodia hijo\" height=\"963\" src=\"https:\/\/heraldodemexico.com.mx\/u\/fotografias\/m\/2026\/5\/7\/f768x1-1281132_1281259_5050.jpg\" width=\"768\"\/>&#13;<figcaption>La cantante subi\u00f3 este comunicado. Foto: Instagram\/@programahoy<\/figcaption>&#13;<br \/>\n<\/figure>\n<h2>\u00bfQu\u00e9 pas\u00f3 entre Paulina Rubio y Colate?<\/h2>\n<p>Hace unos d\u00edas inici\u00f3 el juicio que enfrenta a la cantante,<strong>\u00a0Paulina Rubio<\/strong>, con su expareja sentimental, el empresario nacido en Espa\u00f1a,\u00a0<strong>Nicol\u00e1s Vallejo-N\u00e1gera<\/strong>,\u00a0mejor conocido como \u00abColate\u00bb. Los famosos est\u00e1n en proceso en una corte de la ciudad de Miami, Florida, Estados Unidos, por la guardia y custodia de su hijo,\u00a0<strong>Andrea Nicol\u00e1s Vallejo-N\u00e1gera Rubio<\/strong>.\u00a0&#13;<br \/>\n&#13;<br \/>\n&#13;\n                                <\/p>\n<\/p><\/div>\n<p><script>\n    !function(f,b,e,v,n,t,s)\n    {if(f.fbq)return;n=f.fbq=function(){n.callMethod?\n    n.callMethod.apply(n,arguments):n.queue.push(arguments)};\n    if(!f._fbq)f._fbq=n;n.push=n;n.loaded=!0;n.version='2.0';\n    n.queue=[];t=b.createElement(e);t.async=!0;\n    t.src=v;s=b.getElementsByTagName(e)[0];\n    s.parentNode.insertBefore(t,s)}(window, document,'script',\n    'https:\/\/connect.facebook.net\/en_US\/fbevents.js');\n    fbq('init', '237927003583820');\n    fbq('track', 'PageView');\n  <\/script><script>\n    !function(f,b,e,v,n,t,s)\n    {if(f.fbq)return;n=f.fbq=function(){n.callMethod?\n    n.callMethod.apply(n,arguments):n.queue.push(arguments)};\n    if(!f._fbq)f._fbq=n;n.push=n;n.loaded=!0;n.version='2.0';\n    n.queue=[];t=b.createElement(e);t.async=!0;\n    t.src=v;s=b.getElementsByTagName(e)[0];\n    s.parentNode.insertBefore(t,s)}(window, document,'script',\n    'https:\/\/connect.facebook.net\/en_US\/fbevents.js');\n    fbq('init', '775201487065840');\n    fbq('track', 'PageView');\n    <\/script><br \/>\n<br \/><\/p>\n","protected":false},"excerpt":{"rendered":"<p>La tarde de este jueves 7 de mayo la cantante, Paulina Rubio, comparti\u00f3\u00a0un comunicado en medio del juicio que tiene contra su ex pareja sentimental,\u00a0Nicol\u00e1s Vallejo-N\u00e1gera, mejor conocido como \u00abColate\u00bb,\u00a0por la guardia y custodia de su hijo,\u00a0Andrea Nicol\u00e1s Vallejo-N\u00e1gera Rubio, de 15 a\u00f1os de edad. Ante una corte de la ciudad de Miami, Florida, Estados [&hellip;]<\/p>\n","protected":false},"author":3,"featured_media":4052,"comment_status":"","ping_status":"","sticky":false,"template":"","format":"standard","meta":{"footnotes":""},"categories":[35],"tags":[],"class_list":["post-4051","post","type-post","status-publish","format-standard","has-post-thumbnail","hentry","category-espectaculos"],"_links":{"self":[{"href":"https:\/\/conexion-mx.com\/index.php?rest_route=\/wp\/v2\/posts\/4051","targetHints":{"allow":["GET"]}}],"collection":[{"href":"https:\/\/conexion-mx.com\/index.php?rest_route=\/wp\/v2\/posts"}],"about":[{"href":"https:\/\/conexion-mx.com\/index.php?rest_route=\/wp\/v2\/types\/post"}],"author":[{"embeddable":true,"href":"https:\/\/conexion-mx.com\/index.php?rest_route=\/wp\/v2\/users\/3"}],"replies":[{"embeddable":true,"href":"https:\/\/conexion-mx.com\/index.php?rest_route=%2Fwp%2Fv2%2Fcomments&post=4051"}],"version-history":[{"count":0,"href":"https:\/\/conexion-mx.com\/index.php?rest_route=\/wp\/v2\/posts\/4051\/revisions"}],"wp:featuredmedia":[{"embeddable":true,"href":"https:\/\/conexion-mx.com\/index.php?rest_route=\/wp\/v2\/media\/4052"}],"wp:attachment":[{"href":"https:\/\/conexion-mx.com\/index.php?rest_route=%2Fwp%2Fv2%2Fmedia&parent=4051"}],"wp:term":[{"taxonomy":"category","embeddable":true,"href":"https:\/\/conexion-mx.com\/index.php?rest_route=%2Fwp%2Fv2%2Fcategories&post=4051"},{"taxonomy":"post_tag","embeddable":true,"href":"https:\/\/conexion-mx.com\/index.php?rest_route=%2Fwp%2Fv2%2Ftags&post=4051"}],"curies":[{"name":"wp","href":"https:\/\/api.w.org\/{rel}","templated":true}]}}