{"id":4053,"date":"2026-05-07T18:35:32","date_gmt":"2026-05-07T23:35:32","guid":{"rendered":"https:\/\/conexion-mx.com\/?p=4053"},"modified":"2026-05-07T18:35:32","modified_gmt":"2026-05-07T23:35:32","slug":"cuando-sera-el-regreso-a-clases-sep-confirma-fecha-oficial-en-que-iniciara-el-ciclo-escolar-2026-2027","status":"publish","type":"post","link":"https:\/\/conexion-mx.com\/?p=4053","title":{"rendered":"\u00bfCu\u00e1ndo ser\u00e1 el regreso a clases? SEP confirma FECHA OFICIAL en que iniciar\u00e1 el Ciclo Escolar 2026-2027"},"content":{"rendered":"<p> <br \/>\n<\/p>\n<div itemprop=\"articleBody\">\n<div class=\"txt_contenido\">\n<p>Ante el reciente anuncio del secretario de Educaci\u00f3n P\u00fablica (<strong>SEP<\/strong>), <strong>Mario Delgado<\/strong> Carrillo, de que las <strong>clases de educaci\u00f3n b\u00e1sica<\/strong> en <strong>Primaria<\/strong> y <strong>Secundaria<\/strong> ahora concluir\u00e1n el <strong>viernes 5 de junio<\/strong>, los padres y las madres de familia se preguntan <strong>cu\u00e1ndo ser\u00e1 el regreso a clases<\/strong>.<\/p>\n<p>Al respecto, Delgado Carrillo confirm\u00f3 que el inicio del <strong>pr\u00f3ximo Ciclo Escolar 2026-2027<\/strong> ser\u00e1 el<strong> lunes 31 de agosto<\/strong>, esto luego del acuerdo\u00a0un\u00e1nime del Consejo Nacional de Autoridades Educativas, integrado por todas las secretarias y secretarios de educaci\u00f3n de nuestro pa\u00eds.<\/p>\n<aside class=\"htmlinline\"\/>\n<p>Y es que <strong>las clases estaban programadas a terminarse el 15 de julio<\/strong>, sin embargo <strong>se adelantaron 40 d\u00edas<\/strong>, debido a la extraordinaria <strong>ola de calor<\/strong> que se est\u00e1 viviendo en la Rep\u00fablica mexicana y que podr\u00eda continuar durante los meses de junio y julio. Tambi\u00e9n, <strong>a causa del Mundial 2026<\/strong> que se desarrollar\u00e1 en nuestro pa\u00eds.<\/p>\n<aside class=\"relacionadas con-foto linea-1078\"><strong class=\"relacionadas-titulo-gral\">Noticias Relacionadas<\/strong><\/aside>\n<h2>\u00bfCu\u00e1ntos d\u00edas de vacaciones tendr\u00e1n los estudiantes?<\/h2>\n<p>Tras las recientes <strong>modificaciones al Calendario Escolar de la SEP<\/strong>, anunciadas por <strong>Mario Delgado<\/strong> Carrillo, los estudiantes de <strong>educaci\u00f3n b\u00e1sica de Primaria y Secundaria<\/strong>\u00a0tendr\u00e1n m\u00e1s d\u00edas de vacaciones.<\/p>\n<p>Debido a que el<strong> \u00faltimo d\u00eda de clases ser\u00e1 el viernes 5 de junio <\/strong>y el <strong>arranque del pr\u00f3ximo Ciclo Escolar 2026-2027 ser\u00e1 el lunes 31 de agosto<\/strong>, las ni\u00f1as y los ni\u00f1os <strong>podr\u00e1n disfrutar de 86 d\u00edas de vacaciones<\/strong>, esto es casi 3 meses que estar\u00e1n en casa.<\/p>\n<div class=\"image-align-center\">\n<figure class=\"image\"><img loading=\"lazy\" decoding=\"async\" alt=\"\" height=\"432\" src=\"https:\/\/heraldodemexico.com.mx\/u\/fotografias\/m\/2026\/5\/7\/f768x1-1281249_1281376_5050.jpg\" width=\"768\"\/>&#13;<figcaption>Los estudiantes del nivel b\u00e1sico podr\u00e1n disfrutar varios d\u00edas de vacaciones \/ FOTO: CUARTOSCURO<\/figcaption>&#13;<br \/>\n<\/figure>\n<\/div>\n<p>Al respecto, <strong>el titular de la SEP agradeci\u00f3<\/strong> a trav\u00e9s de un video compartido en su cuenta de X, <strong>a\u00a0las mam\u00e1s y a los pap\u00e1s por apoyar\u00a0esta iniciativa<\/strong>.<\/p>\n<p>Asimismo, Delgado se\u00f1al\u00f3 que <strong>buscar\u00e1n garantizar que se cumpla todo lo establecido en el Plan de Estudios<\/strong> as\u00ed como <strong>el aprovechamiento escolar de todas y todos los estudiantes<\/strong>.<\/p>\n<\/p><\/div>\n<\/p><\/div>\n<p><script>\n    !function(f,b,e,v,n,t,s)\n    {if(f.fbq)return;n=f.fbq=function(){n.callMethod?\n    n.callMethod.apply(n,arguments):n.queue.push(arguments)};\n    if(!f._fbq)f._fbq=n;n.push=n;n.loaded=!0;n.version='2.0';\n    n.queue=[];t=b.createElement(e);t.async=!0;\n    t.src=v;s=b.getElementsByTagName(e)[0];\n    s.parentNode.insertBefore(t,s)}(window, document,'script',\n    'https:\/\/connect.facebook.net\/en_US\/fbevents.js');\n    fbq('init', '237927003583820');\n    fbq('track', 'PageView');\n  <\/script><script>\n    !function(f,b,e,v,n,t,s)\n    {if(f.fbq)return;n=f.fbq=function(){n.callMethod?\n    n.callMethod.apply(n,arguments):n.queue.push(arguments)};\n    if(!f._fbq)f._fbq=n;n.push=n;n.loaded=!0;n.version='2.0';\n    n.queue=[];t=b.createElement(e);t.async=!0;\n    t.src=v;s=b.getElementsByTagName(e)[0];\n    s.parentNode.insertBefore(t,s)}(window, document,'script',\n    'https:\/\/connect.facebook.net\/en_US\/fbevents.js');\n    fbq('init', '802372280934901');\n    fbq('track', 'PageView');\n    <\/script><br \/>\n<br \/><\/p>\n","protected":false},"excerpt":{"rendered":"<p>Ante el reciente anuncio del secretario de Educaci\u00f3n P\u00fablica (SEP), Mario Delgado Carrillo, de que las clases de educaci\u00f3n b\u00e1sica en Primaria y Secundaria ahora concluir\u00e1n el viernes 5 de junio, los padres y las madres de familia se preguntan cu\u00e1ndo ser\u00e1 el regreso a clases. Al respecto, Delgado Carrillo confirm\u00f3 que el inicio del [&hellip;]<\/p>\n","protected":false},"author":2,"featured_media":4054,"comment_status":"","ping_status":"","sticky":false,"template":"","format":"standard","meta":{"footnotes":""},"categories":[2],"tags":[],"class_list":["post-4053","post","type-post","status-publish","format-standard","has-post-thumbnail","hentry","category-local"],"_links":{"self":[{"href":"https:\/\/conexion-mx.com\/index.php?rest_route=\/wp\/v2\/posts\/4053","targetHints":{"allow":["GET"]}}],"collection":[{"href":"https:\/\/conexion-mx.com\/index.php?rest_route=\/wp\/v2\/posts"}],"about":[{"href":"https:\/\/conexion-mx.com\/index.php?rest_route=\/wp\/v2\/types\/post"}],"author":[{"embeddable":true,"href":"https:\/\/conexion-mx.com\/index.php?rest_route=\/wp\/v2\/users\/2"}],"replies":[{"embeddable":true,"href":"https:\/\/conexion-mx.com\/index.php?rest_route=%2Fwp%2Fv2%2Fcomments&post=4053"}],"version-history":[{"count":0,"href":"https:\/\/conexion-mx.com\/index.php?rest_route=\/wp\/v2\/posts\/4053\/revisions"}],"wp:featuredmedia":[{"embeddable":true,"href":"https:\/\/conexion-mx.com\/index.php?rest_route=\/wp\/v2\/media\/4054"}],"wp:attachment":[{"href":"https:\/\/conexion-mx.com\/index.php?rest_route=%2Fwp%2Fv2%2Fmedia&parent=4053"}],"wp:term":[{"taxonomy":"category","embeddable":true,"href":"https:\/\/conexion-mx.com\/index.php?rest_route=%2Fwp%2Fv2%2Fcategories&post=4053"},{"taxonomy":"post_tag","embeddable":true,"href":"https:\/\/conexion-mx.com\/index.php?rest_route=%2Fwp%2Fv2%2Ftags&post=4053"}],"curies":[{"name":"wp","href":"https:\/\/api.w.org\/{rel}","templated":true}]}}