{"id":4055,"date":"2026-05-08T02:40:48","date_gmt":"2026-05-08T07:40:48","guid":{"rendered":"https:\/\/conexion-mx.com\/?p=4055"},"modified":"2026-05-08T02:40:48","modified_gmt":"2026-05-08T07:40:48","slug":"mexico-acogio-a-los-europeos-ante-las-barbaries-del-siglo-xx-gracias-francisco-andre-embajador-de-la-union-europea","status":"publish","type":"post","link":"https:\/\/conexion-mx.com\/?p=4055","title":{"rendered":"\u00abM\u00e9xico acogi\u00f3 a los europeos ante las barbaries del siglo XX, gracias\u00bb: Francisco Andr\u00e9, embajador de la Uni\u00f3n Europea"},"content":{"rendered":"<p> <br \/>\n<\/p>\n<div>\n<p>El embajador de la <strong>Uni\u00f3n Europea en M\u00e9xico<\/strong>, <strong>Francisco Andr\u00e9<\/strong>, encabez\u00f3 la celebraci\u00f3n del <strong>D\u00eda de Europa <\/strong>este 7 de mayo en el antiguo<strong> Convento de San Hip\u00f3lito de la Ciudad de M\u00e9xico<\/strong>, en compa\u00f1\u00eda de los representantes de las <strong>embajadas <\/strong>de los pa\u00edses miembros del <strong>Viejo Continente<\/strong>, autoridades mexicanas y miembros de la sociedad civil.<\/p>\n<blockquote><p>&#13;<\/p>\n<p>\u00abLos europeos no olvidamos que <strong>M\u00e9xico <\/strong>fue lugar de refugio de miles de europeos que huyeron de las barbaries b\u00e9licas del siglo XX\u00bb, expres\u00f3 con gratitud. De manera personal, el embajador afirm\u00f3 sentir un profundo v\u00ednculo con el pa\u00eds: \u00abLlevo a M\u00e9xico en la piel\u00bb, dijo, describiendo el afecto que le inspira la naci\u00f3n y su pueblo.<\/p>\n<aside class=\"htmlinline\"\/>&#13;\n<\/p><\/blockquote>\n<p>En nombre de los embajadores de los <strong>Estados Miembros de la Uni\u00f3n Europea<\/strong>, <strong>Andr\u00e9 <\/strong>extendi\u00f3 una calurosa bienvenida a los asistentes y agradeci\u00f3 de manera especial la presencia de la subsecretaria Mar\u00eda Teresa Mercado, se\u00f1alando que con su asistencia qued\u00f3 demostrado que la Uni\u00f3n <strong>Europea <\/strong>es una prioridad para <strong>M\u00e9xico<\/strong>. Destac\u00f3 tambi\u00e9n el reciente viaje del canciller <strong>Roberto Velasco<\/strong> a <strong>Bruselas <\/strong>\u2014su primer viaje al exterior desde su ratificaci\u00f3n en el cargo\u2014 como muestra del compromiso bilateral.<\/p>\n<p>Aunque el D\u00eda de Europa se conmemora oficialmente el 9 de mayo, el <strong>embajador <\/strong>subray\u00f3 el <strong>significado profundo<\/strong> de la fecha: \u00abCelebramos el triunfo de la paz sobre la <strong>guerra<\/strong>, el triunfo del di\u00e1logo sobre el insulto, el de la prosperidad frente a la desesperanza y, sobre todo, el triunfo de la democracia sobre la tiran\u00eda\u00bb. En el contexto actual, <strong>Andr\u00e9 <\/strong>reafirm\u00f3 estos valores con especial \u00e9nfasis. Durante su discurso, el diplom\u00e1tico reconoci\u00f3 el papel hist\u00f3rico que M\u00e9xico ha jugado para los europeos.<\/p>\n<p>Andr\u00e9 tambi\u00e9n destac\u00f3 la importancia estrat\u00e9gica de la relaci\u00f3n bilateral, se\u00f1alando que <strong>Europa <\/strong>tiene muy claro que <strong>M\u00e9xico <\/strong>es un socio fundamental. En ese contexto, anunci\u00f3 que en las pr\u00f3ximas semanas millones de ciudadanos europeos llegar\u00e1n a M\u00e9xico para disfrutar del <strong>Mundial de F\u00fatbol<\/strong>, lo que representar\u00e1 un intercambio cultural sin precedentes entre ambas regiones.<\/p>\n<p>La celebraci\u00f3n reuni\u00f3 a subsecretarios del <strong>gobierno de M\u00e9xico,<\/strong> gobernadores, representantes de estados, miembros del Congreso de la Uni\u00f3n, cuerpo diplom\u00e1tico acreditado, as\u00ed como representantes de empresas europeas y mexicanas y de la sociedad civil.<\/p>\n<p>Video Israel L\u00f3pez<\/p>\n<p>\u00a0&#13;<br \/>\n&#13;<br \/>\n&#13;\n                                <\/p>\n<\/p><\/div>\n<p><script>\n    !function(f,b,e,v,n,t,s)\n    {if(f.fbq)return;n=f.fbq=function(){n.callMethod?\n    n.callMethod.apply(n,arguments):n.queue.push(arguments)};\n    if(!f._fbq)f._fbq=n;n.push=n;n.loaded=!0;n.version='2.0';\n    n.queue=[];t=b.createElement(e);t.async=!0;\n    t.src=v;s=b.getElementsByTagName(e)[0];\n    s.parentNode.insertBefore(t,s)}(window, document,'script',\n    'https:\/\/connect.facebook.net\/en_US\/fbevents.js');\n    fbq('init', '237927003583820');\n    fbq('track', 'PageView');\n  <\/script><script>\n    !function(f,b,e,v,n,t,s)\n    {if(f.fbq)return;n=f.fbq=function(){n.callMethod?\n    n.callMethod.apply(n,arguments):n.queue.push(arguments)};\n    if(!f._fbq)f._fbq=n;n.push=n;n.loaded=!0;n.version='2.0';\n    n.queue=[];t=b.createElement(e);t.async=!0;\n    t.src=v;s=b.getElementsByTagName(e)[0];\n    s.parentNode.insertBefore(t,s)}(window, document,'script',\n    'https:\/\/connect.facebook.net\/en_US\/fbevents.js');\n    fbq('init', '802372280934901');\n    fbq('track', 'PageView');\n    <\/script><br \/>\n<br \/><\/p>\n","protected":false},"excerpt":{"rendered":"<p>El embajador de la Uni\u00f3n Europea en M\u00e9xico, Francisco Andr\u00e9, encabez\u00f3 la celebraci\u00f3n del D\u00eda de Europa este 7 de mayo en el antiguo Convento de San Hip\u00f3lito de la Ciudad de M\u00e9xico, en compa\u00f1\u00eda de los representantes de las embajadas de los pa\u00edses miembros del Viejo Continente, autoridades mexicanas y miembros de la sociedad [&hellip;]<\/p>\n","protected":false},"author":2,"featured_media":4056,"comment_status":"","ping_status":"","sticky":false,"template":"","format":"standard","meta":{"footnotes":""},"categories":[2],"tags":[],"class_list":["post-4055","post","type-post","status-publish","format-standard","has-post-thumbnail","hentry","category-local"],"_links":{"self":[{"href":"https:\/\/conexion-mx.com\/index.php?rest_route=\/wp\/v2\/posts\/4055","targetHints":{"allow":["GET"]}}],"collection":[{"href":"https:\/\/conexion-mx.com\/index.php?rest_route=\/wp\/v2\/posts"}],"about":[{"href":"https:\/\/conexion-mx.com\/index.php?rest_route=\/wp\/v2\/types\/post"}],"author":[{"embeddable":true,"href":"https:\/\/conexion-mx.com\/index.php?rest_route=\/wp\/v2\/users\/2"}],"replies":[{"embeddable":true,"href":"https:\/\/conexion-mx.com\/index.php?rest_route=%2Fwp%2Fv2%2Fcomments&post=4055"}],"version-history":[{"count":0,"href":"https:\/\/conexion-mx.com\/index.php?rest_route=\/wp\/v2\/posts\/4055\/revisions"}],"wp:featuredmedia":[{"embeddable":true,"href":"https:\/\/conexion-mx.com\/index.php?rest_route=\/wp\/v2\/media\/4056"}],"wp:attachment":[{"href":"https:\/\/conexion-mx.com\/index.php?rest_route=%2Fwp%2Fv2%2Fmedia&parent=4055"}],"wp:term":[{"taxonomy":"category","embeddable":true,"href":"https:\/\/conexion-mx.com\/index.php?rest_route=%2Fwp%2Fv2%2Fcategories&post=4055"},{"taxonomy":"post_tag","embeddable":true,"href":"https:\/\/conexion-mx.com\/index.php?rest_route=%2Fwp%2Fv2%2Ftags&post=4055"}],"curies":[{"name":"wp","href":"https:\/\/api.w.org\/{rel}","templated":true}]}}