{"id":4057,"date":"2026-05-08T07:20:53","date_gmt":"2026-05-08T12:20:53","guid":{"rendered":"https:\/\/conexion-mx.com\/?p=4057"},"modified":"2026-05-08T07:20:53","modified_gmt":"2026-05-08T12:20:53","slug":"julio-cortazar-y-la-dura-lucha-interna-que-lo-hacia-sentirse-como-el-dr-jekyll-y-mr-hyde","status":"publish","type":"post","link":"https:\/\/conexion-mx.com\/?p=4057","title":{"rendered":"Julio Cortazar y la dura lucha interna que lo hac\u00eda sentirse como el Dr. Jekyll y Mr. Hyde"},"content":{"rendered":"<p> <br \/>\n<\/p>\n<div>\n<p>\u00abEs un poco como la historia del <strong>Dr<\/strong>. <strong>Jekyll <\/strong>y <strong>Mr<\/strong>. <strong>Hyde<\/strong>. El solitario es Mr. Hyde, el malo, y Dr. Jekyll es el que trata de hacer alguna cosa\u00bb, as\u00ed era como\u00a0<strong>Julio<\/strong> <strong>Cort\u00e1zar <\/strong>se ve\u00eda as\u00ed mismo en la dicotom\u00eda de su deseo de estar aislado de los otros, pero a la vez buscar estar cerca del <strong>pr\u00f3jimo<\/strong>.\u00a0<\/p>\n<p>La reflexi\u00f3n del <strong>escritor argentino <\/strong>se dio en una\u00a0entrevista que le hizo el conductor <strong>Joaqu\u00edn Soler Serrano <\/strong>en marzo de 1977 para\u00a0A Fondo, un programa de Radio Televisi\u00f3n Espa\u00f1ola.<\/p>\n<aside class=\"htmlinline\"\/>\n<p>Esta dualidad, que el autor describe como un \u00ab<strong>desgarramiento<\/strong>\u00ab, marc\u00f3 su vida desde la <strong>juventud <\/strong>y persisti\u00f3 hasta su <strong>madurez<\/strong>, manifest\u00e1ndose como un enfrentamiento permanente con el cual tuvo que lidiar durante toda su vida.<\/p>\n<aside class=\"relacionadas con-foto linea-1078\"><strong class=\"relacionadas-titulo-gral\">Noticias Relacionadas<\/strong><\/aside>\n<p>\u00a0<\/p>\n<figure class=\"image\"><img loading=\"lazy\" decoding=\"async\" alt=\"\" height=\"432\" src=\"https:\/\/heraldodemexico.com.mx\/u\/fotografias\/m\/2022\/1\/19\/f768x1-468095_468222_5050.jpg\" width=\"768\"\/>&#13;<figcaption>El autor aseguraba que sent\u00eda un desdoblamiento de su ser al momento de lidiar con las otras personas. FOTO: archivo.<\/figcaption>&#13;<br \/>\n<\/figure>\n<h2>La naturaleza solitaria de Julio Cortazar y el descubrimiento del pr\u00f3jimo<\/h2>\n<p>Cort\u00e1zar confirm\u00f3 la percepci\u00f3n de haber sido siempre un <strong>hombre solitario<\/strong>, especialmente durante su adolescencia y primera juventud. A pesar de un deseo inherente de tener <strong>amigos <\/strong>y de que los hombres se entendieran, el escritor se sent\u00eda muy h\u00e1bil y preparada\u00a0a su propia soledad.\u00a0Explic\u00f3 que esta inclinaci\u00f3n al aislamiento no era una <strong>carga<\/strong>, sino una parte intr\u00ednseca de su ser.<\/p>\n<p>\u00abYo soy por naturaleza solitario. Me siento bien solo. Puedo vivir solo, puedo vivir largos periodos solo\u00bb.<\/p>\n<p>Sin embargo, un cambio significativo ocurri\u00f3 durante su estancia en <strong>Europa<\/strong>, donde descubri\u00f3 al pr\u00f3jimo.\u00a0Lo que antes reivindicaba como un derecho y casi un orgullo se transform\u00f3 en un sentimiento de culpa.<\/p>\n<p>Esta transformaci\u00f3n lo llev\u00f3 a intentar a conectar cuando consideraba que su contribuci\u00f3n pod\u00eda tener sentido. La complejidad de esta lucha interna la compar\u00f3 con una famosa obra literaria de\u00a0Robert Louis Stevenson.&#13;<br \/>\n&#13;\n<\/p>\n<h2>Amistades selectas y el conflicto persistente<\/h2>\n<p>A pesar de su naturaleza retra\u00edda, <strong>Cort\u00e1zar <\/strong>enfatiz\u00f3 la calidad de sus <strong>relaciones personales<\/strong>. Reconoci\u00f3 que sus amigos fueron pocos en todas las etapas de su vida, desde la escuela primaria hasta sus a\u00f1os como profesor, pero siempre fueron buenos.&#13;<br \/>\n&#13;\n<\/p>\n<p>\u00abDesde ni\u00f1o yo prefer\u00ed tener dos o tres compa\u00f1eros con quienes me sent\u00eda en un nivel fraternal, con plena confianza para lo bueno y para lo malo\u00bb.&#13;<br \/>\n&#13;\n<\/p>\n<p>Esta filosof\u00eda se mantuvo durante su adolescencia, donde tuvo a los que catalog\u00f3 como muy pocos y maravillosos amigos, algunos de los cuales conserv\u00f3 durante <strong>d\u00e9cadas<\/strong>. A pesar de estos lazos profundos y de participar en contactos humanos que tild\u00f3 como muy bellos, el conflicto persist\u00eda.&#13;<br \/>\n&#13;\n<\/p>\n<p>Cort\u00e1zar relataba que, incluso en <strong>reuniones sociales <\/strong>donde se siente a gusto, hab\u00eda momentos en que su \u00abMr. Hyde\u00bb le susurraba la idea de regresar a la <strong>tranquilidad <\/strong>de su hogar.&#13;<br \/>\n&#13;<br \/>\n&#13;\n                                <\/p>\n<\/p><\/div>\n<p><script>\n    !function(f,b,e,v,n,t,s)\n    {if(f.fbq)return;n=f.fbq=function(){n.callMethod?\n    n.callMethod.apply(n,arguments):n.queue.push(arguments)};\n    if(!f._fbq)f._fbq=n;n.push=n;n.loaded=!0;n.version='2.0';\n    n.queue=[];t=b.createElement(e);t.async=!0;\n    t.src=v;s=b.getElementsByTagName(e)[0];\n    s.parentNode.insertBefore(t,s)}(window, document,'script',\n    'https:\/\/connect.facebook.net\/en_US\/fbevents.js');\n    fbq('init', '237927003583820');\n    fbq('track', 'PageView');\n  <\/script><br \/>\n<br \/><\/p>\n","protected":false},"excerpt":{"rendered":"<p>\u00abEs un poco como la historia del Dr. Jekyll y Mr. Hyde. El solitario es Mr. Hyde, el malo, y Dr. Jekyll es el que trata de hacer alguna cosa\u00bb, as\u00ed era como\u00a0Julio Cort\u00e1zar se ve\u00eda as\u00ed mismo en la dicotom\u00eda de su deseo de estar aislado de los otros, pero a la vez buscar [&hellip;]<\/p>\n","protected":false},"author":4,"featured_media":4058,"comment_status":"","ping_status":"","sticky":false,"template":"","format":"standard","meta":{"footnotes":""},"categories":[33],"tags":[],"class_list":["post-4057","post","type-post","status-publish","format-standard","has-post-thumbnail","hentry","category-cultura"],"_links":{"self":[{"href":"https:\/\/conexion-mx.com\/index.php?rest_route=\/wp\/v2\/posts\/4057","targetHints":{"allow":["GET"]}}],"collection":[{"href":"https:\/\/conexion-mx.com\/index.php?rest_route=\/wp\/v2\/posts"}],"about":[{"href":"https:\/\/conexion-mx.com\/index.php?rest_route=\/wp\/v2\/types\/post"}],"author":[{"embeddable":true,"href":"https:\/\/conexion-mx.com\/index.php?rest_route=\/wp\/v2\/users\/4"}],"replies":[{"embeddable":true,"href":"https:\/\/conexion-mx.com\/index.php?rest_route=%2Fwp%2Fv2%2Fcomments&post=4057"}],"version-history":[{"count":0,"href":"https:\/\/conexion-mx.com\/index.php?rest_route=\/wp\/v2\/posts\/4057\/revisions"}],"wp:featuredmedia":[{"embeddable":true,"href":"https:\/\/conexion-mx.com\/index.php?rest_route=\/wp\/v2\/media\/4058"}],"wp:attachment":[{"href":"https:\/\/conexion-mx.com\/index.php?rest_route=%2Fwp%2Fv2%2Fmedia&parent=4057"}],"wp:term":[{"taxonomy":"category","embeddable":true,"href":"https:\/\/conexion-mx.com\/index.php?rest_route=%2Fwp%2Fv2%2Fcategories&post=4057"},{"taxonomy":"post_tag","embeddable":true,"href":"https:\/\/conexion-mx.com\/index.php?rest_route=%2Fwp%2Fv2%2Ftags&post=4057"}],"curies":[{"name":"wp","href":"https:\/\/api.w.org\/{rel}","templated":true}]}}