{"id":4063,"date":"2026-05-08T17:33:29","date_gmt":"2026-05-08T22:33:29","guid":{"rendered":"https:\/\/conexion-mx.com\/?p=4063"},"modified":"2026-05-08T17:33:29","modified_gmt":"2026-05-08T22:33:29","slug":"ese-amor-no-es-verdadero-ferka-lanza-mensaje-ante-el-polemico-romance-de-kim-shantal-con-suavecito","status":"publish","type":"post","link":"https:\/\/conexion-mx.com\/?p=4063","title":{"rendered":"\u201cEse amor no es verdadero\u201d: Ferka lanza mensaje ante el pol\u00e9mico romance de Kim Shantal con Suavecito"},"content":{"rendered":"<p> <br \/>\n<\/p>\n<div itemprop=\"articleBody\">\n<div class=\"txt_contenido\">\n<p><strong>Kim Shantal<\/strong> y Eduardo Gonz\u00e1lez, quien es mejor conocido como <strong>\u201cSuavecito\u201d<\/strong>, dan desde qu\u00e9 hablar en <strong>\u201cLa Mansi\u00f3n\u00a0VIP\u201d<\/strong> porque ambos ingresaron al reality show con parejas, pero se volvieron cercanos y eso reaviv\u00f3 su <strong>historia de amor<\/strong> que concluy\u00f3 en 2024 tras cuatro a\u00f1os de noviazgo e incluso planes de boda.<\/p>\n<p>La <strong>expareja<\/strong> tiene las miradas en ella e incluso otras personalidades de la industria del entretenimiento en M\u00e9xico reaccionan a su acercamiento, como la presentadora televisiva <strong>Mar\u00eda Fernanda Quiroz<\/strong> -quien es conocida como <strong>\u201cFerka\u201d Quiroz <\/strong>o simplemente \u201cFerka\u201d-, quien durante una breve entrevista dijo<strong> \u201cno aprendemos\u201d<\/strong>.<\/p>\n<aside class=\"htmlinline\"\/>\n<h2>\u201cFerka\u201d admite que est\u00e1\u00a0\u201cmetida en el chisme\u201d de Kim Shantal y \u201cSuavecito\u201d<\/h2>\n<p>La titular del programa <strong>\u201cVenga la alegr\u00eda\u201d <\/strong>confes\u00f3 que est\u00e1 \u201cmetida en el chisme\u201d de Kim Shantal y \u201cSuavecito\u201d, ya que por sus acercamientos en <strong>\u201cLa Mansi\u00f3n VIP\u201d <\/strong>son tendencia en redes sociales.<\/p>\n<blockquote><p>&#13;<\/p>\n<p>\u201cLo dec\u00eda hace rato: \u00bfpero que no entraron con pareja?\u201d, cuestion\u00f3 \u201cFerka\u201d. Es que no aprendemos. No aprendemos. No se enamoren en los reality shows\u201d.<\/p>\n<p>&#13;\n<\/p><\/blockquote>\n<h2>\u201cFerka\u201d recuerda su romance con Jorge Losa en\u00a0\u201cLa Casa de los Famosos M\u00e9xico\u201d<\/h2>\n<p><strong>\u201cFerka\u201d<\/strong>, de 39 a\u00f1os de edad, dijo que habla desde la experiencia porque record\u00f3 que vivi\u00f3 una <strong>experiencia<\/strong> similar cuando ingres\u00f3 en<strong> \u201cLa Casa de los Famosos M\u00e9xico\u201d <\/strong>(LCDLFM) debido a que convivi\u00f3 con el actor espa\u00f1ol <strong>Jorge Losa<\/strong>, con quien desde antes ya manten\u00eda una<strong> relaci\u00f3n amorosa<\/strong>, pero en secreto; por ende, el v\u00ednculo se hizo evidente en el reality show de Televisa.<\/p>\n<p>Aunque los <strong>exparticipantes<\/strong> de <strong>LCDLFM<\/strong> continuaron con su romance tras salir del programa que es grabado 24\/7, a mediados de agosto del a\u00f1o pasado <strong>terminaron<\/strong>.<\/p>\n<blockquote><p>&#13;<\/p>\n<p>\u201c\u00a1Ese amor no es verdadero, no va a durar, ya lo digo por experiencia!\u201d.<\/p>\n<p>&#13;\n<\/p><\/blockquote>\n<p><strong>\u201cFerka\u201d<\/strong>\u00a0a\u00f1adi\u00f3 que en un<strong> reality show<\/strong>\u00a0\u201ctodo lo sientes as\u00ed: a flor de piel y al m\u00e1ximo. Y, la verdad, se va a acabar ese cuento de hadas, pero estoy metidaza en ese chisme; entonces, que les vaya s\u00faper bien\u201d.&#13;<br \/>\n&#13;\n<\/p>\n<p>\u00a0&#13;<br \/>\n&#13;<br \/>\n&#13;\n                                <\/p>\n<\/p><\/div>\n<\/p><\/div>\n<p><script>\n    !function(f,b,e,v,n,t,s)\n    {if(f.fbq)return;n=f.fbq=function(){n.callMethod?\n    n.callMethod.apply(n,arguments):n.queue.push(arguments)};\n    if(!f._fbq)f._fbq=n;n.push=n;n.loaded=!0;n.version='2.0';\n    n.queue=[];t=b.createElement(e);t.async=!0;\n    t.src=v;s=b.getElementsByTagName(e)[0];\n    s.parentNode.insertBefore(t,s)}(window, document,'script',\n    'https:\/\/connect.facebook.net\/en_US\/fbevents.js');\n    fbq('init', '237927003583820');\n    fbq('track', 'PageView');\n  <\/script><script>\n    !function(f,b,e,v,n,t,s)\n    {if(f.fbq)return;n=f.fbq=function(){n.callMethod?\n    n.callMethod.apply(n,arguments):n.queue.push(arguments)};\n    if(!f._fbq)f._fbq=n;n.push=n;n.loaded=!0;n.version='2.0';\n    n.queue=[];t=b.createElement(e);t.async=!0;\n    t.src=v;s=b.getElementsByTagName(e)[0];\n    s.parentNode.insertBefore(t,s)}(window, document,'script',\n    'https:\/\/connect.facebook.net\/en_US\/fbevents.js');\n    fbq('init', '775201487065840');\n    fbq('track', 'PageView');\n    <\/script><br \/>\n<br \/><\/p>\n","protected":false},"excerpt":{"rendered":"<p>Kim Shantal y Eduardo Gonz\u00e1lez, quien es mejor conocido como \u201cSuavecito\u201d, dan desde qu\u00e9 hablar en \u201cLa Mansi\u00f3n\u00a0VIP\u201d porque ambos ingresaron al reality show con parejas, pero se volvieron cercanos y eso reaviv\u00f3 su historia de amor que concluy\u00f3 en 2024 tras cuatro a\u00f1os de noviazgo e incluso planes de boda. La expareja tiene las [&hellip;]<\/p>\n","protected":false},"author":3,"featured_media":4064,"comment_status":"","ping_status":"","sticky":false,"template":"","format":"standard","meta":{"footnotes":""},"categories":[35],"tags":[],"class_list":["post-4063","post","type-post","status-publish","format-standard","has-post-thumbnail","hentry","category-espectaculos"],"_links":{"self":[{"href":"https:\/\/conexion-mx.com\/index.php?rest_route=\/wp\/v2\/posts\/4063","targetHints":{"allow":["GET"]}}],"collection":[{"href":"https:\/\/conexion-mx.com\/index.php?rest_route=\/wp\/v2\/posts"}],"about":[{"href":"https:\/\/conexion-mx.com\/index.php?rest_route=\/wp\/v2\/types\/post"}],"author":[{"embeddable":true,"href":"https:\/\/conexion-mx.com\/index.php?rest_route=\/wp\/v2\/users\/3"}],"replies":[{"embeddable":true,"href":"https:\/\/conexion-mx.com\/index.php?rest_route=%2Fwp%2Fv2%2Fcomments&post=4063"}],"version-history":[{"count":0,"href":"https:\/\/conexion-mx.com\/index.php?rest_route=\/wp\/v2\/posts\/4063\/revisions"}],"wp:featuredmedia":[{"embeddable":true,"href":"https:\/\/conexion-mx.com\/index.php?rest_route=\/wp\/v2\/media\/4064"}],"wp:attachment":[{"href":"https:\/\/conexion-mx.com\/index.php?rest_route=%2Fwp%2Fv2%2Fmedia&parent=4063"}],"wp:term":[{"taxonomy":"category","embeddable":true,"href":"https:\/\/conexion-mx.com\/index.php?rest_route=%2Fwp%2Fv2%2Fcategories&post=4063"},{"taxonomy":"post_tag","embeddable":true,"href":"https:\/\/conexion-mx.com\/index.php?rest_route=%2Fwp%2Fv2%2Ftags&post=4063"}],"curies":[{"name":"wp","href":"https:\/\/api.w.org\/{rel}","templated":true}]}}