{"id":4065,"date":"2026-05-08T18:49:22","date_gmt":"2026-05-08T23:49:22","guid":{"rendered":"https:\/\/conexion-mx.com\/?p=4065"},"modified":"2026-05-08T18:49:22","modified_gmt":"2026-05-08T23:49:22","slug":"calor-extremo-en-nayarit-cual-sera-la-temperatura-para-este-sabado-9-de-mayo","status":"publish","type":"post","link":"https:\/\/conexion-mx.com\/?p=4065","title":{"rendered":"Calor extremo en Nayarit: \u00bfcu\u00e1l ser\u00e1 la temperatura para este s\u00e1bado 9 de mayo?"},"content":{"rendered":"<p> <br \/>\n<\/p>\n<div itemprop=\"articleBody\">\n<div class=\"txt_contenido\">\n<p>El estado de <strong>Nayarit <\/strong>se prepara para una jornada de <strong>calor intenso <\/strong>este s\u00e1bado 9 de mayo. De acuerdo con el reporte de los <strong>Sistemas Meteorol\u00f3gicos<\/strong>, la entidad se encuentra bajo la influencia de una persistente <strong>onda de calor <\/strong>que afectar\u00e1 tanto al norte como al sur del estado.<\/p>\n<p>Se prev\u00e9 en la entidad un ambiente de caluroso a extremadamente caluroso. A continuaci\u00f3n, el desglose detallado de las condiciones clim\u00e1ticas para la entidad:<\/p>\n<aside class=\"htmlinline\"\/>\n<h3>\u00bfC\u00f3mo se comportar\u00e1 el viento en Nayarit este s\u00e1bado 9 de mayo?<\/h3>\n<ul>&#13;<\/p>\n<li>Se esperan corrientes de aire con velocidades de 10 a 20 km\/h, acompa\u00f1adas de rachas que podr\u00edan alcanzar entre los 30 a 50 km\/h en diversas zonas del estado.<\/li>\n<p>&#13;\n<\/ul>\n<h3>\u00bfHabr\u00e1 lluvias\u00a0en Nayarit este s\u00e1bado 9 de mayo?<\/h3>\n<ul>&#13;<\/p>\n<li>A pesar de la presencia de canales de baja presi\u00f3n en otras regiones del pa\u00eds, para el estado de Nayarit no se prev\u00e9n lluvias para este d\u00eda, manteni\u00e9ndose un cielo mayormente despejado y condiciones secas.<\/li>\n<p>&#13;\n<\/ul>\n<h3>\u00bfCu\u00e1l ser\u00e1 la temperatura en Nayarit este 9 de mayo?<\/h3>\n<ul>&#13;<\/p>\n<li>Durante el d\u00eda, la temperatura en el estado oscilar\u00e1, de manera general, entre los 35 y los 40 grados cent\u00edgrados.<\/li>\n<p>&#13;\n<\/ul>\n<figure class=\"image\"><img loading=\"lazy\" decoding=\"async\" alt=\"\" height=\"435\" src=\"https:\/\/heraldodemexico.com.mx\/u\/fotografias\/m\/2026\/5\/4\/f768x1-1279804_1279931_5050.jpg\" width=\"768\"\/>&#13;<figcaption>Se prev\u00e9 un calor intenso en toda la entidad para este fin de semana. FOTO: archivo.<\/figcaption>&#13;<br \/>\n<\/figure>\n<h3>Cu\u00e1l ser\u00e1 el clima para este s\u00e1bado 9 de mayo en\u00a0Jes\u00fas Mar\u00eda<\/h3>\n<ul>&#13;<\/p>\n<li>Ser\u00e1 el punto m\u00e1s caliente del estado, con una temperatura m\u00e1xima de 40 grados cent\u00edgrados y una m\u00ednima de 21 grados cent\u00edgrados.<\/li>\n<p>&#13;\n<\/ul>\n<h3>Cu\u00e1l ser\u00e1 el clima para este s\u00e1bado 9 de mayo en\u00a0Acaponeta, Huajicori y Ruiz<\/h3>\n<ul>&#13;<\/p>\n<li>Estas localidades del norte registrar\u00e1n temperaturas m\u00e1ximas de 38 grados cent\u00edgrados. Las m\u00ednimas se mantendr\u00e1n entre los 20 y 21 grados cent\u00edgrados.<\/li>\n<p>&#13;\n<\/ul>\n<h3>Cu\u00e1l ser\u00e1 el clima para este s\u00e1bado 9 de mayo en\u00a0Santiago Ixcuintla, Tecuala y Tuxpan<\/h3>\n<ul>&#13;<\/p>\n<li>El term\u00f3metro marcar\u00e1 los 37 grados cent\u00edgrados durante el punto m\u00e1s alto del d\u00eda, con ma\u00f1anas frescas de 21 grados cent\u00edgrados.<\/li>\n<p>&#13;\n<\/ul>\n<h3>Cu\u00e1l ser\u00e1 el clima para este s\u00e1bado 9 de mayo en\u00a0Ixtl\u00e1n del R\u00edo<\/h3>\n<ul>&#13;<\/p>\n<li>Se espera una m\u00e1xima de 36 grados cent\u00edgrados y una temperatura m\u00ednima de 20 grados cent\u00edgrados.<\/li>\n<p>&#13;\n<\/ul>\n<h3>Cu\u00e1l ser\u00e1 el clima para este s\u00e1bado 9 de mayo en\u00a0Jala<\/h3>\n<ul>&#13;<\/p>\n<li>La temperatura llegar\u00e1 a los 35 grados cent\u00edgrados, descendiendo hasta los 20 grados cent\u00edgrados durante la noche.<\/li>\n<p>&#13;\n<\/ul>\n<figure class=\"image\"><img loading=\"lazy\" decoding=\"async\" alt=\"\" height=\"435\" src=\"https:\/\/heraldodemexico.com.mx\/u\/fotografias\/m\/2026\/5\/4\/f768x1-1279845_1279972_5050.jpg\" width=\"768\"\/>&#13;<figcaption>Las autoridades recomiendan a las personas mantenerse hidratadas durante el d\u00eda. FOTO: archivo<\/figcaption>&#13;<br \/>\n<\/figure>\n<h3>Cu\u00e1l ser\u00e1 el clima para este s\u00e1bado 9 de mayo en\u00a0Tepic, Las Varas y Xalisco<\/h3>\n<ul>&#13;<\/p>\n<li>En la capital y zonas aleda\u00f1as, el ambiente ser\u00e1 ligeramente menos agresivo pero igualmente caluroso, con m\u00e1ximas de 33 grados cent\u00edgrados. Las temperaturas m\u00ednimas variar\u00e1n entre los 19 y 20 grados cent\u00edgrados.<\/li>\n<p>&#13;\n<\/ul>\n<h3>Cu\u00e1l ser\u00e1 el clima para este s\u00e1bado 9 de mayo en\u00a0Bucer\u00edas, Compostela y San Blas<\/h3>\n<ul>&#13;<\/p>\n<li>Las zonas costeras y del sur registrar\u00e1n una m\u00e1xima de 32 grados cent\u00edgrados. San Blas presentar\u00e1 la m\u00ednima m\u00e1s c\u00e1lida con 23 grados cent\u00edgrados, mientras que Compostela tendr\u00e1 la madrugada m\u00e1s fresca con 17 grados cent\u00edgrados.<\/li>\n<p>&#13;\n<\/ul>\n<p>Santa Teresa<br \/>&#13;<br \/>\nSe mantiene como la zona m\u00e1s templada de la regi\u00f3n, con una m\u00e1xima de 25 grados cent\u00edgrados y una m\u00ednima de 14 grados cent\u00edgrados.<\/p>\n<aside class=\"relacionadas con-foto linea-1078\"><strong class=\"relacionadas-titulo-gral\">Noticias Relacionadas<\/strong><\/aside>\n<\/p><\/div>\n<\/p><\/div>\n<p><script>\n    !function(f,b,e,v,n,t,s)\n    {if(f.fbq)return;n=f.fbq=function(){n.callMethod?\n    n.callMethod.apply(n,arguments):n.queue.push(arguments)};\n    if(!f._fbq)f._fbq=n;n.push=n;n.loaded=!0;n.version='2.0';\n    n.queue=[];t=b.createElement(e);t.async=!0;\n    t.src=v;s=b.getElementsByTagName(e)[0];\n    s.parentNode.insertBefore(t,s)}(window, document,'script',\n    'https:\/\/connect.facebook.net\/en_US\/fbevents.js');\n    fbq('init', '237927003583820');\n    fbq('track', 'PageView');\n  <\/script><script>\n    !function(f,b,e,v,n,t,s)\n    {if(f.fbq)return;n=f.fbq=function(){n.callMethod?\n    n.callMethod.apply(n,arguments):n.queue.push(arguments)};\n    if(!f._fbq)f._fbq=n;n.push=n;n.loaded=!0;n.version='2.0';\n    n.queue=[];t=b.createElement(e);t.async=!0;\n    t.src=v;s=b.getElementsByTagName(e)[0];\n    s.parentNode.insertBefore(t,s)}(window, document,'script',\n    'https:\/\/connect.facebook.net\/en_US\/fbevents.js');\n    fbq('init', '802372280934901');\n    fbq('track', 'PageView');\n    <\/script><br \/>\n<br \/><\/p>\n","protected":false},"excerpt":{"rendered":"<p>El estado de Nayarit se prepara para una jornada de calor intenso este s\u00e1bado 9 de mayo. De acuerdo con el reporte de los Sistemas Meteorol\u00f3gicos, la entidad se encuentra bajo la influencia de una persistente onda de calor que afectar\u00e1 tanto al norte como al sur del estado. Se prev\u00e9 en la entidad un [&hellip;]<\/p>\n","protected":false},"author":2,"featured_media":4066,"comment_status":"","ping_status":"","sticky":false,"template":"","format":"standard","meta":{"footnotes":""},"categories":[2],"tags":[],"class_list":["post-4065","post","type-post","status-publish","format-standard","has-post-thumbnail","hentry","category-local"],"_links":{"self":[{"href":"https:\/\/conexion-mx.com\/index.php?rest_route=\/wp\/v2\/posts\/4065","targetHints":{"allow":["GET"]}}],"collection":[{"href":"https:\/\/conexion-mx.com\/index.php?rest_route=\/wp\/v2\/posts"}],"about":[{"href":"https:\/\/conexion-mx.com\/index.php?rest_route=\/wp\/v2\/types\/post"}],"author":[{"embeddable":true,"href":"https:\/\/conexion-mx.com\/index.php?rest_route=\/wp\/v2\/users\/2"}],"replies":[{"embeddable":true,"href":"https:\/\/conexion-mx.com\/index.php?rest_route=%2Fwp%2Fv2%2Fcomments&post=4065"}],"version-history":[{"count":0,"href":"https:\/\/conexion-mx.com\/index.php?rest_route=\/wp\/v2\/posts\/4065\/revisions"}],"wp:featuredmedia":[{"embeddable":true,"href":"https:\/\/conexion-mx.com\/index.php?rest_route=\/wp\/v2\/media\/4066"}],"wp:attachment":[{"href":"https:\/\/conexion-mx.com\/index.php?rest_route=%2Fwp%2Fv2%2Fmedia&parent=4065"}],"wp:term":[{"taxonomy":"category","embeddable":true,"href":"https:\/\/conexion-mx.com\/index.php?rest_route=%2Fwp%2Fv2%2Fcategories&post=4065"},{"taxonomy":"post_tag","embeddable":true,"href":"https:\/\/conexion-mx.com\/index.php?rest_route=%2Fwp%2Fv2%2Ftags&post=4065"}],"curies":[{"name":"wp","href":"https:\/\/api.w.org\/{rel}","templated":true}]}}