{"id":4069,"date":"2026-05-09T11:02:03","date_gmt":"2026-05-09T16:02:03","guid":{"rendered":"https:\/\/conexion-mx.com\/?p=4069"},"modified":"2026-05-09T11:02:03","modified_gmt":"2026-05-09T16:02:03","slug":"se-durmio-otro-rato-revelan-como-reacciono-roxana-n-cuando-hallo-muerto-a-su-hijo-vicentito-tras-olvidarlo-en-su-camioneta","status":"publish","type":"post","link":"https:\/\/conexion-mx.com\/?p=4069","title":{"rendered":"\u00abSe durmi\u00f3 otro rato\u00bb, revelan c\u00f3mo reaccion\u00f3 Roxana \u00abN\u00bb cuando hall\u00f3 muerto a su hijo Vicentito tras \u00abolvidarlo\u00bb en su camioneta"},"content":{"rendered":"<p> <br \/>\n<\/p>\n<div>\n<p>A pocas horas de la audiencia de vinculaci\u00f3n a proceso de <strong>Roxana \u201cN\u201d,<\/strong> la titular de la Fiscal\u00eda General de Baja California, Mar\u00eda Elena Andrade Ram\u00edrez, revel\u00f3<strong> nuevos detalles de la muerte del ni\u00f1o Vicentito<\/strong>, quien perdi\u00f3 la vida tras haber pasado m\u00e1s de 12 horas encerrado en la camioneta de su mam\u00e1 y uno de los aspectos que m\u00e1s llam\u00f3 la atenci\u00f3n fue que se detall\u00f3 <strong>c\u00f3mo es que reaccion\u00f3 la madre del ni\u00f1o de 3 a\u00f1os cuando lo encontr\u00f3 sin vida.\u00a0<\/strong><\/p>\n<p>Durante una entrevista con el periodista Luis C\u00e1rdenas, la fiscal general de Baja California,\u00a0Mar\u00eda Elena Andrade Ram\u00edrez, hizo un <strong>recuento de c\u00f3mo es que sucedieron los hechos que derivaron en la muerte del ni\u00f1o Vicentito <\/strong>y lo que llam\u00f3 la atenci\u00f3n es que se precis\u00f3 que <strong>Roxana \u201cN\u201d, <\/strong>la madre del menor, <strong>tuvo claridad mental <\/strong>durante la noche del viernes 1 y el s\u00e1bado 2 de mayo pues pese a haber ingerido bebidas alcoh\u00f3licas realiz\u00f3 m\u00faltiples publicaciones en redes sociales, por lo que se\u00f1al\u00f3 que <strong>es imposible que no tuviera conciencia de que \u201colvid\u00f3\u201d al ni\u00f1o en su camioneta<\/strong> luego de haber regresado de una fiesta.<\/p>\n<aside class=\"htmlinline\"\/>\n<figure class=\"image\"><img loading=\"lazy\" decoding=\"async\" alt=\"\" height=\"435\" src=\"https:\/\/heraldodemexico.com.mx\/u\/fotografias\/m\/2026\/5\/7\/f768x1-1281021_1281148_4070.jpeg\" width=\"768\"\/>&#13;<figcaption>Vicentito muri\u00f3 de un golpes de calor severo tras haber pasado m\u00e1s de 12 horas encerrado en la camioneta de su mam\u00e1. Foto:\u00a0TikTok: roxanarmzi<\/figcaption>&#13;<br \/>\n<\/figure>\n<h2>\u201cSe durmi\u00f3 otro rato\u201d, as\u00ed fue como Roxana \u201cN\u201d hall\u00f3 sin vida a su hijo Vicentito<\/h2>\n<p>De acuerdo con las declaraciones de la fiscal general de Baja California, <strong>Roxana \u201cN\u201d despert\u00f3 alrededor de las 11:30 a.m. el s\u00e1bado 2 de mayo<\/strong>, sin embargo, debido a que nadie la molest\u00f3, <strong>decidi\u00f3 dormirse otro rato y fue hasta las 13:30 horas cuando comenz\u00f3 a buscar a su hijo <\/strong>y al abrir su veh\u00edculo lo hall\u00f3 sentado en su sillita de seguridad sin vida y con m\u00faltiples quemaduras en brazos y piernas producidas por la prolongada exposici\u00f3n solar a la que estuvo sometido.<\/p>\n<aside class=\"relacionadas con-foto linea-1078\"><strong class=\"relacionadas-titulo-gral\">Noticias Relacionadas<\/strong><\/aside>\n<p>La fiscal de Baja California precis\u00f3 que, tras hallar a su hijo sin vida,<strong> Roxana \u201cN\u201d ingres\u00f3 el cuerpo del menor a su casa, lo coloc\u00f3 sobre un sof\u00e1 y report\u00f3 lo sucedido al 911<\/strong> y fue as\u00ed como esper\u00f3 la llegada de equipos de emergencia y de la polic\u00eda.<\/p>\n<figure class=\"image\"><img loading=\"lazy\" decoding=\"async\" alt=\"\" height=\"435\" src=\"https:\/\/heraldodemexico.com.mx\/u\/fotografias\/m\/2026\/5\/9\/f768x1-1281752_1281879_5050.jpeg\" width=\"768\"\/>&#13;<figcaption>La fiscal de Baja California se\u00f1al\u00f3 que Roxana \u00abN\u00bb no ha mostrado se\u00f1ales de arrepentimiento tras lo sucedido con su hijo. Foto:\u00a0TikTok: roxanarmzi<\/figcaption>&#13;<br \/>\n<\/figure>\n<p>\u201cEl 1 de mayo su mam\u00e1 lo llev\u00f3 a una fiesta, se retiraron como a las 11 de la noche, se fueron a su domicilio en el fraccionamiento La Rioja, llevando a Vicentito en el asiento posterior sentado en su silla de seguridad y\u00a0<strong>aunque parezca incre\u00edble, cuando llega a su domicilio ella se baja y deja al ni\u00f1o en su sillita,<\/strong> seg\u00fan refiere para ba\u00f1arse y despu\u00e9s ba\u00f1ar al ni\u00f1o, pero nunca lo baj\u00f3.<\/p>\n<p>Ah\u00ed permaneci\u00f3 con el veh\u00edculo cerrado, atado a la sillita y se qued\u00f3 ah\u00ed por muchas horas, lo extra\u00f1o es que<strong> ella continu\u00f3 su vida dentro de su domicilio<\/strong>, estuvo muy activa en redes, <strong>estuvo consumiendo bebidas embriagantes, permaneci\u00f3 despierta hasta altas horas del d\u00eda siguiente<\/strong>, despierta a las 11 de la ma\u00f1ana, <strong>se durmi\u00f3 otro rato y\u00a0hasta la 1:30 de la tarde empieza a buscar al ni\u00f1o,<\/strong> se va al veh\u00edculo y<strong> ah\u00ed lo encuentra sin vida, el ni\u00f1o ya hab\u00eda fallecido por golpe de calor, en condiciones muy dolorosas, el ni\u00f1o tuvo una agon\u00eda muy horrible y finalmente falleci\u00f3<\/strong>\u201d, se\u00f1al\u00f3 la fiscal de Baja California.<\/p>\n<p>Roxana \u201cN\u201d\u00a0ser\u00e1 vinculada a proceso por el delito de<strong>\u00a0homicidio por comisi\u00f3n impropia con dolo eventual <\/strong>este s\u00e1bado 9 de mayo, sin embargo, la fiscal de Baja California se\u00f1al\u00f3 que se est\u00e1 trabajando para que las autoridades a cargo del caso reclasifiquen el delito a <strong>homicidio culposo u homicidio calificado<\/strong>, il\u00edcitos que son castigados hasta con condenas de 50 a\u00f1os en prisi\u00f3n.<\/p>\n<p>\u00a0&#13;<br \/>\n&#13;<br \/>\n&#13;\n                                <\/p>\n<\/p><\/div>\n<p><script>\n    !function(f,b,e,v,n,t,s)\n    {if(f.fbq)return;n=f.fbq=function(){n.callMethod?\n    n.callMethod.apply(n,arguments):n.queue.push(arguments)};\n    if(!f._fbq)f._fbq=n;n.push=n;n.loaded=!0;n.version='2.0';\n    n.queue=[];t=b.createElement(e);t.async=!0;\n    t.src=v;s=b.getElementsByTagName(e)[0];\n    s.parentNode.insertBefore(t,s)}(window, document,'script',\n    'https:\/\/connect.facebook.net\/en_US\/fbevents.js');\n    fbq('init', '237927003583820');\n    fbq('track', 'PageView');\n  <\/script><script>\n    !function(f,b,e,v,n,t,s)\n    {if(f.fbq)return;n=f.fbq=function(){n.callMethod?\n    n.callMethod.apply(n,arguments):n.queue.push(arguments)};\n    if(!f._fbq)f._fbq=n;n.push=n;n.loaded=!0;n.version='2.0';\n    n.queue=[];t=b.createElement(e);t.async=!0;\n    t.src=v;s=b.getElementsByTagName(e)[0];\n    s.parentNode.insertBefore(t,s)}(window, document,'script',\n    'https:\/\/connect.facebook.net\/en_US\/fbevents.js');\n    fbq('init', '802372280934901');\n    fbq('track', 'PageView');\n    <\/script><br \/>\n<br \/><\/p>\n","protected":false},"excerpt":{"rendered":"<p>A pocas horas de la audiencia de vinculaci\u00f3n a proceso de Roxana \u201cN\u201d, la titular de la Fiscal\u00eda General de Baja California, Mar\u00eda Elena Andrade Ram\u00edrez, revel\u00f3 nuevos detalles de la muerte del ni\u00f1o Vicentito, quien perdi\u00f3 la vida tras haber pasado m\u00e1s de 12 horas encerrado en la camioneta de su mam\u00e1 y uno [&hellip;]<\/p>\n","protected":false},"author":2,"featured_media":4070,"comment_status":"","ping_status":"","sticky":false,"template":"","format":"standard","meta":{"footnotes":""},"categories":[2],"tags":[],"class_list":["post-4069","post","type-post","status-publish","format-standard","has-post-thumbnail","hentry","category-local"],"_links":{"self":[{"href":"https:\/\/conexion-mx.com\/index.php?rest_route=\/wp\/v2\/posts\/4069","targetHints":{"allow":["GET"]}}],"collection":[{"href":"https:\/\/conexion-mx.com\/index.php?rest_route=\/wp\/v2\/posts"}],"about":[{"href":"https:\/\/conexion-mx.com\/index.php?rest_route=\/wp\/v2\/types\/post"}],"author":[{"embeddable":true,"href":"https:\/\/conexion-mx.com\/index.php?rest_route=\/wp\/v2\/users\/2"}],"replies":[{"embeddable":true,"href":"https:\/\/conexion-mx.com\/index.php?rest_route=%2Fwp%2Fv2%2Fcomments&post=4069"}],"version-history":[{"count":0,"href":"https:\/\/conexion-mx.com\/index.php?rest_route=\/wp\/v2\/posts\/4069\/revisions"}],"wp:featuredmedia":[{"embeddable":true,"href":"https:\/\/conexion-mx.com\/index.php?rest_route=\/wp\/v2\/media\/4070"}],"wp:attachment":[{"href":"https:\/\/conexion-mx.com\/index.php?rest_route=%2Fwp%2Fv2%2Fmedia&parent=4069"}],"wp:term":[{"taxonomy":"category","embeddable":true,"href":"https:\/\/conexion-mx.com\/index.php?rest_route=%2Fwp%2Fv2%2Fcategories&post=4069"},{"taxonomy":"post_tag","embeddable":true,"href":"https:\/\/conexion-mx.com\/index.php?rest_route=%2Fwp%2Fv2%2Ftags&post=4069"}],"curies":[{"name":"wp","href":"https:\/\/api.w.org\/{rel}","templated":true}]}}