{"id":4071,"date":"2026-05-09T19:05:21","date_gmt":"2026-05-10T00:05:21","guid":{"rendered":"https:\/\/conexion-mx.com\/?p=4071"},"modified":"2026-05-09T19:05:21","modified_gmt":"2026-05-10T00:05:21","slug":"cae-antena-de-mas-de-30-metros-en-la-colonia-guadalupe-tepeyac-10-personas-fueron-evacuadas-video","status":"publish","type":"post","link":"https:\/\/conexion-mx.com\/?p=4071","title":{"rendered":"Cae antena de m\u00e1s de 30 metros en la colonia Guadalupe Tepeyac; 10 personas fueron evacuadas | VIDEO"},"content":{"rendered":"<p> <br \/>\n<\/p>\n<div itemprop=\"articleBody\">\n<div class=\"txt_contenido\">\n<p>Vecinos de la <strong>colonia Guadalupe Tepeyac<\/strong>, perteneciente a la alcald\u00eda <strong>Gustavo A. Madero<\/strong>, fueron testigos de c\u00f3mo una antena de 30 metros de largo cay\u00f3 en la calle Eje Norte y Calle Martha, provocando conmoci\u00f3n en la zona, pues qued\u00f3 entre varios derechos de los inmuebles de la zona.<\/p>\n<p>Tras lo sucedido, servicios de emergencia evacuaron a diez personas; asimismo, se report\u00f3 que no hubo lesionados, adem\u00e1s de que se confirm\u00f3 que personal de la alcald\u00eda <strong>Gustavo A. Madero <\/strong>arrib\u00f3 al sitio para poder contactar a la empresa responsable de la instalaci\u00f3n de la antena.<\/p>\n<aside class=\"htmlinline\"\/>\n<blockquote><p>&#13;<\/p>\n<p>\u201cEn el lugar, se encuentra personal de la alcald\u00eda Gustavo A Madero para el procedimiento administrativo; asimismo, se contact\u00f3 a la empresa responsable de la instalaci\u00f3n de la antena. Al caer, caus\u00f3 da\u00f1os en la losa de un ba\u00f1o y en media barda perimetral de dos inmuebles de la misma calle. Sin reporte de lesionados\u201d, dijo Secretar\u00eda de Gesti\u00f3n Integral de Riesgos y PC<\/p>\n<aside class=\"relacionadas con-foto linea-1078\"><strong class=\"relacionadas-titulo-gral\">Noticias Relacionadas<\/strong><\/aside>\n<p>&#13;\n<\/p><\/blockquote>\n<h2>Cae antena de m\u00e1s de 30 metros en la colonia Guadalupe Tepeyac<\/h2>\n<p>En redes sociales se viraliz\u00f3 el momento en el que vecinos de la <strong>colonia Guadalupe Tepeyac<\/strong>, se percataron que la torre de m\u00e1s de 30 metros estaba sobre varios inmuebles sosteni\u00e9ndose, lo que gener\u00f3 conmoci\u00f3n en vecinos y publicaciones en las redes tras el siniestro.<\/p>\n<h2>Te puede interesar:<\/h2>\n<p>\u00a0<\/p>\n<\/p><\/div>\n<\/p><\/div>\n<p><script>\n    !function(f,b,e,v,n,t,s)\n    {if(f.fbq)return;n=f.fbq=function(){n.callMethod?\n    n.callMethod.apply(n,arguments):n.queue.push(arguments)};\n    if(!f._fbq)f._fbq=n;n.push=n;n.loaded=!0;n.version='2.0';\n    n.queue=[];t=b.createElement(e);t.async=!0;\n    t.src=v;s=b.getElementsByTagName(e)[0];\n    s.parentNode.insertBefore(t,s)}(window, document,'script',\n    'https:\/\/connect.facebook.net\/en_US\/fbevents.js');\n    fbq('init', '237927003583820');\n    fbq('track', 'PageView');\n  <\/script><script>\n    !function(f,b,e,v,n,t,s)\n    {if(f.fbq)return;n=f.fbq=function(){n.callMethod?\n    n.callMethod.apply(n,arguments):n.queue.push(arguments)};\n    if(!f._fbq)f._fbq=n;n.push=n;n.loaded=!0;n.version='2.0';\n    n.queue=[];t=b.createElement(e);t.async=!0;\n    t.src=v;s=b.getElementsByTagName(e)[0];\n    s.parentNode.insertBefore(t,s)}(window, document,'script',\n    'https:\/\/connect.facebook.net\/en_US\/fbevents.js');\n    fbq('init', '802372280934901');\n    fbq('track', 'PageView');\n    <\/script><br \/>\n<br \/><\/p>\n","protected":false},"excerpt":{"rendered":"<p>Vecinos de la colonia Guadalupe Tepeyac, perteneciente a la alcald\u00eda Gustavo A. Madero, fueron testigos de c\u00f3mo una antena de 30 metros de largo cay\u00f3 en la calle Eje Norte y Calle Martha, provocando conmoci\u00f3n en la zona, pues qued\u00f3 entre varios derechos de los inmuebles de la zona. Tras lo sucedido, servicios de emergencia [&hellip;]<\/p>\n","protected":false},"author":2,"featured_media":4072,"comment_status":"","ping_status":"","sticky":false,"template":"","format":"standard","meta":{"footnotes":""},"categories":[2],"tags":[],"class_list":["post-4071","post","type-post","status-publish","format-standard","has-post-thumbnail","hentry","category-local"],"_links":{"self":[{"href":"https:\/\/conexion-mx.com\/index.php?rest_route=\/wp\/v2\/posts\/4071","targetHints":{"allow":["GET"]}}],"collection":[{"href":"https:\/\/conexion-mx.com\/index.php?rest_route=\/wp\/v2\/posts"}],"about":[{"href":"https:\/\/conexion-mx.com\/index.php?rest_route=\/wp\/v2\/types\/post"}],"author":[{"embeddable":true,"href":"https:\/\/conexion-mx.com\/index.php?rest_route=\/wp\/v2\/users\/2"}],"replies":[{"embeddable":true,"href":"https:\/\/conexion-mx.com\/index.php?rest_route=%2Fwp%2Fv2%2Fcomments&post=4071"}],"version-history":[{"count":0,"href":"https:\/\/conexion-mx.com\/index.php?rest_route=\/wp\/v2\/posts\/4071\/revisions"}],"wp:featuredmedia":[{"embeddable":true,"href":"https:\/\/conexion-mx.com\/index.php?rest_route=\/wp\/v2\/media\/4072"}],"wp:attachment":[{"href":"https:\/\/conexion-mx.com\/index.php?rest_route=%2Fwp%2Fv2%2Fmedia&parent=4071"}],"wp:term":[{"taxonomy":"category","embeddable":true,"href":"https:\/\/conexion-mx.com\/index.php?rest_route=%2Fwp%2Fv2%2Fcategories&post=4071"},{"taxonomy":"post_tag","embeddable":true,"href":"https:\/\/conexion-mx.com\/index.php?rest_route=%2Fwp%2Fv2%2Ftags&post=4071"}],"curies":[{"name":"wp","href":"https:\/\/api.w.org\/{rel}","templated":true}]}}