{"id":4075,"date":"2026-05-09T21:01:57","date_gmt":"2026-05-10T02:01:57","guid":{"rendered":"https:\/\/conexion-mx.com\/?p=4075"},"modified":"2026-05-09T21:01:57","modified_gmt":"2026-05-10T02:01:57","slug":"creo-que-nunca-dejare-de-llorar-cuando-pienso-en-ti-eiza-gonzalez-informa-repentina-muerte-con-un-desgarrador-mensaje","status":"publish","type":"post","link":"https:\/\/conexion-mx.com\/?p=4075","title":{"rendered":"\u00abCreo que nunca dejar\u00e9 de llorar cuando pienso en ti\u00bb: Eiza Gonz\u00e1lez informa repentina muerte con un desgarrador mensaje"},"content":{"rendered":"<p> <br \/>\n<\/p>\n<div itemprop=\"articleBody\">\n<div class=\"txt_contenido\">\n<p><strong>Eiza Gonz\u00e1lez<\/strong> comparti\u00f3 la triste noticia de que <strong>Pasita<\/strong>, su amada chihuahua falleci\u00f3. El emotivo mensaje de despedida de la actriz y cantante mexicana estuvo acompa\u00f1ado de un <strong>desgarrador<\/strong> <strong>video<\/strong> que retrata el \u00falitmo d\u00eda que pasaron juntas. \u00abVerla dar sus <strong>\u00faltimos suspiros<\/strong> fue una de las cosas m\u00e1s dif\u00edciles que he tenido que soportar\u00bb, lament\u00f3.<\/p>\n<p>\u00abDurante casi 24 a\u00f1os, siempre fuimos t\u00fa y yo. La gente intenta <strong>consolarme<\/strong> dici\u00e9ndome que te tuve durante mucho tiempo, pero lo que no entienden es que lloro cada uno de esos a\u00f1os,\u00a0d\u00edas, minutos y momentos que compartimos. Has estado conmigo desde que <strong>era ni\u00f1a<\/strong>\u00ab, dijo Gonz\u00e1lez.<\/p>\n<aside class=\"htmlinline\"\/>\n<p>Evoc\u00f3 a las emociones de sus seguidores, afirmando que cualquier persona que haya amado de verdad a una mascota entender\u00e1 el tipo de v\u00ednculo que ten\u00eda con Pasita, quien estuvo con Eiza durante su adolescencia, su transici\u00f3n a la<strong> <\/strong><strong>adultez<\/strong>, en cada <strong>alegr\u00eda<\/strong> y <strong>tristeza<\/strong>, as\u00ed como en todos los lugares a los que la vida la llev\u00f3.<\/p>\n<aside class=\"relacionadas con-foto linea-1078\"><strong class=\"relacionadas-titulo-gral\">Noticias Relacionadas<\/strong><\/aside>\n<h2>Su mensaje de despedida conmovi\u00f3 a las redes<\/h2>\n<p>\u00abPasita, te amo m\u00e1s de lo que las palabras pueden expresar. Creo que nunca dejar\u00e9 de llorar cuando pienso en ti. Extra\u00f1ar\u00e9 nuestros <strong>abrazos interminables<\/strong>, tu dulce ojito mir\u00e1ndome con tanto amor, y el consuelo de simplemente tenerte a mi lado\u00bb, apunt\u00f3\u00a0la artista.<\/p>\n<p>En su <strong>despedida<\/strong> le asegur\u00f3 a su <strong>\u00abprincesita\u00bb<\/strong> que la ama y que la extra\u00f1ar\u00e1 toda su vida. \u00abCorre libre en el cielo, mi peque\u00f1a, persiguiendo ardillas, tomando el sol y esper\u00e1ndome alg\u00fan d\u00eda\u00bb, concluy\u00f3 Eiza Gonz\u00e1lez.<\/p>\n<p>La publicaci\u00f3n const\u00f3 de m\u00e1s de 15 fotos y videos que retratan a la perfecci\u00f3n el v\u00ednculo que exist\u00eda entre la cantante y Pasita, pues ambas son vistas <strong>abraz\u00e1ndose<\/strong>, <strong>durmiendo<\/strong> e incluso <strong>disfrutando<\/strong> del tiempo\u00a0juntas.<\/p>\n<\/p><\/div>\n<\/p><\/div>\n<p><script>\n    !function(f,b,e,v,n,t,s)\n    {if(f.fbq)return;n=f.fbq=function(){n.callMethod?\n    n.callMethod.apply(n,arguments):n.queue.push(arguments)};\n    if(!f._fbq)f._fbq=n;n.push=n;n.loaded=!0;n.version='2.0';\n    n.queue=[];t=b.createElement(e);t.async=!0;\n    t.src=v;s=b.getElementsByTagName(e)[0];\n    s.parentNode.insertBefore(t,s)}(window, document,'script',\n    'https:\/\/connect.facebook.net\/en_US\/fbevents.js');\n    fbq('init', '237927003583820');\n    fbq('track', 'PageView');\n  <\/script><script>\n    !function(f,b,e,v,n,t,s)\n    {if(f.fbq)return;n=f.fbq=function(){n.callMethod?\n    n.callMethod.apply(n,arguments):n.queue.push(arguments)};\n    if(!f._fbq)f._fbq=n;n.push=n;n.loaded=!0;n.version='2.0';\n    n.queue=[];t=b.createElement(e);t.async=!0;\n    t.src=v;s=b.getElementsByTagName(e)[0];\n    s.parentNode.insertBefore(t,s)}(window, document,'script',\n    'https:\/\/connect.facebook.net\/en_US\/fbevents.js');\n    fbq('init', '775201487065840');\n    fbq('track', 'PageView');\n    <\/script><br \/>\n<br \/><\/p>\n","protected":false},"excerpt":{"rendered":"<p>Eiza Gonz\u00e1lez comparti\u00f3 la triste noticia de que Pasita, su amada chihuahua falleci\u00f3. El emotivo mensaje de despedida de la actriz y cantante mexicana estuvo acompa\u00f1ado de un desgarrador video que retrata el \u00falitmo d\u00eda que pasaron juntas. \u00abVerla dar sus \u00faltimos suspiros fue una de las cosas m\u00e1s dif\u00edciles que he tenido que soportar\u00bb, [&hellip;]<\/p>\n","protected":false},"author":3,"featured_media":4076,"comment_status":"","ping_status":"","sticky":false,"template":"","format":"standard","meta":{"footnotes":""},"categories":[35],"tags":[],"class_list":["post-4075","post","type-post","status-publish","format-standard","has-post-thumbnail","hentry","category-espectaculos"],"_links":{"self":[{"href":"https:\/\/conexion-mx.com\/index.php?rest_route=\/wp\/v2\/posts\/4075","targetHints":{"allow":["GET"]}}],"collection":[{"href":"https:\/\/conexion-mx.com\/index.php?rest_route=\/wp\/v2\/posts"}],"about":[{"href":"https:\/\/conexion-mx.com\/index.php?rest_route=\/wp\/v2\/types\/post"}],"author":[{"embeddable":true,"href":"https:\/\/conexion-mx.com\/index.php?rest_route=\/wp\/v2\/users\/3"}],"replies":[{"embeddable":true,"href":"https:\/\/conexion-mx.com\/index.php?rest_route=%2Fwp%2Fv2%2Fcomments&post=4075"}],"version-history":[{"count":0,"href":"https:\/\/conexion-mx.com\/index.php?rest_route=\/wp\/v2\/posts\/4075\/revisions"}],"wp:featuredmedia":[{"embeddable":true,"href":"https:\/\/conexion-mx.com\/index.php?rest_route=\/wp\/v2\/media\/4076"}],"wp:attachment":[{"href":"https:\/\/conexion-mx.com\/index.php?rest_route=%2Fwp%2Fv2%2Fmedia&parent=4075"}],"wp:term":[{"taxonomy":"category","embeddable":true,"href":"https:\/\/conexion-mx.com\/index.php?rest_route=%2Fwp%2Fv2%2Fcategories&post=4075"},{"taxonomy":"post_tag","embeddable":true,"href":"https:\/\/conexion-mx.com\/index.php?rest_route=%2Fwp%2Fv2%2Ftags&post=4075"}],"curies":[{"name":"wp","href":"https:\/\/api.w.org\/{rel}","templated":true}]}}