{"id":4079,"date":"2026-05-10T04:23:46","date_gmt":"2026-05-10T09:23:46","guid":{"rendered":"https:\/\/conexion-mx.com\/?p=4079"},"modified":"2026-05-10T04:23:46","modified_gmt":"2026-05-10T09:23:46","slug":"regana-la-cndh-a-la-sep-por-adelantar-el-fin-de-las-clases","status":"publish","type":"post","link":"https:\/\/conexion-mx.com\/?p=4079","title":{"rendered":"Rega\u00f1a la CNDH a la SEP por adelantar el fin de las clases"},"content":{"rendered":"<p> <br \/>\n<\/p>\n<div>\n<p>La <strong>Comisi\u00f3n Nacional de los Derechos Humanos (CNDH)<\/strong> demand\u00f3 a la <strong>Secretar\u00eda de Educaci\u00f3n P\u00fablica (SEP) y al Consejo Nacional de Autoridades Educativas (Conaedu) <\/strong>a reconsiderar el<strong> cierre anticipado del ciclo escolar 2025-2026<\/strong>, al estimar que <strong>no se tomaron en cuenta contextos sociales y laborales <\/strong>de las personas que ejercen los cuidados de ni\u00f1as, ni\u00f1os y adolescentes, as\u00ed como el derecho de la ni\u00f1ez a ser debidamente educada y cuidada.<\/p>\n<p>En un pronunciamiento p\u00fablico, el organismo a cargo de <strong>Rosario Piedra<\/strong>, llam\u00f3 a tomar en cuenta como eje central el inter\u00e9s superior de la ni\u00f1ez y no s\u00f3lo atender la coyuntura.<\/p>\n<aside class=\"htmlinline\"\/>\n<blockquote><p>&#13;<\/p>\n<p>\u201cQue lleven a cabo una revisi\u00f3n de dicha determinaci\u00f3n, <strong>no s\u00f3lo atendiendo la coyuntura de un evento p\u00fablico y eventos clim\u00e1ticos<\/strong>, sino tomando como eje central el inter\u00e9s superior de ni\u00f1as, ni\u00f1os y adolescentes consagrado en el art\u00edculo 3 constitucional, as\u00ed como el contexto laboral por el que atraviesan la mayor\u00eda de las personas que ejercen el cuidado de ni\u00f1as, ni\u00f1os y adolescentes\u201d, solicit\u00f3.\u00a0<\/p>\n<p>&#13;\n<\/p><\/blockquote>\n<p>La comisi\u00f3n record\u00f3 que es obligaci\u00f3n de todas las autoridades garantizar un enfoque integral, transversal, con perspectiva de g\u00e9nero y de derechos humanos en el dise\u00f1o e instrumentaci\u00f3n de pol\u00edticas y programas de gobierno.<\/p>\n<p>Entre las modificaciones aprobadas el <strong>pasado 7 de mayo<\/strong> por las autoridades educativas del pa\u00eds est\u00e1 la conclusi\u00f3n del <strong>Ciclo Escolar 2025-2026 el 5 de junio<\/strong> y, dos semanas antes del inicio del pr\u00f3ximo curso, realizar un programa de actualizaci\u00f3n.\u00a0<\/p>\n<p>El organismo p\u00fablico advirti\u00f3 que \u201cdichas disposiciones \u00fanicamente impactan en las jornadas educativas de ni\u00f1as, ni\u00f1os y adolescentes, no as\u00ed en las jornadas laborales de las personas cuidadoras, provocando que ni\u00f1as y ni\u00f1os permanezcan solos en el hogar. Esta situaci\u00f3n contradice el principio del inter\u00e9s superior de la ni\u00f1ez, pues coloca a los menores en un estado de vulnerabilidad al privarlos del acompa\u00f1amiento y cuidado que requieren para su desarrollo integral\u201d.<\/p>\n<p><strong>La CNDH <\/strong>expuso que la ausencia de acompa\u00f1amiento los hace propensos a presentar afectaciones en sus dimensiones f\u00edsicas, motoras, cognitivas, emocionales y sociales.<\/p>\n<p>Expone que las medidas no ofrecen una soluci\u00f3n duradera, eficiente ni eficaz; por el contrario, trasladan la carga de las obligaciones p\u00fablicas a las personas cuidadoras, lo que repercute directamente en el bienestar de los menores y quienes son responsables de ellos.&#13;<br \/>\n&#13;\n<\/p>\n<p>\u00a0&#13;<br \/>\n&#13;\n<\/p>\n<p>MAAZ&#13;<br \/>\n&#13;\n<\/p>\n<p>\u00a0&#13;<br \/>\n&#13;<br \/>\n&#13;\n                                <\/p>\n<\/p><\/div>\n<p><script>\n    !function(f,b,e,v,n,t,s)\n    {if(f.fbq)return;n=f.fbq=function(){n.callMethod?\n    n.callMethod.apply(n,arguments):n.queue.push(arguments)};\n    if(!f._fbq)f._fbq=n;n.push=n;n.loaded=!0;n.version='2.0';\n    n.queue=[];t=b.createElement(e);t.async=!0;\n    t.src=v;s=b.getElementsByTagName(e)[0];\n    s.parentNode.insertBefore(t,s)}(window, document,'script',\n    'https:\/\/connect.facebook.net\/en_US\/fbevents.js');\n    fbq('init', '237927003583820');\n    fbq('track', 'PageView');\n  <\/script><script>\n    !function(f,b,e,v,n,t,s)\n    {if(f.fbq)return;n=f.fbq=function(){n.callMethod?\n    n.callMethod.apply(n,arguments):n.queue.push(arguments)};\n    if(!f._fbq)f._fbq=n;n.push=n;n.loaded=!0;n.version='2.0';\n    n.queue=[];t=b.createElement(e);t.async=!0;\n    t.src=v;s=b.getElementsByTagName(e)[0];\n    s.parentNode.insertBefore(t,s)}(window, document,'script',\n    'https:\/\/connect.facebook.net\/en_US\/fbevents.js');\n    fbq('init', '802372280934901');\n    fbq('track', 'PageView');\n    <\/script><br \/>\n<br \/><\/p>\n","protected":false},"excerpt":{"rendered":"<p>La Comisi\u00f3n Nacional de los Derechos Humanos (CNDH) demand\u00f3 a la Secretar\u00eda de Educaci\u00f3n P\u00fablica (SEP) y al Consejo Nacional de Autoridades Educativas (Conaedu) a reconsiderar el cierre anticipado del ciclo escolar 2025-2026, al estimar que no se tomaron en cuenta contextos sociales y laborales de las personas que ejercen los cuidados de ni\u00f1as, ni\u00f1os [&hellip;]<\/p>\n","protected":false},"author":2,"featured_media":4080,"comment_status":"","ping_status":"","sticky":false,"template":"","format":"standard","meta":{"footnotes":""},"categories":[2],"tags":[],"class_list":["post-4079","post","type-post","status-publish","format-standard","has-post-thumbnail","hentry","category-local"],"_links":{"self":[{"href":"https:\/\/conexion-mx.com\/index.php?rest_route=\/wp\/v2\/posts\/4079","targetHints":{"allow":["GET"]}}],"collection":[{"href":"https:\/\/conexion-mx.com\/index.php?rest_route=\/wp\/v2\/posts"}],"about":[{"href":"https:\/\/conexion-mx.com\/index.php?rest_route=\/wp\/v2\/types\/post"}],"author":[{"embeddable":true,"href":"https:\/\/conexion-mx.com\/index.php?rest_route=\/wp\/v2\/users\/2"}],"replies":[{"embeddable":true,"href":"https:\/\/conexion-mx.com\/index.php?rest_route=%2Fwp%2Fv2%2Fcomments&post=4079"}],"version-history":[{"count":0,"href":"https:\/\/conexion-mx.com\/index.php?rest_route=\/wp\/v2\/posts\/4079\/revisions"}],"wp:featuredmedia":[{"embeddable":true,"href":"https:\/\/conexion-mx.com\/index.php?rest_route=\/wp\/v2\/media\/4080"}],"wp:attachment":[{"href":"https:\/\/conexion-mx.com\/index.php?rest_route=%2Fwp%2Fv2%2Fmedia&parent=4079"}],"wp:term":[{"taxonomy":"category","embeddable":true,"href":"https:\/\/conexion-mx.com\/index.php?rest_route=%2Fwp%2Fv2%2Fcategories&post=4079"},{"taxonomy":"post_tag","embeddable":true,"href":"https:\/\/conexion-mx.com\/index.php?rest_route=%2Fwp%2Fv2%2Ftags&post=4079"}],"curies":[{"name":"wp","href":"https:\/\/api.w.org\/{rel}","templated":true}]}}