{"id":4081,"date":"2026-05-10T12:25:21","date_gmt":"2026-05-10T17:25:21","guid":{"rendered":"https:\/\/conexion-mx.com\/?p=4081"},"modified":"2026-05-10T12:25:21","modified_gmt":"2026-05-10T17:25:21","slug":"ariadna-montiel-condena-agresion-en-contra-de-delia-hernandez-en-coahuila-exigimos-a-la-fiscalia-actuar-con-prontitud","status":"publish","type":"post","link":"https:\/\/conexion-mx.com\/?p=4081","title":{"rendered":"Ariadna Montiel condena agresi\u00f3n en contra de Delia Hern\u00e1ndez en Coahuila: \u00abExigimos a la Fiscal\u00eda actuar con prontitud\u00bb"},"content":{"rendered":"<p> <br \/>\n<\/p>\n<div itemprop=\"articleBody\">\n<div class=\"txt_contenido\">\n<p><strong>Ariadna Montiel Reyes<\/strong>,<strong>\u00a0Presidenta Nacional de Morena<\/strong>, conden\u00f3 la agresi\u00f3n que la\u00a0diputada local y candidata por el <strong>Distrito 4<\/strong> en <strong>Coahuila<\/strong>, <strong>Delia Aurora Hern\u00e1ndez Alvarado<\/strong> y su equipo de trabajo sufrieron a manos de un grupo de personas armadas con bates y fierros cuando realizaban un recorrido por dicho estado.<\/p>\n<p>A trav\u00e9s de un post difundido en sus redes sociales oficiales, expres\u00f3 su\u00a0solidaridad y respaldo a la candidata <strong>morenista<\/strong>, y exigi\u00f3 a la\u00a0<strong>Fiscal\u00eda de\u00a0Coahuila <\/strong>actuar a la brevedad con el fin de lograr la detenci\u00f3n del hombre que agredi\u00f3 a la diputada, a quien se\u00f1al\u00f3 como\u00a0militante de la coalici\u00f3n <strong>PRI-UDC<\/strong>.<\/p>\n<aside class=\"htmlinline\"\/>\n<blockquote><p>&#13;<\/p>\n<p>\u00abCondenamos en\u00e9rgicamente cualquier acto de violencia y exigimos a la Fiscal\u00eda del Estado actuar con prontitud para detener al agresor, militante de la coalici\u00f3n PRI-UDC\u00bb, escribi\u00f3\u00a0Ariadna Montiel.<\/p>\n<p>&#13;\n<\/p><\/blockquote>\n<p>Asimismo, solicit\u00f3 a las\u00a0autoridades competentes\u00a0garantizar\u00a0las <strong>medidas de protecci\u00f3n <\/strong>necesarias para salvaguardar la integridad de\u00a0<strong>Delia Aurora Hern\u00e1ndez Alvarado<\/strong>. Finalmente hizo \u00e9nfasis en la importancia de que la transformaci\u00f3n llegue a\u00a0<strong>Coahuila<\/strong>.<\/p>\n<blockquote><p>&#13;<\/p>\n<p>\u00abEn Morena vamos a seguir caminando casa por casa junto al pueblo, porque en Coahuila ya es tiempo de que llegue la Transformaci\u00f3n.\u00bb, comparti\u00f3\u00a0Ariadna Montiel.<\/p>\n<p>&#13;\n<\/p><\/blockquote>\n<p>\u00a0<\/p>\n<\/p><\/div>\n<\/p><\/div>\n<p><script>\n    !function(f,b,e,v,n,t,s)\n    {if(f.fbq)return;n=f.fbq=function(){n.callMethod?\n    n.callMethod.apply(n,arguments):n.queue.push(arguments)};\n    if(!f._fbq)f._fbq=n;n.push=n;n.loaded=!0;n.version='2.0';\n    n.queue=[];t=b.createElement(e);t.async=!0;\n    t.src=v;s=b.getElementsByTagName(e)[0];\n    s.parentNode.insertBefore(t,s)}(window, document,'script',\n    'https:\/\/connect.facebook.net\/en_US\/fbevents.js');\n    fbq('init', '237927003583820');\n    fbq('track', 'PageView');\n  <\/script><script>\n    !function(f,b,e,v,n,t,s)\n    {if(f.fbq)return;n=f.fbq=function(){n.callMethod?\n    n.callMethod.apply(n,arguments):n.queue.push(arguments)};\n    if(!f._fbq)f._fbq=n;n.push=n;n.loaded=!0;n.version='2.0';\n    n.queue=[];t=b.createElement(e);t.async=!0;\n    t.src=v;s=b.getElementsByTagName(e)[0];\n    s.parentNode.insertBefore(t,s)}(window, document,'script',\n    'https:\/\/connect.facebook.net\/en_US\/fbevents.js');\n    fbq('init', '802372280934901');\n    fbq('track', 'PageView');\n    <\/script><br \/>\n<br \/><\/p>\n","protected":false},"excerpt":{"rendered":"<p>Ariadna Montiel Reyes,\u00a0Presidenta Nacional de Morena, conden\u00f3 la agresi\u00f3n que la\u00a0diputada local y candidata por el Distrito 4 en Coahuila, Delia Aurora Hern\u00e1ndez Alvarado y su equipo de trabajo sufrieron a manos de un grupo de personas armadas con bates y fierros cuando realizaban un recorrido por dicho estado. A trav\u00e9s de un post difundido [&hellip;]<\/p>\n","protected":false},"author":2,"featured_media":4082,"comment_status":"","ping_status":"","sticky":false,"template":"","format":"standard","meta":{"footnotes":""},"categories":[2],"tags":[],"class_list":["post-4081","post","type-post","status-publish","format-standard","has-post-thumbnail","hentry","category-local"],"_links":{"self":[{"href":"https:\/\/conexion-mx.com\/index.php?rest_route=\/wp\/v2\/posts\/4081","targetHints":{"allow":["GET"]}}],"collection":[{"href":"https:\/\/conexion-mx.com\/index.php?rest_route=\/wp\/v2\/posts"}],"about":[{"href":"https:\/\/conexion-mx.com\/index.php?rest_route=\/wp\/v2\/types\/post"}],"author":[{"embeddable":true,"href":"https:\/\/conexion-mx.com\/index.php?rest_route=\/wp\/v2\/users\/2"}],"replies":[{"embeddable":true,"href":"https:\/\/conexion-mx.com\/index.php?rest_route=%2Fwp%2Fv2%2Fcomments&post=4081"}],"version-history":[{"count":0,"href":"https:\/\/conexion-mx.com\/index.php?rest_route=\/wp\/v2\/posts\/4081\/revisions"}],"wp:featuredmedia":[{"embeddable":true,"href":"https:\/\/conexion-mx.com\/index.php?rest_route=\/wp\/v2\/media\/4082"}],"wp:attachment":[{"href":"https:\/\/conexion-mx.com\/index.php?rest_route=%2Fwp%2Fv2%2Fmedia&parent=4081"}],"wp:term":[{"taxonomy":"category","embeddable":true,"href":"https:\/\/conexion-mx.com\/index.php?rest_route=%2Fwp%2Fv2%2Fcategories&post=4081"},{"taxonomy":"post_tag","embeddable":true,"href":"https:\/\/conexion-mx.com\/index.php?rest_route=%2Fwp%2Fv2%2Ftags&post=4081"}],"curies":[{"name":"wp","href":"https:\/\/api.w.org\/{rel}","templated":true}]}}