{"id":4085,"date":"2026-05-11T00:05:33","date_gmt":"2026-05-11T05:05:33","guid":{"rendered":"https:\/\/conexion-mx.com\/?p=4085"},"modified":"2026-05-11T00:05:33","modified_gmt":"2026-05-11T05:05:33","slug":"sol-leon-se-convierte-en-la-primera-ganadora-de-la-mansion-vip","status":"publish","type":"post","link":"https:\/\/conexion-mx.com\/?p=4085","title":{"rendered":"Sol Le\u00f3n se convierte en la primera ganadora de La Mansi\u00f3n VIP"},"content":{"rendered":"<p> <br \/>\n<\/p>\n<div>\n<p>Bien dicen por ah\u00ed que no hay plazo que no se cumpla y fecha que no llegu\u00e9, luego de cuatro\u00a0semanas de estar en completo aislamiento, los participantes de <strong>La Mansi\u00f3n VIP<\/strong>\u00a0se despiden de la que fue su casa por algunos d\u00edas, en donde vivieron grandes y divertidos momentos, pero que no falt\u00f3 la pol\u00e9mica.<\/p>\n<p>Luego de una noche tan intensa, este domingo 10 de mayo por fin conocimos al ganador de los <strong>2 millones <\/strong>de pesos que le entreg\u00f3 el propio <strong>HotSpanish<\/strong>, creador de este pol\u00e9mico reality show. El quinto lugar fue para la influencer Eli Esparza; el cuarto se lo llev\u00f3 Alfredo Adame; el tercero fue para Katy Cardona;\u00a0<\/p>\n<aside class=\"htmlinline\"\/>\n<h2>Sol Le\u00f3n es la\u00a0primera ganadora de La Mansi\u00f3n VIP<\/h2>\n<p>Como lo mencionamos anteriormente, tras varias semanas de aislamiento en donde las risas, la competencia, los secretos, las fiestas y sobre todo el amor y reconciliaciones fueron los ingredientes principales.<\/p>\n<aside class=\"relacionadas con-foto linea-1078\"><strong class=\"relacionadas-titulo-gral\">Noticias Relacionadas<\/strong><\/aside>\n<p>Todo esto vali\u00f3 la pena pues debido a esto es que el fandom de Sol Le\u00f3n\u00a0le apoy\u00f3 en todo momento, pues cabe recordad que gracias a los sperchats que sus seguidores enviaron, es que se convirti\u00f3 en el primer ganador de <strong>La Mansi\u00f3n VIP.<\/strong><\/p>\n<p>El momento se torn\u00f3 tenso, pues <strong>Hot Spanish<\/strong> fue despidiendo uno a uno a los integrantes de la primera edici\u00f3n de<strong> La Mansi\u00f3n<\/strong> <strong>VIP, <\/strong>por lo que la melancol\u00eda y el sentimiento de quedarse a tan solo unos pasos de ser el ganador, dej\u00f3 a algunos participantes muy tristes.<\/p>\n<h2>Lo mejor de La Mansi\u00f3n VIP<\/h2>\n<p>Hoy termin\u00f3 la primera edici\u00f3n de este pol\u00e9mico reality show, en donde vimos desfilar a grandes personalidades , desde una <strong>Niurka<\/strong> quien caus\u00f3 una fuerte pol\u00e9mica al ser la primera eliminada hasta los personajes<strong> Wilito y Lonche<\/strong> quienes fueron de los \u00faltimos en entrar a La Mansi\u00f3n VIP.<\/p>\n<p>Pero sin duda alguna, de los grandes momentos que se quedar\u00e1n marcados en la memoria colectiva es la ic\u00f3nica entrada de Kim Shantal, quien ten\u00eda algunos asuntos pendientes con su ex novio<strong> \u201cSuavecito\u201d,<\/strong> quien actualmente sostiene un romance con la que fuera la mejor amiga de <strong>Kim<\/strong>, el drama estaba a punto de comenzar.<\/p>\n<p>Y as\u00ed fue, desde el ingreso de <strong>Kim Shantal,<\/strong> las l\u00e1grimas y la tensi\u00f3n entre ella y Suave era muy evidente, pese que dentro de La mansi\u00f3n VIP ambos no se separaban, ahora deber\u00e1n enfrentar lo que sienten desde afuera, y debido a esto, Kim t\u00e9rmino soltera,pues quien fuera su novio no soport\u00f3 y termin\u00f3 la relaci\u00f3n.&#13;<br \/>\n&#13;\n<\/p>\n<p>Otros grandes momentos fue cuando Alfredo Adame se rap\u00f3 y hasta se tatu\u00f3, sin embargo hubieron otros romances pues, Agust\u00edn y A\u00edda protagonizaron un rom\u00e1ntico momento en la suite, especialmente en el j<strong>acuzzi<\/strong>, mientras que <strong>Naim Darrechi y Katy\u00a0 <\/strong>hicieron lo propio en la <strong>c\u00e1rcel<\/strong>.&#13;<br \/>\n&#13;\n<\/p>\n<p>Hasta el momento, <strong>Hot Spanish <\/strong>no ha confirmado una segunda temporada de <strong>La Mansi\u00f3n VIP<\/strong>, sin embargo en redes sociales se rumorea que s\u00ed habr\u00e1 otra edici\u00f3n e incluso\u00a0 algunos creadores de contenido ya se han apuntado para que sean considerados.&#13;<br \/>\n&#13;<br \/>\n&#13;\n                                <\/p>\n<\/p><\/div>\n<p><script>\n    !function(f,b,e,v,n,t,s)\n    {if(f.fbq)return;n=f.fbq=function(){n.callMethod?\n    n.callMethod.apply(n,arguments):n.queue.push(arguments)};\n    if(!f._fbq)f._fbq=n;n.push=n;n.loaded=!0;n.version='2.0';\n    n.queue=[];t=b.createElement(e);t.async=!0;\n    t.src=v;s=b.getElementsByTagName(e)[0];\n    s.parentNode.insertBefore(t,s)}(window, document,'script',\n    'https:\/\/connect.facebook.net\/en_US\/fbevents.js');\n    fbq('init', '237927003583820');\n    fbq('track', 'PageView');\n  <\/script><script>\n    !function(f,b,e,v,n,t,s)\n    {if(f.fbq)return;n=f.fbq=function(){n.callMethod?\n    n.callMethod.apply(n,arguments):n.queue.push(arguments)};\n    if(!f._fbq)f._fbq=n;n.push=n;n.loaded=!0;n.version='2.0';\n    n.queue=[];t=b.createElement(e);t.async=!0;\n    t.src=v;s=b.getElementsByTagName(e)[0];\n    s.parentNode.insertBefore(t,s)}(window, document,'script',\n    'https:\/\/connect.facebook.net\/en_US\/fbevents.js');\n    fbq('init', '775201487065840');\n    fbq('track', 'PageView');\n    <\/script><br \/>\n<br \/><\/p>\n","protected":false},"excerpt":{"rendered":"<p>Bien dicen por ah\u00ed que no hay plazo que no se cumpla y fecha que no llegu\u00e9, luego de cuatro\u00a0semanas de estar en completo aislamiento, los participantes de La Mansi\u00f3n VIP\u00a0se despiden de la que fue su casa por algunos d\u00edas, en donde vivieron grandes y divertidos momentos, pero que no falt\u00f3 la pol\u00e9mica. Luego [&hellip;]<\/p>\n","protected":false},"author":3,"featured_media":4086,"comment_status":"","ping_status":"","sticky":false,"template":"","format":"standard","meta":{"footnotes":""},"categories":[35],"tags":[],"class_list":["post-4085","post","type-post","status-publish","format-standard","has-post-thumbnail","hentry","category-espectaculos"],"_links":{"self":[{"href":"https:\/\/conexion-mx.com\/index.php?rest_route=\/wp\/v2\/posts\/4085","targetHints":{"allow":["GET"]}}],"collection":[{"href":"https:\/\/conexion-mx.com\/index.php?rest_route=\/wp\/v2\/posts"}],"about":[{"href":"https:\/\/conexion-mx.com\/index.php?rest_route=\/wp\/v2\/types\/post"}],"author":[{"embeddable":true,"href":"https:\/\/conexion-mx.com\/index.php?rest_route=\/wp\/v2\/users\/3"}],"replies":[{"embeddable":true,"href":"https:\/\/conexion-mx.com\/index.php?rest_route=%2Fwp%2Fv2%2Fcomments&post=4085"}],"version-history":[{"count":0,"href":"https:\/\/conexion-mx.com\/index.php?rest_route=\/wp\/v2\/posts\/4085\/revisions"}],"wp:featuredmedia":[{"embeddable":true,"href":"https:\/\/conexion-mx.com\/index.php?rest_route=\/wp\/v2\/media\/4086"}],"wp:attachment":[{"href":"https:\/\/conexion-mx.com\/index.php?rest_route=%2Fwp%2Fv2%2Fmedia&parent=4085"}],"wp:term":[{"taxonomy":"category","embeddable":true,"href":"https:\/\/conexion-mx.com\/index.php?rest_route=%2Fwp%2Fv2%2Fcategories&post=4085"},{"taxonomy":"post_tag","embeddable":true,"href":"https:\/\/conexion-mx.com\/index.php?rest_route=%2Fwp%2Fv2%2Ftags&post=4085"}],"curies":[{"name":"wp","href":"https:\/\/api.w.org\/{rel}","templated":true}]}}