{"id":4089,"date":"2026-05-11T04:55:19","date_gmt":"2026-05-11T09:55:19","guid":{"rendered":"https:\/\/conexion-mx.com\/?p=4089"},"modified":"2026-05-11T04:55:19","modified_gmt":"2026-05-11T09:55:19","slug":"pronostico-del-clima-en-nogales-sonora-para-hoy-lunes-11-de-mayo-temperaturas-probabilidad-de-lluvia-y-calidad-del-aire","status":"publish","type":"post","link":"https:\/\/conexion-mx.com\/?p=4089","title":{"rendered":"Pron\u00f3stico del clima en Nogales, Sonora para hoy lunes 11 de mayo: temperaturas, probabilidad de lluvia y calidad del aire"},"content":{"rendered":"<p> <br \/>\n<\/p>\n<div>\n<p>Este inicio de semana, la ciudad fronteriza experimenta condiciones meteorol\u00f3gicas extremas. El term\u00f3metro marca actualmente <strong>32\u00b0C<\/strong> bajo un firmamento completamente despejado. Las autoridades locales recomiendan extremar precauciones ante el intenso calor registrado hoy.<\/p>\n<h2>\u00bfQu\u00e9 temperaturas se esperan en Nogales?<\/h2>\n<p>Durante la jornada, el valor m\u00e1ximo alcanzar\u00e1 los <strong>38\u00b0C<\/strong>, mientras que la m\u00ednima se situar\u00e1 en <strong>26\u00b0C<\/strong>. La sensaci\u00f3n t\u00e9rmica actual es de <strong>30\u00b0C<\/strong>, ligeramente por debajo del registro real debido a las r\u00e1fagas ligeras presentes en la regi\u00f3n sonorense.<\/p>\n<p>El ambiente se mantendr\u00e1 sumamente seco, reportando apenas un <strong>19%<\/strong> de humedad relativa en el ambiente. Esta falta de vapor de agua en la atm\u00f3sfera agudiza la percepci\u00f3n de aridez, provocando que los rayos solares impacten con mayor intensidad sobre la superficie terrestre.<\/p>\n<h2>\u00bfHabr\u00e1 lluvias durante este inicio de semana?<\/h2>\n<p>Los reportes meteorol\u00f3gicos descartan cualquier probabilidad de precipitaciones para esta zona del estado. Los aguaceros brillan por su ausencia, consolidando un patr\u00f3n de sequ\u00eda estacional que mantiene los pluvi\u00f3metros en <strong>0<\/strong> mil\u00edmetros durante las pr\u00f3ximas horas del d\u00eda.<\/p>\n<p>En cuanto a las corrientes de aire, se percibe un viento sostenido de <strong>3<\/strong> metros por segundo. La nubosidad es nula, permitiendo una visibilidad perfecta en todo el valle. Estas brisas c\u00e1lidas no logran mitigar la sofocante ola t\u00e9rmica que envuelve a la localidad norte\u00f1a.<\/p>\n<div style=\"background:linear-gradient(135deg,#0c1929 0%,#1a365d 50%,#234e82 100%);border-radius:12px;font-family:-apple-system,BlinkMacSystemFont,'Segoe UI',Roboto,sans-serif;margin:1rem 0;overflow:hidden;box-shadow:0 4px 20px rgba(0,0,0,0.25);\">\n<div style=\"display:flex;align-items:stretch;\">\n<div style=\"flex:1;padding:16px 20px;border-right:1px solid rgba(255,255,255,0.1);\">\n<p>Clima hoy<\/p>\n<p>Nogales<\/p>\n<p>32<span style=\"font-size:1.5rem;color:rgba(255,255,255,0.7);\">\u00b0C<\/span><\/p>\n<p>cielo claro<\/p>\n<\/div>\n<\/div>\n<\/div>\n<h2>Pron\u00f3stico extendido para los pr\u00f3ximos d\u00edas<\/h2>\n<p>El panorama meteorol\u00f3gico muestra ligeras variaciones:<\/p>\n<p><strong>12 de mayo de 2026<\/strong><br \/>M\u00e1xima de <strong>39\u00b0C<\/strong> y m\u00ednima de <strong>25\u00b0C<\/strong>. Firmamento muy nuboso con vientos de <strong>3<\/strong> km\/h.<\/p>\n<p><strong>13 de mayo de 2026<\/strong><br \/>M\u00e1xima de <strong>38\u00b0C<\/strong> y m\u00ednima de <strong>28\u00b0C<\/strong>. Presencia de nubes y brisas de <strong>5<\/strong> km\/h.<\/p>\n<p><strong>14 de mayo de 2026<\/strong><br \/>M\u00e1xima de <strong>38\u00b0C<\/strong> y m\u00ednima de <strong>28\u00b0C<\/strong>. Cielos nubosos y r\u00e1fagas alcanzando <strong>5<\/strong> km\/h.<\/p>\n<p>La tendencia general indica que las elevadas marcas t\u00e9rmicas persistir\u00e1n toda la semana. Aunque se incrementar\u00e1 la cobertura nubosa, los valores m\u00e1ximos rondar\u00e1n los <strong>38\u00b0C<\/strong> y <strong>39\u00b0C<\/strong>, manteniendo un entorno sofocante sin indicios de refrescar en el corto plazo.<\/p>\n<h2>Medidas preventivas contra el calor extremo<\/h2>\n<p>Para proteger la salud, los especialistas sugieren ingerir al menos <strong>2<\/strong> litros de agua purificada diariamente. Es fundamental aplicar protector solar factor <strong>50<\/strong> sobre la piel expuesta y evitar esfuerzos f\u00edsicos extenuantes cuando el astro rey alcanza su mayor radiaci\u00f3n.\n<\/p>\n<p>Se aconseja encarecidamente limitar las salidas a la calle entre las <strong>11:00<\/strong> y <strong>16:00<\/strong> horas. Permanecer en espacios climatizados o bajo sombra abundante reduce significativamente el riesgo de sufrir un golpe de calor o descompensaciones severas por la tarde.\n<\/p>\n<h2>Efectos de las altas temperaturas en la ciudad<\/h2>\n<p>Las din\u00e1micas recreativas al aire libre experimentan una pausa obligada. Entrenamientos deportivos y paseos en parques p\u00fablicos deben reprogramarse para despu\u00e9s de las <strong>18:00<\/strong> horas, cuando el descenso t\u00e9rmico ofrece un respiro seguro para la poblaci\u00f3n f\u00edsicamente activa.\n<\/p>\n<p>El tr\u00e1nsito vehicular tambi\u00e9n sufre estragos, pues los motores tienden a sobrecalentarse con mayor facilidad al superar los <strong>35\u00b0C<\/strong> ambientales. El asfalto ardiente incrementa el desgaste de neum\u00e1ticos, exigiendo a los conductores revisar sus coches antes de cada trayecto.\n<\/p>\n<h2>Atuendo ideal para sobrellevar el clima<\/h2>\n<p>Optar por prendas holgadas fabricadas con algod\u00f3n o lino resulta la mejor decisi\u00f3n hoy. Los tonos claros como blanco o beige ayudan a reflejar hasta un <strong>80%<\/strong> de la luz solar, manteniendo el cuerpo mucho m\u00e1s fresco frente a la inclemente exposici\u00f3n t\u00e9rmica de la frontera.\n<\/p>\n<p>Al abandonar el hogar, resulta imperativo empacar accesorios protectores. Una sombrilla amplia, gafas con filtro UV nivel <strong>400<\/strong>, gorras de ala ancha y un termo con l\u00edquidos fr\u00edos son elementos indispensables que no deben faltar en la mochila de cualquier ciudadano precavido.\n<\/p>\n<h2>Calidad del aire y monitoreo de protecci\u00f3n civil<\/h2>\n<p>El \u00edndice de calidad del aire marca un nivel <strong>2<\/strong>, considerado aceptable y apto para la mayor\u00eda. Las part\u00edculas PM2.5 registran <strong>9.7<\/strong> microgramos, mientras que las PM10 se ubican en <strong>22.4<\/strong>, permitiendo respirar sin complicaciones respiratorias severas.\n<\/p>\n<p>Para mantenerse actualizado sobre posibles contingencias, se invita a seguir los canales del Servicio Meteorol\u00f3gico Nacional. Consultar los boletines emitidos cada <strong>12<\/strong> horas por las dependencias estatales garantizar\u00e1 una correcta toma de decisiones preventivas familiares.<br \/>\n<\/p>\n<p><h3 style=\"margin-bottom:10px;font-family:Arial,sans-serif;\"\/>\n    <iframe src=\"https:\/\/openweathermap.org\/weathermap?basemap=map&amp;cities=true&amp;layer=temperature&amp;lat=23.6345&amp;lon=-102.5528&amp;zoom=5\" width=\"100%\" height=\"400\" style=\"border:none;border-radius:8px;\" loading=\"lazy\"><br \/>\n    <\/iframe>\n<\/p>\n<p style=\"font-size:12px;color:#666;margin-top:20px;\"><em>Este art\u00edculo ha sido generado con el apoyo de IA y revisado por un editor. Para m\u00e1s informaci\u00f3n, consulte nuestros t\u00e9rminos y condiciones.<\/em>&#13;<br \/>\n&#13;\n                                <\/p>\n<\/p><\/div>\n<p><script>\n    !function(f,b,e,v,n,t,s)\n    {if(f.fbq)return;n=f.fbq=function(){n.callMethod?\n    n.callMethod.apply(n,arguments):n.queue.push(arguments)};\n    if(!f._fbq)f._fbq=n;n.push=n;n.loaded=!0;n.version='2.0';\n    n.queue=[];t=b.createElement(e);t.async=!0;\n    t.src=v;s=b.getElementsByTagName(e)[0];\n    s.parentNode.insertBefore(t,s)}(window, document,'script',\n    'https:\/\/connect.facebook.net\/en_US\/fbevents.js');\n    fbq('init', '237927003583820');\n    fbq('track', 'PageView');\n  <\/script><script>\n    !function(f,b,e,v,n,t,s)\n    {if(f.fbq)return;n=f.fbq=function(){n.callMethod?\n    n.callMethod.apply(n,arguments):n.queue.push(arguments)};\n    if(!f._fbq)f._fbq=n;n.push=n;n.loaded=!0;n.version='2.0';\n    n.queue=[];t=b.createElement(e);t.async=!0;\n    t.src=v;s=b.getElementsByTagName(e)[0];\n    s.parentNode.insertBefore(t,s)}(window, document,'script',\n    'https:\/\/connect.facebook.net\/en_US\/fbevents.js');\n    fbq('init', '802372280934901');\n    fbq('track', 'PageView');\n    <\/script><br \/>\n<br \/><\/p>\n","protected":false},"excerpt":{"rendered":"<p>Este inicio de semana, la ciudad fronteriza experimenta condiciones meteorol\u00f3gicas extremas. El term\u00f3metro marca actualmente 32\u00b0C bajo un firmamento completamente despejado. Las autoridades locales recomiendan extremar precauciones ante el intenso calor registrado hoy. \u00bfQu\u00e9 temperaturas se esperan en Nogales? Durante la jornada, el valor m\u00e1ximo alcanzar\u00e1 los 38\u00b0C, mientras que la m\u00ednima se situar\u00e1 en [&hellip;]<\/p>\n","protected":false},"author":2,"featured_media":4090,"comment_status":"","ping_status":"","sticky":false,"template":"","format":"standard","meta":{"footnotes":""},"categories":[2],"tags":[],"class_list":["post-4089","post","type-post","status-publish","format-standard","has-post-thumbnail","hentry","category-local"],"_links":{"self":[{"href":"https:\/\/conexion-mx.com\/index.php?rest_route=\/wp\/v2\/posts\/4089","targetHints":{"allow":["GET"]}}],"collection":[{"href":"https:\/\/conexion-mx.com\/index.php?rest_route=\/wp\/v2\/posts"}],"about":[{"href":"https:\/\/conexion-mx.com\/index.php?rest_route=\/wp\/v2\/types\/post"}],"author":[{"embeddable":true,"href":"https:\/\/conexion-mx.com\/index.php?rest_route=\/wp\/v2\/users\/2"}],"replies":[{"embeddable":true,"href":"https:\/\/conexion-mx.com\/index.php?rest_route=%2Fwp%2Fv2%2Fcomments&post=4089"}],"version-history":[{"count":0,"href":"https:\/\/conexion-mx.com\/index.php?rest_route=\/wp\/v2\/posts\/4089\/revisions"}],"wp:featuredmedia":[{"embeddable":true,"href":"https:\/\/conexion-mx.com\/index.php?rest_route=\/wp\/v2\/media\/4090"}],"wp:attachment":[{"href":"https:\/\/conexion-mx.com\/index.php?rest_route=%2Fwp%2Fv2%2Fmedia&parent=4089"}],"wp:term":[{"taxonomy":"category","embeddable":true,"href":"https:\/\/conexion-mx.com\/index.php?rest_route=%2Fwp%2Fv2%2Fcategories&post=4089"},{"taxonomy":"post_tag","embeddable":true,"href":"https:\/\/conexion-mx.com\/index.php?rest_route=%2Fwp%2Fv2%2Ftags&post=4089"}],"curies":[{"name":"wp","href":"https:\/\/api.w.org\/{rel}","templated":true}]}}