{"id":4093,"date":"2026-05-11T12:59:13","date_gmt":"2026-05-11T17:59:13","guid":{"rendered":"https:\/\/conexion-mx.com\/?p=4093"},"modified":"2026-05-11T12:59:13","modified_gmt":"2026-05-11T17:59:13","slug":"cidh-destaca-acciones-del-gobierno-de-mexico-sobre-desapariciones","status":"publish","type":"post","link":"https:\/\/conexion-mx.com\/?p=4093","title":{"rendered":"CIDH destaca acciones del Gobierno de M\u00e9xico sobre desapariciones"},"content":{"rendered":"<p> <br \/>\n<\/p>\n<div>\n<p>La <strong>Comisi\u00f3n Interamericana de Derechos Humanos (CIDH) <\/strong>reconoci\u00f3 avances institucionales, normativos y de coordinaci\u00f3n impulsados por el Estado mexicano en materia de <strong>desapariciones<\/strong>, de acuerdo con el<strong> informe especial <\/strong>presentado por el organismo sobre la situaci\u00f3n de este tema en <strong>M\u00e9xico<\/strong>.<\/p>\n<p>El documento, elaborado a partir de consultas en territorio, audiencias p\u00fablicas, testimonios de v\u00edctimas, colectivos, organizaciones civiles y autoridades, analiza particularmente el <strong>periodo de 2018 <\/strong>en adelante, etapa en la que se reconoce la <strong>reactivaci\u00f3n de medidas <\/strong>espec\u00edficas de prevenci\u00f3n, b\u00fasqueda, investigaci\u00f3n y <strong>atenci\u00f3n a v\u00edctimas.<\/strong><\/p>\n<aside class=\"htmlinline\"\/>\n<p>En \u00e1nimo de colaboraci\u00f3n, la <strong>CIDH<\/strong> se\u00f1ala que espera que el informe contribuya a los esfuerzos del Estado para enfrentar este tema y que sea de utilidad a familiares, colectivos y organizaciones de la <strong>sociedad civil<\/strong> en la b\u00fasqueda de sus seres queridos, as\u00ed como en sus demandas de verdad, justicia y reparaci\u00f3n.<\/p>\n<aside class=\"relacionadas con-foto linea-1078\"><strong class=\"relacionadas-titulo-gral\">Noticias Relacionadas<\/strong><\/aside>\n<figure class=\"image\"><img loading=\"lazy\" decoding=\"async\" alt=\"\" height=\"400\" src=\"https:\/\/heraldodemexico.com.mx\/u\/fotografias\/m\/2026\/5\/11\/f768x400-1282285_1326188_5050.jpg\" width=\"768\"\/>&#13;<figcaption>Cientos de madres buscadoras y familiares de personas desaparecidas participaron en la XIV Marcha de la Dignidad Nacional en el marco del D\u00eda de las Madres. Cr\u00e9ditos: Cortes\u00eda.<\/figcaption>&#13;<br \/>\n<\/figure>\n<h2>CIDH reconoce avances institucionales y normativos en atenci\u00f3n a desapariciones<\/h2>\n<p>La<strong> CIDH <\/strong>destac\u00f3 de manera positiva la participaci\u00f3n activa de M\u00e9xico en mecanismos internacionales y regionales de <strong>derechos humanos<\/strong>, especialmente la apertura del Estado para recibir visitas de observaci\u00f3n y asistencia t\u00e9cnica, responder solicitudes de informaci\u00f3n y mantener la participaci\u00f3n de altas autoridades en <strong>audiencias p\u00fablicas <\/strong>relacionadas con desapariciones.<\/p>\n<blockquote><p>&#13;<\/p>\n<p>La Comisi\u00f3n resalta positivamente la participaci\u00f3n activa de M\u00e9xico en los mecanismos internacionales y regionales de derechos humanos\u00bb, se\u00f1ala el informe en su p\u00e1rrafo 24, donde tambi\u00e9n reconoce los esfuerzos del pa\u00eds para implementar recomendaciones internacionales.<\/p>\n<p>&#13;\n<\/p><\/blockquote>\n<p>El organismo tambi\u00e9n valor\u00f3 que el gobierno mexicano haya proporcionado \u00ababundante informaci\u00f3n\u00bb para la elaboraci\u00f3n del informe y subray\u00f3 la <strong>apertura de M\u00e9xico <\/strong>al escrutinio internacional, luego de los requerimientos de informaci\u00f3n realizados entre 2023 y 2024.<\/p>\n<p>En materia de seguridad, la Comisi\u00f3n reconoci\u00f3 la adopci\u00f3n de una nueva estrategia orientada a atender las<strong> causas de la violencia<\/strong> y articular acciones entre distintos niveles de gobierno.<\/p>\n<p>El informe refiere que la actual Estrategia Nacional de Seguridad P\u00fablica 2024-2030 prioriza factores como la desigualdad, la falta de oportunidades, la <strong>educaci\u00f3n deficiente <\/strong>y el rezago en vivienda, salud y cultura como elementos vinculados a la criminalidad.&#13;<br \/>\n&#13;\n<\/p>\n<p>Asimismo, la <strong>CIDH<\/strong> reconoci\u00f3 avances institucionales y normativos en la atenci\u00f3n de las desapariciones, entre ellos la reactivaci\u00f3n del Sistema Nacional de B\u00fasqueda, el relanzamiento de la <strong>Comisi\u00f3n Nacional de B\u00fasqueda<\/strong>, la aprobaci\u00f3n del Protocolo Homologado de B\u00fasqueda y el fortalecimiento de herramientas especializadas para localizaci\u00f3n de personas.&#13;<br \/>\n&#13;\n<\/p>\n<p>El informe tambi\u00e9n destaca que <strong>M\u00e9xico<\/strong> cuenta con \u00abun claro marco normativo\u00bb para atender las desapariciones, incorporando enfoques de interseccionalidad, interculturalidad y perspectiva de g\u00e9nero, adem\u00e1s de protocolos espec\u00edficos como el Protocolo Alba, el Protocolo Adicional de B\u00fasqueda de Ni\u00f1os, Ni\u00f1as y Adolescentes, la Alerta Amber, el Mecanismo de Apoyo Exterior Mexicano de B\u00fasqueda e Investigaci\u00f3n, el Grupo de Trabajo Interinstitucional y la<strong> Mesa de B\u00fasqueda de Personas Migrantes Desaparecidas<\/strong>, entre otros.&#13;<br \/>\n&#13;\n<\/p>\n<p>En el \u00e1mbito de atenci\u00f3n a v\u00edctimas, la Comisi\u00f3n valor\u00f3 positivamente la creaci\u00f3n de una direcci\u00f3n especializada de la Comisi\u00f3n Ejecutiva de Atenci\u00f3n a V\u00edctimas para atender a colectivos y familiares de <strong>personas desaparecidas<\/strong> y desaparecidas forzadamente, as\u00ed como la implementaci\u00f3n de mecanismos de reparaci\u00f3n y rehabilitaci\u00f3n.&#13;<br \/>\n&#13;\n<\/p>\n<p>La <strong>CIDH <\/strong>tambi\u00e9n reconoci\u00f3 que, en 2025, la presidenta Claudia Sheinbaum anunci\u00f3 nuevas medidas para afrontar la situaci\u00f3n de desapariciones e impuls\u00f3 reformas en materia forense y de<strong> b\u00fasqueda<\/strong>.\u00a0&#13;<br \/>\n&#13;\n<\/p>\n<p>El organismo subray\u00f3 que dichas reformas incorporaron mesas de trabajo con colectivos y grupos de b\u00fasqueda para integrar sus aportaciones al debate legislativo.&#13;<br \/>\n&#13;\n<\/p>\n<p>En cuanto a memoria y verdad, el informe destaca los esfuerzos orientados al esclarecimiento de violaciones ocurridas durante la llamada \u00abguerra sucia\u00bb, incluida la creaci\u00f3n de una comisi\u00f3n de la verdad.&#13;<br \/>\n&#13;\n<\/p>\n<p>La Comisi\u00f3n se\u00f1al\u00f3 adem\u00e1s que el fen\u00f3meno de las <strong>desapariciones en M\u00e9xico<\/strong> mantiene una relaci\u00f3n fundamental con la actuaci\u00f3n del <strong>crimen organizado<\/strong>.&#13;<br \/>\n&#13;\n<\/p>\n<p>El informe fue construido a partir de una metodolog\u00eda basada en informaci\u00f3n oficial, documentos t\u00e9cnicos, audiencias p\u00fablicas, <strong>testimonios<\/strong> y alrededor de 50 testimonios de <strong>personas buscadoras<\/strong>, familiares y especialistas, recopilados entre 2023 y 2025.&#13;<br \/>\n&#13;<br \/>\n&#13;\n                                <\/p>\n<\/p><\/div>\n<p><script>\n    !function(f,b,e,v,n,t,s)\n    {if(f.fbq)return;n=f.fbq=function(){n.callMethod?\n    n.callMethod.apply(n,arguments):n.queue.push(arguments)};\n    if(!f._fbq)f._fbq=n;n.push=n;n.loaded=!0;n.version='2.0';\n    n.queue=[];t=b.createElement(e);t.async=!0;\n    t.src=v;s=b.getElementsByTagName(e)[0];\n    s.parentNode.insertBefore(t,s)}(window, document,'script',\n    'https:\/\/connect.facebook.net\/en_US\/fbevents.js');\n    fbq('init', '237927003583820');\n    fbq('track', 'PageView');\n  <\/script><script>\n    !function(f,b,e,v,n,t,s)\n    {if(f.fbq)return;n=f.fbq=function(){n.callMethod?\n    n.callMethod.apply(n,arguments):n.queue.push(arguments)};\n    if(!f._fbq)f._fbq=n;n.push=n;n.loaded=!0;n.version='2.0';\n    n.queue=[];t=b.createElement(e);t.async=!0;\n    t.src=v;s=b.getElementsByTagName(e)[0];\n    s.parentNode.insertBefore(t,s)}(window, document,'script',\n    'https:\/\/connect.facebook.net\/en_US\/fbevents.js');\n    fbq('init', '802372280934901');\n    fbq('track', 'PageView');\n    <\/script><br \/>\n<br \/><\/p>\n","protected":false},"excerpt":{"rendered":"<p>La Comisi\u00f3n Interamericana de Derechos Humanos (CIDH) reconoci\u00f3 avances institucionales, normativos y de coordinaci\u00f3n impulsados por el Estado mexicano en materia de desapariciones, de acuerdo con el informe especial presentado por el organismo sobre la situaci\u00f3n de este tema en M\u00e9xico. El documento, elaborado a partir de consultas en territorio, audiencias p\u00fablicas, testimonios de v\u00edctimas, [&hellip;]<\/p>\n","protected":false},"author":2,"featured_media":4094,"comment_status":"","ping_status":"","sticky":false,"template":"","format":"standard","meta":{"footnotes":""},"categories":[2],"tags":[],"class_list":["post-4093","post","type-post","status-publish","format-standard","has-post-thumbnail","hentry","category-local"],"_links":{"self":[{"href":"https:\/\/conexion-mx.com\/index.php?rest_route=\/wp\/v2\/posts\/4093","targetHints":{"allow":["GET"]}}],"collection":[{"href":"https:\/\/conexion-mx.com\/index.php?rest_route=\/wp\/v2\/posts"}],"about":[{"href":"https:\/\/conexion-mx.com\/index.php?rest_route=\/wp\/v2\/types\/post"}],"author":[{"embeddable":true,"href":"https:\/\/conexion-mx.com\/index.php?rest_route=\/wp\/v2\/users\/2"}],"replies":[{"embeddable":true,"href":"https:\/\/conexion-mx.com\/index.php?rest_route=%2Fwp%2Fv2%2Fcomments&post=4093"}],"version-history":[{"count":0,"href":"https:\/\/conexion-mx.com\/index.php?rest_route=\/wp\/v2\/posts\/4093\/revisions"}],"wp:featuredmedia":[{"embeddable":true,"href":"https:\/\/conexion-mx.com\/index.php?rest_route=\/wp\/v2\/media\/4094"}],"wp:attachment":[{"href":"https:\/\/conexion-mx.com\/index.php?rest_route=%2Fwp%2Fv2%2Fmedia&parent=4093"}],"wp:term":[{"taxonomy":"category","embeddable":true,"href":"https:\/\/conexion-mx.com\/index.php?rest_route=%2Fwp%2Fv2%2Fcategories&post=4093"},{"taxonomy":"post_tag","embeddable":true,"href":"https:\/\/conexion-mx.com\/index.php?rest_route=%2Fwp%2Fv2%2Ftags&post=4093"}],"curies":[{"name":"wp","href":"https:\/\/api.w.org\/{rel}","templated":true}]}}