{"id":4097,"date":"2026-05-11T21:23:49","date_gmt":"2026-05-12T02:23:49","guid":{"rendered":"https:\/\/conexion-mx.com\/?p=4097"},"modified":"2026-05-11T21:23:49","modified_gmt":"2026-05-12T02:23:49","slug":"es-oficial-la-sep-anuncia-un-nuevo-dia-de-descanso-en-mayo","status":"publish","type":"post","link":"https:\/\/conexion-mx.com\/?p=4097","title":{"rendered":"Es oficial: la SEP anuncia un nuevo d\u00eda de descanso en mayo"},"content":{"rendered":"<p> <br \/>\n<\/p>\n<div itemprop=\"articleBody\">\n<div class=\"txt_contenido\">\n<p>La Autoridad Educativa Federal en la Ciudad de M\u00e9xico (AEFCM) dio a conocer un nuevo d\u00eda de descanso en mayo. A trav\u00e9s de un comunicado, inform\u00f3 que se otorg\u00f3\u00a0el d\u00eda 14 de mayo de 2026 al personal directivo, docente y de apoyo, y asistencia a la educaci\u00f3n de los modelos de educaci\u00f3n b\u00e1sica y superior en la Autoridad Educativa Federal en la Ciudad de M\u00e9xico.<\/p>\n<p>Lo anterior, como reconocimiento a la labor que desempe\u00f1an\u00a0los docentes y su compromiso\u00a0 con el fortalecimiento de la educaci\u00f3n p\u00fablica en la capital del pa\u00eds.<\/p>\n<aside class=\"htmlinline\"\/>\n<p>La AEFCM realiz\u00f3 el anuncio luego de que la Secretar\u00eda de Educaci\u00f3n P\u00fablica (SEP) hizo oficial que el calendario para el ciclo escolar 2025-2026 se mantendr\u00e1 sin cambios.<\/p>\n<p>\u00a0<\/p>\n<\/p><\/div>\n<\/p><\/div>\n<p><script>\n    !function(f,b,e,v,n,t,s)\n    {if(f.fbq)return;n=f.fbq=function(){n.callMethod?\n    n.callMethod.apply(n,arguments):n.queue.push(arguments)};\n    if(!f._fbq)f._fbq=n;n.push=n;n.loaded=!0;n.version='2.0';\n    n.queue=[];t=b.createElement(e);t.async=!0;\n    t.src=v;s=b.getElementsByTagName(e)[0];\n    s.parentNode.insertBefore(t,s)}(window, document,'script',\n    'https:\/\/connect.facebook.net\/en_US\/fbevents.js');\n    fbq('init', '237927003583820');\n    fbq('track', 'PageView');\n  <\/script><script>\n    !function(f,b,e,v,n,t,s)\n    {if(f.fbq)return;n=f.fbq=function(){n.callMethod?\n    n.callMethod.apply(n,arguments):n.queue.push(arguments)};\n    if(!f._fbq)f._fbq=n;n.push=n;n.loaded=!0;n.version='2.0';\n    n.queue=[];t=b.createElement(e);t.async=!0;\n    t.src=v;s=b.getElementsByTagName(e)[0];\n    s.parentNode.insertBefore(t,s)}(window, document,'script',\n    'https:\/\/connect.facebook.net\/en_US\/fbevents.js');\n    fbq('init', '802372280934901');\n    fbq('track', 'PageView');\n    <\/script><br \/>\n<br \/><\/p>\n","protected":false},"excerpt":{"rendered":"<p>La Autoridad Educativa Federal en la Ciudad de M\u00e9xico (AEFCM) dio a conocer un nuevo d\u00eda de descanso en mayo. A trav\u00e9s de un comunicado, inform\u00f3 que se otorg\u00f3\u00a0el d\u00eda 14 de mayo de 2026 al personal directivo, docente y de apoyo, y asistencia a la educaci\u00f3n de los modelos de educaci\u00f3n b\u00e1sica y superior [&hellip;]<\/p>\n","protected":false},"author":2,"featured_media":4098,"comment_status":"","ping_status":"","sticky":false,"template":"","format":"standard","meta":{"footnotes":""},"categories":[2],"tags":[],"class_list":["post-4097","post","type-post","status-publish","format-standard","has-post-thumbnail","hentry","category-local"],"_links":{"self":[{"href":"https:\/\/conexion-mx.com\/index.php?rest_route=\/wp\/v2\/posts\/4097","targetHints":{"allow":["GET"]}}],"collection":[{"href":"https:\/\/conexion-mx.com\/index.php?rest_route=\/wp\/v2\/posts"}],"about":[{"href":"https:\/\/conexion-mx.com\/index.php?rest_route=\/wp\/v2\/types\/post"}],"author":[{"embeddable":true,"href":"https:\/\/conexion-mx.com\/index.php?rest_route=\/wp\/v2\/users\/2"}],"replies":[{"embeddable":true,"href":"https:\/\/conexion-mx.com\/index.php?rest_route=%2Fwp%2Fv2%2Fcomments&post=4097"}],"version-history":[{"count":0,"href":"https:\/\/conexion-mx.com\/index.php?rest_route=\/wp\/v2\/posts\/4097\/revisions"}],"wp:featuredmedia":[{"embeddable":true,"href":"https:\/\/conexion-mx.com\/index.php?rest_route=\/wp\/v2\/media\/4098"}],"wp:attachment":[{"href":"https:\/\/conexion-mx.com\/index.php?rest_route=%2Fwp%2Fv2%2Fmedia&parent=4097"}],"wp:term":[{"taxonomy":"category","embeddable":true,"href":"https:\/\/conexion-mx.com\/index.php?rest_route=%2Fwp%2Fv2%2Fcategories&post=4097"},{"taxonomy":"post_tag","embeddable":true,"href":"https:\/\/conexion-mx.com\/index.php?rest_route=%2Fwp%2Fv2%2Ftags&post=4097"}],"curies":[{"name":"wp","href":"https:\/\/api.w.org\/{rel}","templated":true}]}}