{"id":4099,"date":"2026-05-12T03:18:04","date_gmt":"2026-05-12T08:18:04","guid":{"rendered":"https:\/\/conexion-mx.com\/?p=4099"},"modified":"2026-05-12T03:18:04","modified_gmt":"2026-05-12T08:18:04","slug":"sol-leon-y-alex-bahena-terminan-su-relacion-tras-el-final-de-la-mansion-vip-lo-confirman-con-un-comunicado","status":"publish","type":"post","link":"https:\/\/conexion-mx.com\/?p=4099","title":{"rendered":"Sol Le\u00f3n y Alex Bahena terminan su relaci\u00f3n tras el final de La Mansi\u00f3n VIP; lo confirman con un comunicado"},"content":{"rendered":"<p> <br \/>\n<\/p>\n<div>\n<p><strong>La Mansi\u00f3n VIP <\/strong>termin\u00f3 y fue<strong> Sol Le\u00f3n<\/strong> quien se coron\u00f3 como la ganadora de la primera edici\u00f3n del reality show del creador de contenido HotSpanish. Sin embargo, no solo lleg\u00f3 a su fin el programa, tambi\u00e9n algunas relaciones entre los participantes, incluida la de la triunfadora con <strong>Alex Bahena<\/strong>, quien comparti\u00f3 un comunicado a trav\u00e9s de sus redes sociales oficiales.<\/p>\n<p>Cabe destacar que durante la participaci\u00f3n de<strong> Sol Le\u00f3n <\/strong>en <strong>La Mansi\u00f3n VIP<\/strong> se le vio en distintos momentos muy cercana a su compa\u00f1ero <strong>Mazacl\u00e1n<\/strong>, por lo que surgieron especulaciones entre los seguidores del programa sobre una posible <strong>infidelidad <\/strong>hacia sus respectivas parejas.<\/p>\n<aside class=\"htmlinline\"\/>\n<p>A tan solo un d\u00eda de que<strong> Sol Le\u00f3n <\/strong>abandonara el reality show, <strong>Alex Bahena<\/strong> utiliz\u00f3 su cuenta de Instagram para compartir un comunicado en el que confirm\u00f3 que su <strong>relaci\u00f3n <\/strong>con la empresaria hab\u00eda llegado a su fin. Adem\u00e1s, asegur\u00f3 que existen muchas razones detr\u00e1s de su decisi\u00f3n.<\/p>\n<aside class=\"relacionadas con-foto linea-1078\"><strong class=\"relacionadas-titulo-gral\">Noticias Relacionadas<\/strong><\/aside>\n<blockquote><p>&#13;<\/p>\n<p>\u201cEl reality ha terminado y mi prop\u00f3sito con el apoyo tambi\u00e9n. No quise dar mi postura antes porque no quer\u00eda que mis opiniones afectaran en lo m\u00e1s m\u00ednimo a Sol en este proyecto. Durante estas semanas prefer\u00ed dejar que fluyeran esos comentarios hacia m\u00ed en redes porque mi compromiso era much\u00edsimo m\u00e1s grande, profesional y leal que la opini\u00f3n de las personas\u201d, expres\u00f3 en parte del comunicado.<\/p>\n<p>&#13;\n<\/p><\/blockquote>\n<figure class=\"image\"><img loading=\"lazy\" decoding=\"async\" alt=\"\" height=\"436\" src=\"https:\/\/heraldodemexico.com.mx\/u\/fotografias\/m\/2026\/5\/11\/f768x1-1282537_1282664_5050.png\" width=\"768\"\/>&#13;<figcaption>El comunicado del ex de Sol Le\u00f3n. Foto\/alexbahena_21<\/figcaption>&#13;<br \/>\n<\/figure>\n<h2>\u00bfAlex Bahena termin\u00f3 con Sol Le\u00f3n?<\/h2>\n<p>En la publicaci\u00f3n, <strong>Alex <\/strong>tambi\u00e9n asegur\u00f3 que la ruptura se est\u00e1 llevando de manera pac\u00edfica y respetuosa. Asimismo, reconoci\u00f3 las consecuencias que puede traer participar en un <strong>reality show<\/strong>, aunque se\u00f1al\u00f3 que, para \u00e9l, algunas situaciones sobrepasaron ciertos l\u00edmites y por ello decidi\u00f3 terminar la <strong>relaci\u00f3n<\/strong>.<\/p>\n<blockquote><p>&#13;<\/p>\n<p>\u201cEl d\u00eda de hoy he decidido terminar mi relaci\u00f3n con Marisol de la manera m\u00e1s pac\u00edfica, justa y limpia posible; las razones son muchas&#8230; yo entiendo muy bien el juego, pero distintas acciones han pasado el l\u00edmite en bastantes ocasiones. Respeto absolutamente cualquier acci\u00f3n o decisi\u00f3n, pero tengo criterio y valor propio; me gustar\u00eda que mis decisiones tambi\u00e9n sean respetadas\u201d, agreg\u00f3 Alex.<\/p>\n<p>&#13;\n<\/p><\/blockquote>\n<figure class=\"image\"><img loading=\"lazy\" decoding=\"async\" alt=\"\" height=\"886\" src=\"https:\/\/heraldodemexico.com.mx\/u\/fotografias\/m\/2026\/5\/11\/f768x1-1282539_1282666_5050.jpg\" width=\"768\"\/>&#13;<figcaption>Alex y Sol Le\u00f3n ya no tienen una relaci\u00f3n. Foto IG\/alexbahena_21<\/figcaption>&#13;<br \/>\n<\/figure>\n<p>En el comunicado, Alex puntualiz\u00f3 que jam\u00e1s ha sido su intenci\u00f3n afectar a quien en alg\u00fan momento le brind\u00f3 apoyo, por lo que busca abordar la situaci\u00f3n con respeto y sin generar odio entre los seguidores. No obstante, tambi\u00e9n dej\u00f3 claro que la confianza, la <strong>lealtad <\/strong>y el <strong>respeto <\/strong>dentro de la <strong>relaci\u00f3n <\/strong>se perdieron, aunque no descart\u00f3 la posibilidad de continuar trabajando juntos en futuros proyectos.<\/p>\n<blockquote><p>&#13;<\/p>\n<p>\u201cEs muy probable que sigamos compartiendo proyectos juntos que ser\u00e1n maduramente alejados de cualquier resentimiento. Les agradezco con todo el coraz\u00f3n a aquellos que se tomaron el tiempo estos d\u00edas de escribirme mensajes de apoyo, cr\u00e9anme que de quienes m\u00e1s los esperaba no llegaron\u201d, concluy\u00f3 el mensaje de la expareja de Sol Le\u00f3n.&#13;\n<\/p>\n<\/blockquote>\n<p>\u00a0&#13;<br \/>\n&#13;\n<\/p>\n<\/p><\/div>\n<p><script>\n    !function(f,b,e,v,n,t,s)\n    {if(f.fbq)return;n=f.fbq=function(){n.callMethod?\n    n.callMethod.apply(n,arguments):n.queue.push(arguments)};\n    if(!f._fbq)f._fbq=n;n.push=n;n.loaded=!0;n.version='2.0';\n    n.queue=[];t=b.createElement(e);t.async=!0;\n    t.src=v;s=b.getElementsByTagName(e)[0];\n    s.parentNode.insertBefore(t,s)}(window, document,'script',\n    'https:\/\/connect.facebook.net\/en_US\/fbevents.js');\n    fbq('init', '237927003583820');\n    fbq('track', 'PageView');\n  <\/script><script>\n    !function(f,b,e,v,n,t,s)\n    {if(f.fbq)return;n=f.fbq=function(){n.callMethod?\n    n.callMethod.apply(n,arguments):n.queue.push(arguments)};\n    if(!f._fbq)f._fbq=n;n.push=n;n.loaded=!0;n.version='2.0';\n    n.queue=[];t=b.createElement(e);t.async=!0;\n    t.src=v;s=b.getElementsByTagName(e)[0];\n    s.parentNode.insertBefore(t,s)}(window, document,'script',\n    'https:\/\/connect.facebook.net\/en_US\/fbevents.js');\n    fbq('init', '775201487065840');\n    fbq('track', 'PageView');\n    <\/script><br \/>\n<br \/><\/p>\n","protected":false},"excerpt":{"rendered":"<p>La Mansi\u00f3n VIP termin\u00f3 y fue Sol Le\u00f3n quien se coron\u00f3 como la ganadora de la primera edici\u00f3n del reality show del creador de contenido HotSpanish. Sin embargo, no solo lleg\u00f3 a su fin el programa, tambi\u00e9n algunas relaciones entre los participantes, incluida la de la triunfadora con Alex Bahena, quien comparti\u00f3 un comunicado a [&hellip;]<\/p>\n","protected":false},"author":3,"featured_media":4100,"comment_status":"","ping_status":"","sticky":false,"template":"","format":"standard","meta":{"footnotes":""},"categories":[35],"tags":[],"class_list":["post-4099","post","type-post","status-publish","format-standard","has-post-thumbnail","hentry","category-espectaculos"],"_links":{"self":[{"href":"https:\/\/conexion-mx.com\/index.php?rest_route=\/wp\/v2\/posts\/4099","targetHints":{"allow":["GET"]}}],"collection":[{"href":"https:\/\/conexion-mx.com\/index.php?rest_route=\/wp\/v2\/posts"}],"about":[{"href":"https:\/\/conexion-mx.com\/index.php?rest_route=\/wp\/v2\/types\/post"}],"author":[{"embeddable":true,"href":"https:\/\/conexion-mx.com\/index.php?rest_route=\/wp\/v2\/users\/3"}],"replies":[{"embeddable":true,"href":"https:\/\/conexion-mx.com\/index.php?rest_route=%2Fwp%2Fv2%2Fcomments&post=4099"}],"version-history":[{"count":0,"href":"https:\/\/conexion-mx.com\/index.php?rest_route=\/wp\/v2\/posts\/4099\/revisions"}],"wp:featuredmedia":[{"embeddable":true,"href":"https:\/\/conexion-mx.com\/index.php?rest_route=\/wp\/v2\/media\/4100"}],"wp:attachment":[{"href":"https:\/\/conexion-mx.com\/index.php?rest_route=%2Fwp%2Fv2%2Fmedia&parent=4099"}],"wp:term":[{"taxonomy":"category","embeddable":true,"href":"https:\/\/conexion-mx.com\/index.php?rest_route=%2Fwp%2Fv2%2Fcategories&post=4099"},{"taxonomy":"post_tag","embeddable":true,"href":"https:\/\/conexion-mx.com\/index.php?rest_route=%2Fwp%2Fv2%2Ftags&post=4099"}],"curies":[{"name":"wp","href":"https:\/\/api.w.org\/{rel}","templated":true}]}}