{"id":4110,"date":"2026-05-13T04:49:52","date_gmt":"2026-05-13T09:49:52","guid":{"rendered":"https:\/\/conexion-mx.com\/?p=4110"},"modified":"2026-05-13T04:49:52","modified_gmt":"2026-05-13T09:49:52","slug":"chamarra-del-mistico-sobre-bts-era-una-sorpresa-para-el-luchador-sus-creadores-revelan-la-historia-detras-de-la-prenda","status":"publish","type":"post","link":"https:\/\/conexion-mx.com\/?p=4110","title":{"rendered":"Chamarra del M\u00edstico sobre BTS era una sorpresa para el luchador: sus creadores revelan la historia detr\u00e1s de la prenda"},"content":{"rendered":"<p> <br \/>\n<\/p>\n<div>\n<p><strong>BTS<\/strong> ofreci\u00f3 tres conciertos inolvidables en la <strong>Ciudad de M\u00e9xico<\/strong> como parte del <em><strong>World Tour Arirang<\/strong><\/em>. Durante los\u00a0al menos\u00a0cinco d\u00edas que estuvieron de visita en la capital mexicana, algunos\u00a0integrantes de la popular banda surcoreana\u00a0dieron de que hablar al visitar lugares emblem\u00e1ticos como el <strong>Espacio Escult\u00f3rico<\/strong> de <strong>Ciudad Universitaria<\/strong> y la <strong>Arena M\u00e9xico.<\/strong><\/p>\n<p>Fue en este \u00faltimo recinto donde inici\u00f3\u00a0una de las historias m\u00e1s sonadas del fin de semana reciente. <strong>M\u00edstico<\/strong>, popular luchador del <strong>Consejo Mundial de Lucha Libre (CMLL),<\/strong> se present\u00f3 a su encuentro contra\u00a0<strong>\u00c1ngel de Oro <\/strong>y <strong>B\u00e1rbaro Cavernario<\/strong> portando una <strong>chamarra<\/strong> decorada a mano con tem\u00e1tica inspirada en la <strong>agrupaci\u00f3n coreana<\/strong>.<\/p>\n<aside class=\"htmlinline\"\/>\n<p>Las manos que se encargaron de\u00a0darle vida a esta singular pieza de vestimenta fueron las de <strong>Alejandro<\/strong> y <strong>Oyuki Matunaga<\/strong>, hermanos y artistas originarios de <strong>Nogales<\/strong>, <strong>Sonora<\/strong>, quienes desde hace varios a\u00f1os se encargan de intervenir piezas textiles de luchadores famosos a <strong>nivel internacional<\/strong>.<\/p>\n<h2>Un detalle que naci\u00f3 del cari\u00f1o a BTS y la lucha libre<\/h2>\n<p>Los hermanos Matunaga explicaron en entrevista exclusiva con <em><strong>El Heraldo de M\u00e9xico<\/strong><\/em> que la idea de entregarle una chamarra estilizada con esta tem\u00e1tica naci\u00f3 del <strong>cari\u00f1o<\/strong> a la banda y a la <strong>lucha libre<\/strong>. Oyuki, quien es\u00a0<strong>ARMY<\/strong>, revel\u00f3 que ya ten\u00edan un pedido pendiente para el luchador, sin embargo, decidieron agregar de \u00faltimo momento\u00a0una pieza inspirada en\u00a0BTS con motivo de los conciertos que se celebraron el <strong>7, 9 y 10 de mayo.<\/strong><\/p>\n<p>Todos los detalles, como las <strong>cadenas doradas<\/strong>,\u00a0los nombres de los integrantes, la <strong>pedrer\u00eda<\/strong> incrustada y otros m\u00e1s, fueron ideados desde el conocimiento y amor de Oyuki hacia la banda de kpop.<\/p>\n<p>Alejandro subray\u00f3 que no esperaba que el <strong>\u00abPrincipe de Plata y Oro\u00bb<\/strong> saliera durante su funci\u00f3n del viernes 8\u00a0de mayo con la chamarra, mucho menos el fen\u00f3meno posterior y que lleg\u00f3 de la mano de historias compartidas en redes sociales por integrantes de la agrupaci\u00f3n musical.<\/p>\n<p>Oyuki pens\u00f3 que ser\u00eda un buen detalle, aprovechando el paso\u00a0de los coreanos por la Ciudad de M\u00e9xico, entregarle este detalle al peleador. Alejandro declar\u00f3 que la\u00a0confecci\u00f3n inici\u00f3 temprano el mi\u00e9rcoles 6 de mayo\u00a0alrededor de las <strong>10:00 horas<\/strong> y qued\u00f3 lista <strong>ocho horas<\/strong> despu\u00e9s. El jueves, afirm\u00f3, se envi\u00f3 por paqueter\u00eda y para el viernes, &#8216;M\u00edstico&#8217; ya la ten\u00eda lista para su lucha.<\/p>\n<p>Durante el di\u00e1logo que sostuvieron con <em><strong>Heraldo Media Group<\/strong><\/em>, los artesanos, quienes\u00a0han confeccionado chamarras\u00a0para otros astros\u00a0de la lucha libre, relataron que la noticia les lleg\u00f3 de imprevisto. La primera sorpresa que recibieron\u00a0fue que &#8216;M\u00edstico&#8217; luci\u00f3\u00a0la chamarra color blanco con\u00a0los nombres de los siete integrantes de BTS durante la funci\u00f3n, la segunda fue que vieron a <strong>Suga<\/strong>, <strong>Jimin<\/strong>, <strong>Jin<\/strong> y <strong>Jungkook<\/strong> disfrutando de la funci\u00f3n del viernes en la Arena M\u00e9xico.&#13;<br \/>\n&#13;\n<\/p>\n<p>Fotograf\u00edas de su aut\u00e9ntica obra de arte inundaron en tiempo real\u00a0plataformas como <em><strong>X<\/strong><\/em> (antes <strong><em>Twitter<\/em><\/strong>), <em><strong>Instagram<\/strong><\/em> y <em><strong>Facebook<\/strong><\/em>; muchas de ellas mostraban, desde diferentes \u00e1ngulos, los detalles hechos a mano que se incluyeron con especial amor y dedicaci\u00f3n al producto final.&#13;<br \/>\n&#13;\n<\/p>\n<h2>Una sorpresa que se convirti\u00f3 en fen\u00f3meno mundial<\/h2>\n<p>Aquella madrugada del <strong>s\u00e1bado 9 de mayo<\/strong>, cuenta Alejandro, pudo conciliar el sue\u00f1o hasta las<strong> 4:00 horas<\/strong> \u2014una hora antes de que tuviera que levantarse para trabajar\u2014 cuando decidi\u00f3 dejar de ver todos los mensajes de familiares y amigos, as\u00ed como las\u00a0publicaciones\u00a0en redes sociales que hac\u00edan eco del trabajo fruto de sus manos y de su hermana.&#13;<br \/>\n&#13;\n<\/p>\n<p>La sorpresa final lleg\u00f3 de la mano de Jin, quien port\u00f3 la pieza de indumentaria durante los conciertos del 9 y 10 de mayo, en esta \u00faltima fecha se observa la chamarra autografiada por todos los integrantes de BTS. Al terminar la gira por M\u00e9xico, <strong>J-Hope<\/strong> comparti\u00f3 una fotograf\u00eda en <em>Instagram<\/em> en la que se pueden apreciar los detalles. Gracias al <strong>fen\u00f3meno mundial<\/strong>, los hermanos han recibido mensajes de <strong>Corea<\/strong> y de personajes importantes del <strong>fandom internacional<\/strong>.&#13;<br \/>\n&#13;\n<\/p>\n<p>Aunque el detalle fue enviado sin \u00abninguna <strong>doble intenci\u00f3n<\/strong>\u00ab, es imposible negar que se convirti\u00f3\u00a0en protagonista del fin\u00a0de semana pasado. \u00abGracias a M\u00edstico, a BTS y a las ARMY\u00bb, concluy\u00f3 el artista, quien invit\u00f3 a la gente fan\u00e1tica de\u00a0la lucha libre a que siga sus redes sociales para enterarse sobre el futuro de su trabajo.&#13;<br \/>\n&#13;<br \/>\n&#13;\n                                <\/p>\n<\/p><\/div>\n<p><script>\n    !function(f,b,e,v,n,t,s)\n    {if(f.fbq)return;n=f.fbq=function(){n.callMethod?\n    n.callMethod.apply(n,arguments):n.queue.push(arguments)};\n    if(!f._fbq)f._fbq=n;n.push=n;n.loaded=!0;n.version='2.0';\n    n.queue=[];t=b.createElement(e);t.async=!0;\n    t.src=v;s=b.getElementsByTagName(e)[0];\n    s.parentNode.insertBefore(t,s)}(window, document,'script',\n    'https:\/\/connect.facebook.net\/en_US\/fbevents.js');\n    fbq('init', '237927003583820');\n    fbq('track', 'PageView');\n  <\/script><script>\n    !function(f,b,e,v,n,t,s)\n    {if(f.fbq)return;n=f.fbq=function(){n.callMethod?\n    n.callMethod.apply(n,arguments):n.queue.push(arguments)};\n    if(!f._fbq)f._fbq=n;n.push=n;n.loaded=!0;n.version='2.0';\n    n.queue=[];t=b.createElement(e);t.async=!0;\n    t.src=v;s=b.getElementsByTagName(e)[0];\n    s.parentNode.insertBefore(t,s)}(window, document,'script',\n    'https:\/\/connect.facebook.net\/en_US\/fbevents.js');\n    fbq('init', '775201487065840');\n    fbq('track', 'PageView');\n    <\/script><br \/>\n<br \/><\/p>\n","protected":false},"excerpt":{"rendered":"<p>BTS ofreci\u00f3 tres conciertos inolvidables en la Ciudad de M\u00e9xico como parte del World Tour Arirang. Durante los\u00a0al menos\u00a0cinco d\u00edas que estuvieron de visita en la capital mexicana, algunos\u00a0integrantes de la popular banda surcoreana\u00a0dieron de que hablar al visitar lugares emblem\u00e1ticos como el Espacio Escult\u00f3rico de Ciudad Universitaria y la Arena M\u00e9xico. Fue en este [&hellip;]<\/p>\n","protected":false},"author":3,"featured_media":4111,"comment_status":"","ping_status":"","sticky":false,"template":"","format":"standard","meta":{"footnotes":""},"categories":[34],"tags":[],"class_list":["post-4110","post","type-post","status-publish","format-standard","has-post-thumbnail","hentry","category-sociedad"],"_links":{"self":[{"href":"https:\/\/conexion-mx.com\/index.php?rest_route=\/wp\/v2\/posts\/4110","targetHints":{"allow":["GET"]}}],"collection":[{"href":"https:\/\/conexion-mx.com\/index.php?rest_route=\/wp\/v2\/posts"}],"about":[{"href":"https:\/\/conexion-mx.com\/index.php?rest_route=\/wp\/v2\/types\/post"}],"author":[{"embeddable":true,"href":"https:\/\/conexion-mx.com\/index.php?rest_route=\/wp\/v2\/users\/3"}],"replies":[{"embeddable":true,"href":"https:\/\/conexion-mx.com\/index.php?rest_route=%2Fwp%2Fv2%2Fcomments&post=4110"}],"version-history":[{"count":0,"href":"https:\/\/conexion-mx.com\/index.php?rest_route=\/wp\/v2\/posts\/4110\/revisions"}],"wp:featuredmedia":[{"embeddable":true,"href":"https:\/\/conexion-mx.com\/index.php?rest_route=\/wp\/v2\/media\/4111"}],"wp:attachment":[{"href":"https:\/\/conexion-mx.com\/index.php?rest_route=%2Fwp%2Fv2%2Fmedia&parent=4110"}],"wp:term":[{"taxonomy":"category","embeddable":true,"href":"https:\/\/conexion-mx.com\/index.php?rest_route=%2Fwp%2Fv2%2Fcategories&post=4110"},{"taxonomy":"post_tag","embeddable":true,"href":"https:\/\/conexion-mx.com\/index.php?rest_route=%2Fwp%2Fv2%2Ftags&post=4110"}],"curies":[{"name":"wp","href":"https:\/\/api.w.org\/{rel}","templated":true}]}}