{"id":4112,"date":"2026-05-13T06:19:26","date_gmt":"2026-05-13T11:19:26","guid":{"rendered":"https:\/\/conexion-mx.com\/?p=4112"},"modified":"2026-05-13T06:19:26","modified_gmt":"2026-05-13T11:19:26","slug":"sep-asi-quedaron-definidos-los-4-puentes-escolares-para-el-ultimo-bimestre-del-ciclo-2025-2026-del-nivel-basico","status":"publish","type":"post","link":"https:\/\/conexion-mx.com\/?p=4112","title":{"rendered":"SEP: as\u00ed quedaron definidos los 4 puentes escolares para el \u00faltimo bimestre del ciclo 2025-2026 del nivel b\u00e1sico"},"content":{"rendered":"<p> <br \/>\n<\/p>\n<div itemprop=\"articleBody\">\n<div class=\"txt_contenido\">\n<p>La <strong>Secretar\u00eda de Educaci\u00f3n P\u00fablica (SEP)<\/strong> inform\u00f3 que luego de una intensa discusi\u00f3n se decidi\u00f3 no adelantar el fin del ciclo escolar 2025-2026 por lo que<strong> el \u00faltimo d\u00eda de clases se mantiene para el pr\u00f3ximo 15 de julio<\/strong>, no obstante, la buena noticia es que<strong> todav\u00eda se tienen programados cuatro\u00a0puentes escolares para los estudiantes del nivel b\u00e1sico,<\/strong> por lo que en esta nota te diremos en qu\u00e9 fechas se suspender\u00e1n las clases.<\/p>\n<p>Como se dijo antes, la Secretar\u00eda de Educaci\u00f3n P\u00fablica (SEP) inform\u00f3 que no se modificar\u00e1 el calendario escolar del ciclo 2025-2026, sin embargo, se precis\u00f3 que <strong>el gobierno de M\u00e9xico mantendr\u00e1 la flexibilidad necesaria para tender las particularidades regionales del pa\u00eds, <\/strong>especialmente en aquellas entidades que enfrenten condiciones extraordinarias, como las <strong>altas temperaturas o los requerimientos log\u00edsticos derivados del Mundial de Futbol.<\/strong><\/p>\n<aside class=\"htmlinline\"\/>\n<figure class=\"image\"><img loading=\"lazy\" decoding=\"async\" alt=\"\" height=\"435\" src=\"https:\/\/heraldodemexico.com.mx\/u\/fotografias\/m\/2026\/5\/2\/f768x1-1279285_1279412_2958.jpeg\" width=\"768\"\/>&#13;<figcaption>La SEP mantendr\u00e1 el fin de curso para el 15 de julio. Foto: Cuartoscuro\u00a0<\/figcaption>&#13;<br \/>\n<\/figure>\n<h2>As\u00ed quedaron establecidos los \u00faltimos 4 puentes del ciclo escolar 2025-2026 de la SEP<\/h2>\n<p>De acuerdo con lo que se indica en el calendario de la<strong> Secretar\u00eda de Educaci\u00f3n P\u00fablica (SEP)<\/strong>, el pr\u00f3ximo puente del ciclo escolar 2025-2026 para el nivel b\u00e1sico est\u00e1 programado para el<strong> viernes 15 de mayo,<\/strong> fecha en la que se conmemora el <strong>D\u00eda del Maestro<\/strong> y se indica que dicha suspensi\u00f3n de clases originar\u00e1 un fin de semana largo si se toman en cuenta los descansos habituales del fin de semana del s\u00e1bado 16 y el domingo 17 de mayo.<\/p>\n<p>En el mismo documento se indica que los estudiantes de k\u00ednder, primaria y secundaria cerrar\u00e1n mayo con otro fin de semana largo pues se suspender\u00e1n las clases el<strong> viernes 29 de mayo<\/strong> debido a la realizaci\u00f3n de la <strong>s\u00e9ptima sesi\u00f3n ordinaria del Consejo T\u00e9cnico Escolar <\/strong>y ser\u00e1 el lunes 1 de junio cuando los alumnos regresen a las aulas.<\/p>\n<figure class=\"image\"><img loading=\"lazy\" decoding=\"async\" alt=\"\" height=\"432\" src=\"https:\/\/heraldodemexico.com.mx\/u\/fotografias\/m\/2026\/5\/7\/f768x1-1281231_1281358_5050.jpg\" width=\"768\"\/>&#13;<figcaption>Las escuelas del nivel b\u00e1sico suspender\u00e1n las clases en al menos 4 ocasiones m\u00e1s durante el resto del ciclo escolar. Foto: Cuartoscuro\u00a0<\/figcaption>&#13;<br \/>\n<\/figure>\n<p>Para el mes de junio, la <strong>Secretar\u00eda de Educaci\u00f3n P\u00fablica (SEP)<\/strong> solo tiene contemplada una suspensi\u00f3n de clases y est\u00e1 ocurrir\u00e1 el viernes 26, fecha en la que est\u00e1 programada la<strong> octava y \u00faltima sesi\u00f3n ordinaria del Consejo T\u00e9cnico Escolar,<\/strong> el regreso a clases para dicho puente est\u00e1 contemplado para el lunes 29 de junio.<\/p>\n<p>Respecto al \u00faltimo puente del ciclo escolar 2025-2026, la Secretar\u00eda de Educaci\u00f3n P\u00fablica (SEP) indic\u00f3 que las clases se suspender\u00e1n e<strong>l viernes 3 de julio <\/strong>debido a que en esta fecha la plantilla docente realizar\u00e1 el<strong> registro de calificaciones en el sistema<\/strong> y como se mencion\u00f3 al principio de esta nota <strong>ser\u00e1 el mi\u00e9rcoles 15 de julio cuando culminen las clases oficialmente.<\/strong><\/p>\n<p>\u00a0<\/p>\n<\/p><\/div>\n<\/p><\/div>\n<p><script>\n    !function(f,b,e,v,n,t,s)\n    {if(f.fbq)return;n=f.fbq=function(){n.callMethod?\n    n.callMethod.apply(n,arguments):n.queue.push(arguments)};\n    if(!f._fbq)f._fbq=n;n.push=n;n.loaded=!0;n.version='2.0';\n    n.queue=[];t=b.createElement(e);t.async=!0;\n    t.src=v;s=b.getElementsByTagName(e)[0];\n    s.parentNode.insertBefore(t,s)}(window, document,'script',\n    'https:\/\/connect.facebook.net\/en_US\/fbevents.js');\n    fbq('init', '237927003583820');\n    fbq('track', 'PageView');\n  <\/script><script>\n    !function(f,b,e,v,n,t,s)\n    {if(f.fbq)return;n=f.fbq=function(){n.callMethod?\n    n.callMethod.apply(n,arguments):n.queue.push(arguments)};\n    if(!f._fbq)f._fbq=n;n.push=n;n.loaded=!0;n.version='2.0';\n    n.queue=[];t=b.createElement(e);t.async=!0;\n    t.src=v;s=b.getElementsByTagName(e)[0];\n    s.parentNode.insertBefore(t,s)}(window, document,'script',\n    'https:\/\/connect.facebook.net\/en_US\/fbevents.js');\n    fbq('init', '802372280934901');\n    fbq('track', 'PageView');\n    <\/script><br \/>\n<br \/><\/p>\n","protected":false},"excerpt":{"rendered":"<p>La Secretar\u00eda de Educaci\u00f3n P\u00fablica (SEP) inform\u00f3 que luego de una intensa discusi\u00f3n se decidi\u00f3 no adelantar el fin del ciclo escolar 2025-2026 por lo que el \u00faltimo d\u00eda de clases se mantiene para el pr\u00f3ximo 15 de julio, no obstante, la buena noticia es que todav\u00eda se tienen programados cuatro\u00a0puentes escolares para los estudiantes [&hellip;]<\/p>\n","protected":false},"author":3,"featured_media":4113,"comment_status":"","ping_status":"","sticky":false,"template":"","format":"standard","meta":{"footnotes":""},"categories":[35],"tags":[],"class_list":["post-4112","post","type-post","status-publish","format-standard","has-post-thumbnail","hentry","category-espectaculos"],"_links":{"self":[{"href":"https:\/\/conexion-mx.com\/index.php?rest_route=\/wp\/v2\/posts\/4112","targetHints":{"allow":["GET"]}}],"collection":[{"href":"https:\/\/conexion-mx.com\/index.php?rest_route=\/wp\/v2\/posts"}],"about":[{"href":"https:\/\/conexion-mx.com\/index.php?rest_route=\/wp\/v2\/types\/post"}],"author":[{"embeddable":true,"href":"https:\/\/conexion-mx.com\/index.php?rest_route=\/wp\/v2\/users\/3"}],"replies":[{"embeddable":true,"href":"https:\/\/conexion-mx.com\/index.php?rest_route=%2Fwp%2Fv2%2Fcomments&post=4112"}],"version-history":[{"count":0,"href":"https:\/\/conexion-mx.com\/index.php?rest_route=\/wp\/v2\/posts\/4112\/revisions"}],"wp:featuredmedia":[{"embeddable":true,"href":"https:\/\/conexion-mx.com\/index.php?rest_route=\/wp\/v2\/media\/4113"}],"wp:attachment":[{"href":"https:\/\/conexion-mx.com\/index.php?rest_route=%2Fwp%2Fv2%2Fmedia&parent=4112"}],"wp:term":[{"taxonomy":"category","embeddable":true,"href":"https:\/\/conexion-mx.com\/index.php?rest_route=%2Fwp%2Fv2%2Fcategories&post=4112"},{"taxonomy":"post_tag","embeddable":true,"href":"https:\/\/conexion-mx.com\/index.php?rest_route=%2Fwp%2Fv2%2Ftags&post=4112"}],"curies":[{"name":"wp","href":"https:\/\/api.w.org\/{rel}","templated":true}]}}