{"id":4116,"date":"2026-05-13T22:36:28","date_gmt":"2026-05-14T03:36:28","guid":{"rendered":"https:\/\/conexion-mx.com\/?p=4116"},"modified":"2026-05-13T22:36:28","modified_gmt":"2026-05-14T03:36:28","slug":"alberto-rojas-llama-a-evitar-contaminacion-con-campana-gol-por-el-ambiente","status":"publish","type":"post","link":"https:\/\/conexion-mx.com\/?p=4116","title":{"rendered":"Alberto Rojas llama a evitar contaminaci\u00f3n con campa\u00f1a \u201cGol por el Ambiente\u201d"},"content":{"rendered":"<p> <br \/>\n<\/p>\n<div>\n<p>La <strong>Procuradur\u00eda Federal de Protecci\u00f3n al Ambiente <\/strong>(Profepa) ha puesto en marcha la <strong>campa\u00f1a \u00abGol por el Ambiente\u00bb<\/strong>, una iniciativa que busca promover la gesti\u00f3n circular de pl\u00e1sticos de un solo uso y textiles.<\/p>\n<p><strong>Alberto Rojas<\/strong>, subprocurador de Prevenci\u00f3n Ambiental, destac\u00f3 que el objetivo es implementar proyectos de mejora ambiental y prevenir el da\u00f1o ecol\u00f3gico.<\/p>\n<aside class=\"htmlinline\"\/>\n<p>En entrevista para el programa de <strong>Las Noticias con Alejandro Cacho<\/strong>, en <strong>El Heraldo Televisi\u00f3n<\/strong>,<strong>\u00a0Alberto Rojas<\/strong>, dijo que la campa\u00f1a, que inici\u00f3 el diecinueve de marzo, se enfoca en la reutilizaci\u00f3n y el reciclaje de materiales que com\u00fanmente terminan en rellenos sanitarios, calles o cuerpos de agua.<\/p>\n<p><strong>Alberto Rojas <\/strong>explic\u00f3 que la iniciativa busca evitar la disposici\u00f3n final inadecuada de residuos, especialmente pl\u00e1sticos como botellas y vasos, que pueden taponar alcantarillas durante las \u00e9pocas de lluvias.<\/p>\n<blockquote><p>&#13;<\/p>\n<p>La campa\u00f1a Gol por el Ambiente la arrancamos el diecinueve de marzo. Es una campa\u00f1a en la cual estamos promoviendo la gesti\u00f3n circular\u00bb, afirm\u00f3 el subprocurador.<\/p>\n<p>&#13;\n<\/p><\/blockquote>\n<p>Adem\u00e1s de los <strong>pl\u00e1sticos<\/strong>, la campa\u00f1a pone un \u00e9nfasis particular en los <strong>textiles <\/strong>usados. M\u00e9xico cuenta con la infraestructura necesaria para dar una segunda vida a la ropa, transform\u00e1ndola en materiales como bajo alfombras o rellenos de colchones, lo que previene el da\u00f1o ambiental y convierte un problema en una oportunidad.<\/p>\n<blockquote><p>&#13;<\/p>\n<p>Lo que estamos promoviendo es que ese material no se vaya a disposici\u00f3n final, sino que se recicle o reutilice\u00bb, se\u00f1al\u00f3 Rojas.<\/p>\n<p>&#13;\n<\/p><\/blockquote>\n<div class=\"image-align-center\">\n<figure class=\"image\"><img loading=\"lazy\" decoding=\"async\" alt=\"\" height=\"312\" src=\"https:\/\/heraldodemexico.com.mx\/u\/fotografias\/m\/2026\/5\/13\/f768x1-1283501_1283628_5050.jpeg\" width=\"768\"\/>&#13;<figcaption>Alberto Rojas anuncia reconocimientos para quienes participen en campa\u00f1a ecol\u00f3gica. Foto: El Heraldo de Televisi\u00f3n\u00a0<\/figcaption>&#13;<br \/>\n<\/figure>\n<\/div>\n<p>El subprocurador tambi\u00e9n hizo hincapi\u00e9 en la capacidad del pa\u00eds para manejar este tipo de residuos.&#13;<br \/>\n&#13;\n<\/p>\n<blockquote><p>&#13;<\/p>\n<p>M\u00e9xico es de los pocos pa\u00edses que tiene la capacidad porque tiene toda la cadena de valor para reutilizar o reciclar la ropa usada\u00bb, destac\u00f3.&#13;\n<\/p>\n<\/blockquote>\n<p>La campa\u00f1a se alinea con una solicitud de la <strong>presidencia <\/strong>para que las dependencias promuevan<strong> proyectos de sustentabilidad<\/strong> en el marco de la festividad deportiva del mundial, asegurando que esta celebraci\u00f3n genere beneficios econ\u00f3micos y ambientales.&#13;<br \/>\n&#13;\n<\/p>\n<h2>\u00bfC\u00f3mo Sumarse a la Iniciativa y Obtener Reconocimientos?<\/h2>\n<p>La participaci\u00f3n en <strong>\u00abGol por el Ambiente\u00bb <\/strong>est\u00e1 abierta a una amplia gama de instituciones y organizaciones. Escuelas primarias, secundarias, preparatorias, universidades, organizaciones de la sociedad civil, clubes deportivos, restaurantes, hoteles, mineras e industrias pueden registrarse. Incluso grupos como las \u00abmamitas de la escuela\u00bb pueden organizarse y presentar proyectos junto con sus instituciones educativas.&#13;<br \/>\n&#13;\n<\/p>\n<p>Para participar, los interesados deben registrarse en la p\u00e1gina web de <strong>Profepa<\/strong>, dentro del portal del Gobierno Federal. Es necesario dar de alta la empresa u organizaci\u00f3n y presentar un proyecto que detalle las acciones a realizar con los textiles o pl\u00e1sticos para promover su reciclaje y reutilizaci\u00f3n, acompa\u00f1ado de una carta de la entidad que gestionar\u00e1 los materiales.&#13;<br \/>\n&#13;\n<\/p>\n<blockquote><p>&#13;<\/p>\n<p>En el momento que registran su proyecto y es aprobado, autom\u00e1ticamente el sistema, que es un sistema digital, les genera un reconocimiento por parte del Gobierno Federal de participar en la campa\u00f1a\u00bb, explic\u00f3 Alberto Rojas.&#13;\n<\/p>\n<\/blockquote>\n<p>Los participantes que completen su campa\u00f1a interna de recolecci\u00f3n y demuestren la gesti\u00f3n circular de los materiales recibir\u00e1n una constancia de beneficios ambientales.&#13;<br \/>\n&#13;\n<\/p>\n<p>Aquellos que superen sus metas iniciales de recolecci\u00f3n, por ejemplo, recogiendo m\u00e1s del doble de lo propuesto, obtendr\u00e1n una menci\u00f3n honor\u00edfica por parte del Gobierno Federal\u00a0&#13;<br \/>\n&#13;<br \/>\n&#13;\n                                <\/p>\n<\/p><\/div>\n<p><script>\n    !function(f,b,e,v,n,t,s)\n    {if(f.fbq)return;n=f.fbq=function(){n.callMethod?\n    n.callMethod.apply(n,arguments):n.queue.push(arguments)};\n    if(!f._fbq)f._fbq=n;n.push=n;n.loaded=!0;n.version='2.0';\n    n.queue=[];t=b.createElement(e);t.async=!0;\n    t.src=v;s=b.getElementsByTagName(e)[0];\n    s.parentNode.insertBefore(t,s)}(window, document,'script',\n    'https:\/\/connect.facebook.net\/en_US\/fbevents.js');\n    fbq('init', '237927003583820');\n    fbq('track', 'PageView');\n  <\/script><script>\n    !function(f,b,e,v,n,t,s)\n    {if(f.fbq)return;n=f.fbq=function(){n.callMethod?\n    n.callMethod.apply(n,arguments):n.queue.push(arguments)};\n    if(!f._fbq)f._fbq=n;n.push=n;n.loaded=!0;n.version='2.0';\n    n.queue=[];t=b.createElement(e);t.async=!0;\n    t.src=v;s=b.getElementsByTagName(e)[0];\n    s.parentNode.insertBefore(t,s)}(window, document,'script',\n    'https:\/\/connect.facebook.net\/en_US\/fbevents.js');\n    fbq('init', '802372280934901');\n    fbq('track', 'PageView');\n    <\/script><br \/>\n<br \/><\/p>\n","protected":false},"excerpt":{"rendered":"<p>La Procuradur\u00eda Federal de Protecci\u00f3n al Ambiente (Profepa) ha puesto en marcha la campa\u00f1a \u00abGol por el Ambiente\u00bb, una iniciativa que busca promover la gesti\u00f3n circular de pl\u00e1sticos de un solo uso y textiles. Alberto Rojas, subprocurador de Prevenci\u00f3n Ambiental, destac\u00f3 que el objetivo es implementar proyectos de mejora ambiental y prevenir el da\u00f1o ecol\u00f3gico. [&hellip;]<\/p>\n","protected":false},"author":2,"featured_media":4117,"comment_status":"","ping_status":"","sticky":false,"template":"","format":"standard","meta":{"footnotes":""},"categories":[2],"tags":[],"class_list":["post-4116","post","type-post","status-publish","format-standard","has-post-thumbnail","hentry","category-local"],"_links":{"self":[{"href":"https:\/\/conexion-mx.com\/index.php?rest_route=\/wp\/v2\/posts\/4116","targetHints":{"allow":["GET"]}}],"collection":[{"href":"https:\/\/conexion-mx.com\/index.php?rest_route=\/wp\/v2\/posts"}],"about":[{"href":"https:\/\/conexion-mx.com\/index.php?rest_route=\/wp\/v2\/types\/post"}],"author":[{"embeddable":true,"href":"https:\/\/conexion-mx.com\/index.php?rest_route=\/wp\/v2\/users\/2"}],"replies":[{"embeddable":true,"href":"https:\/\/conexion-mx.com\/index.php?rest_route=%2Fwp%2Fv2%2Fcomments&post=4116"}],"version-history":[{"count":0,"href":"https:\/\/conexion-mx.com\/index.php?rest_route=\/wp\/v2\/posts\/4116\/revisions"}],"wp:featuredmedia":[{"embeddable":true,"href":"https:\/\/conexion-mx.com\/index.php?rest_route=\/wp\/v2\/media\/4117"}],"wp:attachment":[{"href":"https:\/\/conexion-mx.com\/index.php?rest_route=%2Fwp%2Fv2%2Fmedia&parent=4116"}],"wp:term":[{"taxonomy":"category","embeddable":true,"href":"https:\/\/conexion-mx.com\/index.php?rest_route=%2Fwp%2Fv2%2Fcategories&post=4116"},{"taxonomy":"post_tag","embeddable":true,"href":"https:\/\/conexion-mx.com\/index.php?rest_route=%2Fwp%2Fv2%2Ftags&post=4116"}],"curies":[{"name":"wp","href":"https:\/\/api.w.org\/{rel}","templated":true}]}}