{"id":4120,"date":"2026-05-14T09:20:26","date_gmt":"2026-05-14T14:20:26","guid":{"rendered":"https:\/\/conexion-mx.com\/?p=4120"},"modified":"2026-05-14T09:20:26","modified_gmt":"2026-05-14T14:20:26","slug":"mueren-2-personas-en-tragico-accidente-durante-carrera-clandestina-de-autos-en-la-carretera-merida-progreso-video","status":"publish","type":"post","link":"https:\/\/conexion-mx.com\/?p=4120","title":{"rendered":"Mueren 2 personas en tr\u00e1gico accidente durante carrera clandestina de autos en la carretera M\u00e9rida-Progreso | VIDEO"},"content":{"rendered":"<p> <br \/>\n<\/p>\n<div itemprop=\"articleBody\">\n<div class=\"txt_contenido\">\n<p>Al menos <strong>dos personas fallecieron<\/strong> tras el fuerte siniestro vial registrado anoche en el <strong>kil\u00f3metro 14<\/strong> de la <strong>carretera M\u00e9rida-Progreso<\/strong>, en lo que parece ser una carrera ilegal de veh\u00edculos.<\/p>\n<p>Desde hace a\u00f1os, vecinos de colonias aleda\u00f1as han denunciado a las autoridades que cada semana esa v\u00eda pr\u00e1cticamente es utilizada como pista de los \u201cMi\u00e9rcoles de arrancones\u201d, es decir, <strong>competencias clandestinas<\/strong> de <strong>autom\u00f3viles<\/strong> que circulan a exceso de velocidad.<\/p>\n<aside class=\"htmlinline\"\/>\n<p>Anoche, estas <strong>carreras ilegales<\/strong> cobraron sus primeras v\u00edctimas cuando una camioneta intent\u00f3 rebasar a otros dos autom\u00f3viles y se impact\u00f3 contra un auto compacto.<\/p>\n<p>De acuerdo con diversos videos que testigos publicaron en sus redes sociales, uno de lo <strong>autom\u00f3viles<\/strong> termin\u00f3 parti\u00e9ndose a la mitad y se incendi\u00f3 al instante.<\/p>\n<div class=\"image-align-center\">\n<figure class=\"image\"><img loading=\"lazy\" decoding=\"async\" alt=\"\" height=\"480\" src=\"https:\/\/heraldodemexico.com.mx\/u\/fotografias\/m\/2026\/5\/14\/f768x1-1283604_1283731_5050.png\" width=\"768\"\/>&#13;<figcaption>Foto: Captura de pantallas redes sociales<\/figcaption>&#13;<br \/>\n<\/figure>\n<\/div>\n<h2>\u00bfQu\u00e9 ocurri\u00f3 durante las carreras clandestinas en M\u00e9rida?<\/h2>\n<p>Otro <strong>autom\u00f3vil<\/strong> derrap\u00f3 en la carretera y derrib\u00f3 un se\u00f1alamiento de tr\u00e1nsito, terminando totalmente despedazado en el monte.<\/p>\n<p>Al lugar llegaron elementos de emergencia y del cuerpo de bomberos de la <strong>Secretar\u00eda de Seguridad P\u00fablica<\/strong> (<strong>SSP<\/strong>) para sofocar el fuego, pero no pudieron hacer nada por las v\u00edctimas.<\/p>\n<p>Agentes de la <strong>Guardia Nacional<\/strong> fueron los encargados de realizar las primeras diligencias y <strong>peritajes<\/strong> al tratarse de una carretera federal.<\/p>\n<p>De igual manera se encargaron del operativo para la circulaci\u00f3n en la zona, que debi\u00f3 ser cerrada para las <strong>labores de rescate<\/strong> y limpieza, debido a que las partes de veh\u00edculos quedaron tirados en la v\u00eda.\u00a0&#13;<br \/>\n&#13;\n<\/p>\n<p>Cada mi\u00e9rcoles, decenas de personas se reunieron en diversos tramos de la <strong>carretera M\u00e9rida-Progreso<\/strong> para presenciar estas carreras ilegales de autos, pr\u00e1ctica que ya hab\u00eda sido denunciada en varias ocasiones.&#13;<br \/>\n&#13;<br \/>\n&#13;\n                                <\/p>\n<\/p><\/div>\n<\/p><\/div>\n<p><script>\n    !function(f,b,e,v,n,t,s)\n    {if(f.fbq)return;n=f.fbq=function(){n.callMethod?\n    n.callMethod.apply(n,arguments):n.queue.push(arguments)};\n    if(!f._fbq)f._fbq=n;n.push=n;n.loaded=!0;n.version='2.0';\n    n.queue=[];t=b.createElement(e);t.async=!0;\n    t.src=v;s=b.getElementsByTagName(e)[0];\n    s.parentNode.insertBefore(t,s)}(window, document,'script',\n    'https:\/\/connect.facebook.net\/en_US\/fbevents.js');\n    fbq('init', '237927003583820');\n    fbq('track', 'PageView');\n  <\/script><script>\n    !function(f,b,e,v,n,t,s)\n    {if(f.fbq)return;n=f.fbq=function(){n.callMethod?\n    n.callMethod.apply(n,arguments):n.queue.push(arguments)};\n    if(!f._fbq)f._fbq=n;n.push=n;n.loaded=!0;n.version='2.0';\n    n.queue=[];t=b.createElement(e);t.async=!0;\n    t.src=v;s=b.getElementsByTagName(e)[0];\n    s.parentNode.insertBefore(t,s)}(window, document,'script',\n    'https:\/\/connect.facebook.net\/en_US\/fbevents.js');\n    fbq('init', '802372280934901');\n    fbq('track', 'PageView');\n    <\/script><br \/>\n<br \/><\/p>\n","protected":false},"excerpt":{"rendered":"<p>Al menos dos personas fallecieron tras el fuerte siniestro vial registrado anoche en el kil\u00f3metro 14 de la carretera M\u00e9rida-Progreso, en lo que parece ser una carrera ilegal de veh\u00edculos. Desde hace a\u00f1os, vecinos de colonias aleda\u00f1as han denunciado a las autoridades que cada semana esa v\u00eda pr\u00e1cticamente es utilizada como pista de los \u201cMi\u00e9rcoles [&hellip;]<\/p>\n","protected":false},"author":3,"featured_media":4121,"comment_status":"","ping_status":"","sticky":false,"template":"","format":"standard","meta":{"footnotes":""},"categories":[35],"tags":[],"class_list":["post-4120","post","type-post","status-publish","format-standard","has-post-thumbnail","hentry","category-espectaculos"],"_links":{"self":[{"href":"https:\/\/conexion-mx.com\/index.php?rest_route=\/wp\/v2\/posts\/4120","targetHints":{"allow":["GET"]}}],"collection":[{"href":"https:\/\/conexion-mx.com\/index.php?rest_route=\/wp\/v2\/posts"}],"about":[{"href":"https:\/\/conexion-mx.com\/index.php?rest_route=\/wp\/v2\/types\/post"}],"author":[{"embeddable":true,"href":"https:\/\/conexion-mx.com\/index.php?rest_route=\/wp\/v2\/users\/3"}],"replies":[{"embeddable":true,"href":"https:\/\/conexion-mx.com\/index.php?rest_route=%2Fwp%2Fv2%2Fcomments&post=4120"}],"version-history":[{"count":0,"href":"https:\/\/conexion-mx.com\/index.php?rest_route=\/wp\/v2\/posts\/4120\/revisions"}],"wp:featuredmedia":[{"embeddable":true,"href":"https:\/\/conexion-mx.com\/index.php?rest_route=\/wp\/v2\/media\/4121"}],"wp:attachment":[{"href":"https:\/\/conexion-mx.com\/index.php?rest_route=%2Fwp%2Fv2%2Fmedia&parent=4120"}],"wp:term":[{"taxonomy":"category","embeddable":true,"href":"https:\/\/conexion-mx.com\/index.php?rest_route=%2Fwp%2Fv2%2Fcategories&post=4120"},{"taxonomy":"post_tag","embeddable":true,"href":"https:\/\/conexion-mx.com\/index.php?rest_route=%2Fwp%2Fv2%2Ftags&post=4120"}],"curies":[{"name":"wp","href":"https:\/\/api.w.org\/{rel}","templated":true}]}}