{"id":4122,"date":"2026-05-14T09:53:04","date_gmt":"2026-05-14T14:53:04","guid":{"rendered":"https:\/\/conexion-mx.com\/?p=4122"},"modified":"2026-05-14T09:53:04","modified_gmt":"2026-05-14T14:53:04","slug":"acusaciones-contra-vadhir-derbez-toman-un-giro-inesperado-filtran-nuevos-detalles","status":"publish","type":"post","link":"https:\/\/conexion-mx.com\/?p=4122","title":{"rendered":"Acusaciones contra Vadhir Derbez toman un giro inesperado; filtran nuevos detalles"},"content":{"rendered":"<p> <br \/>\n<\/p>\n<div>\n<p>En las \u00faltimas semanas el nombre del actor y cantante,<strong> Vadhir Derbez<\/strong>, apareci\u00f3 en las portadas de los medios de la far\u00e1ndula despu\u00e9s de que<strong> saliera a la luz <\/strong>que est\u00e1 enfrentando una demanda por su presunta participaci\u00f3n en el delito de abuso contra una modelo de 19 a\u00f1os de edad.<\/p>\n<p>De acuerdo con la acusaci\u00f3n, el <strong>hijo de Eugenio Derbez<\/strong> habr\u00eda agredido a una modelo cuando coincidieron en la grabaci\u00f3n de un video musical. Ante esta situaci\u00f3n, Vadhir Derbez y sus abogados dijeron\u00a0que todo es completamente falso y se podr\u00eda tratar de un intento de extorsi\u00f3n.\u00a0<\/p>\n<aside class=\"htmlinline\"\/>\n<h2>Surgen nuevos detalles de las acusaciones contra Vadhir Derbez<\/h2>\n<p>Despu\u00e9s de que sali\u00f3 a la luz la demanda que enfrenta <strong>Vadhir Derbez<\/strong>, el programa de espect\u00e1culos \u00abVentaneando\u00bb comparti\u00f3 nuevos detalles sobre las acusaciones que enfrenta el hijo de la cantante, <strong>Silvana Prince, y del comediante, Eugenio Derbez<\/strong>.\u00a0<\/p>\n<aside class=\"relacionadas con-foto linea-1078\"><strong class=\"relacionadas-titulo-gral\">Noticias Relacionadas<\/strong><\/aside>\n<p>En este sentido, el <strong>programa de TV Azteca<\/strong> intent\u00f3 contactar a la agencia\u00a0\u00ab<strong>GLOW Model Management<\/strong>\u00ab, a la cual presuntamente pertenece la <strong>modelo de 19 a\u00f1os que denunci\u00f3 a Vadhir Derbez<\/strong>, pero no obtuvo ning\u00fan \u00e9xito.\u00a0<\/p>\n<p>En una de las recientes transmisiones de \u00ab<strong>Ventaneando<\/strong>\u00bb se detall\u00f3 que se comunicaron v\u00eda telef\u00f3nica con\u00a0\u00abGLOW Model Management\u00bb, pero no les respondieron. Tambi\u00e9n acudieron a sus instalaciones; sin embargo, los encargados del edificio desconocieron la presencia de la agencia de modelaje.<\/p>\n<p>Finalmente, el programa de espect\u00e1culos inform\u00f3 que los tel\u00e9fonos de contacto de la agencia son de M\u00e9xico y Colombia, versi\u00f3n que coincide con la de los abogados de Vadhir Derbez, quienes dijeron que se podr\u00eda tratar de un intento de extorsi\u00f3n.\u00a0<\/p>\n<h2>\u00bfDe qu\u00e9 se le acusa a Vadhir Derbez?<\/h2>\n<p><strong>Vadhir Derbez<\/strong>, hijo del comediante\u00a0<strong>Eugenio Derbez<\/strong>, es un famoso actor y cantante. A lo largo de su carrera ha participado en \u00abDe viaje con los Derbez\u00bb, \u00abEl mesero\u00bb, \u00ab3 idiotas\u00bb, \u00abDulce familia\u00bb y \u00abComo si fuera la primera vez\u00bb. En su trayectoria como m\u00fasico destacan los sencillos \u00abLatidos\u00bb, \u00abMorrito\u00bb y \u00abBuena suerte\u00bb.\u00a0<\/p>\n<p>A inicios de este\u00a0mes de mayo de 2026, el\u00a0actor revel\u00f3 que enfrenta una demanda\u00a0por su presunta participaci\u00f3n en el delito de abuso sexual contra una modelo de 19 a\u00f1os. Ambos coincidieron en la grabaci\u00f3n de un video. Los abogados y el cantante se\u00f1alaron que se podr\u00eda tratar de un intento de extorsi\u00f3n.\u00a0&#13;<br \/>\n&#13;<br \/>\n&#13;\n                                <\/p>\n<\/p><\/div>\n<p><script>\n    !function(f,b,e,v,n,t,s)\n    {if(f.fbq)return;n=f.fbq=function(){n.callMethod?\n    n.callMethod.apply(n,arguments):n.queue.push(arguments)};\n    if(!f._fbq)f._fbq=n;n.push=n;n.loaded=!0;n.version='2.0';\n    n.queue=[];t=b.createElement(e);t.async=!0;\n    t.src=v;s=b.getElementsByTagName(e)[0];\n    s.parentNode.insertBefore(t,s)}(window, document,'script',\n    'https:\/\/connect.facebook.net\/en_US\/fbevents.js');\n    fbq('init', '237927003583820');\n    fbq('track', 'PageView');\n  <\/script><script>\n    !function(f,b,e,v,n,t,s)\n    {if(f.fbq)return;n=f.fbq=function(){n.callMethod?\n    n.callMethod.apply(n,arguments):n.queue.push(arguments)};\n    if(!f._fbq)f._fbq=n;n.push=n;n.loaded=!0;n.version='2.0';\n    n.queue=[];t=b.createElement(e);t.async=!0;\n    t.src=v;s=b.getElementsByTagName(e)[0];\n    s.parentNode.insertBefore(t,s)}(window, document,'script',\n    'https:\/\/connect.facebook.net\/en_US\/fbevents.js');\n    fbq('init', '775201487065840');\n    fbq('track', 'PageView');\n    <\/script><br \/>\n<br \/><\/p>\n","protected":false},"excerpt":{"rendered":"<p>En las \u00faltimas semanas el nombre del actor y cantante, Vadhir Derbez, apareci\u00f3 en las portadas de los medios de la far\u00e1ndula despu\u00e9s de que saliera a la luz que est\u00e1 enfrentando una demanda por su presunta participaci\u00f3n en el delito de abuso contra una modelo de 19 a\u00f1os de edad. De acuerdo con la [&hellip;]<\/p>\n","protected":false},"author":4,"featured_media":4123,"comment_status":"","ping_status":"","sticky":false,"template":"","format":"standard","meta":{"footnotes":""},"categories":[36],"tags":[],"class_list":["post-4122","post","type-post","status-publish","format-standard","has-post-thumbnail","hentry","category-tecnologia"],"_links":{"self":[{"href":"https:\/\/conexion-mx.com\/index.php?rest_route=\/wp\/v2\/posts\/4122","targetHints":{"allow":["GET"]}}],"collection":[{"href":"https:\/\/conexion-mx.com\/index.php?rest_route=\/wp\/v2\/posts"}],"about":[{"href":"https:\/\/conexion-mx.com\/index.php?rest_route=\/wp\/v2\/types\/post"}],"author":[{"embeddable":true,"href":"https:\/\/conexion-mx.com\/index.php?rest_route=\/wp\/v2\/users\/4"}],"replies":[{"embeddable":true,"href":"https:\/\/conexion-mx.com\/index.php?rest_route=%2Fwp%2Fv2%2Fcomments&post=4122"}],"version-history":[{"count":0,"href":"https:\/\/conexion-mx.com\/index.php?rest_route=\/wp\/v2\/posts\/4122\/revisions"}],"wp:featuredmedia":[{"embeddable":true,"href":"https:\/\/conexion-mx.com\/index.php?rest_route=\/wp\/v2\/media\/4123"}],"wp:attachment":[{"href":"https:\/\/conexion-mx.com\/index.php?rest_route=%2Fwp%2Fv2%2Fmedia&parent=4122"}],"wp:term":[{"taxonomy":"category","embeddable":true,"href":"https:\/\/conexion-mx.com\/index.php?rest_route=%2Fwp%2Fv2%2Fcategories&post=4122"},{"taxonomy":"post_tag","embeddable":true,"href":"https:\/\/conexion-mx.com\/index.php?rest_route=%2Fwp%2Fv2%2Ftags&post=4122"}],"curies":[{"name":"wp","href":"https:\/\/api.w.org\/{rel}","templated":true}]}}