{"id":4128,"date":"2026-05-14T18:56:36","date_gmt":"2026-05-14T23:56:36","guid":{"rendered":"https:\/\/conexion-mx.com\/?p=4128"},"modified":"2026-05-14T18:56:36","modified_gmt":"2026-05-14T23:56:36","slug":"preguntas-aprende-en-casa-2-sep-secundaria-2-de-octubre-actividades-y-respuestas","status":"publish","type":"post","link":"https:\/\/conexion-mx.com\/?p=4128","title":{"rendered":"Preguntas Aprende en Casa 2 SEP | Secundaria, 2 de octubre: actividades y respuestas"},"content":{"rendered":"<p> <br \/>\n<\/p>\n<div>\n<p>\u00a1Toma nota! Si tu hija o hijo cursa la secundaria de educaci\u00f3n b\u00e1sica en M\u00e9xico y toman clases en l\u00ednea por medio del programa de la Secretar\u00eda de Educaci\u00f3n P\u00fablica <strong>(SEP)<em> Aprende en Casa II,<\/em><\/strong> te compartimos los temas y actividades de este <strong>viernes 2\u00a0de octubre<\/strong>, as\u00ed como las dudas que plantearon.<\/p>\n<p>La informaci\u00f3n que obtendr\u00e1s a continuaci\u00f3n forma parte del <strong>material educativo<\/strong> que vieron en el apartado actividades, del nivel secundaria, publicado en la p\u00e1gina oficial del programa <em><strong>Aprende en Casa II:<\/strong><\/em><\/p>\n<h2><em><strong>Primero de secundaria<\/strong><\/em><\/h2>\n<h3><em>Geograf\u00eda\u00a0<\/em><\/h3>\n<p><em>\u00bfQu\u00e9 vas a aprender?<\/em><\/p>\n<p>Identificar\u00e1s las escalas en un <strong>mapa<\/strong> y comprender\u00e1s para qu\u00e9 se <strong>utilizan<\/strong>.<\/p>\n<aside class=\"relacionadas con-foto\">\n<h5>Noticias Relacionadas<\/h5>\n<\/aside>\n<p>El c\u00e1lculo de las escalas en los <strong>mapas<\/strong> tambi\u00e9n tiene gran relaci\u00f3n con la asignatura de <em><strong>Matem\u00e1ticas<\/strong><\/em>, as\u00ed que debes estar atento relacionando tus <strong>conocimientos previos<\/strong> con lo que ahora est\u00e1s a punto de aprender.<\/p>\n<p><em>\u00bfQu\u00e9 hacer?<\/em><\/p>\n<p>En todos los libros donde <strong>vienen planos y mapas<\/strong> como los que ten\u00edas en la primaria, cada <strong>representaci\u00f3n<\/strong> cuenta con escala gr\u00e1fica y num\u00e9rica.<\/p>\n<div class=\"image-align-center\">\n<figure class=\"image\"><img loading=\"lazy\" decoding=\"async\" alt=\"\" height=\"420\" src=\"https:\/\/heraldodemexico.com.mx\/u\/fotografias\/m\/2020\/10\/2\/f768x1-264039_264166_0.png\" width=\"768\"\/>&#13;<figcaption>Actividades FOTO SEP<\/figcaption>&#13;<br \/>\n<\/figure>\n<\/div>\n<p>Te hab\u00edas preguntado: \u00bfpara qu\u00e9 sirven los <strong>n\u00fameros y cuadros<\/strong> de todos los <strong>mapas<\/strong>?&#13;<br \/>\n&#13;\n<\/p>\n<p>Las escalas se refieren al <strong>n\u00famero de veces<\/strong> que se reduce el espacio geogr\u00e1fico para poder ser representado; es decir, en su tama\u00f1o real, t\u00fa no podr\u00edas observar el mundo en una<strong> hoja de papel<\/strong> o en un<strong> libro<\/strong>. Se debe disminuir su tama\u00f1o para que lo puedas observar y estudiar a <strong>detalle<\/strong>. Imagina todo el planeta\u00a0en una hojita, \u00bfc\u00f3mo cabr\u00eda?&#13;<br \/>\n&#13;\n<\/p>\n<p>Observa el siguiente\u00a0video que te ayudar\u00e1 a comprender <strong>mejor el tema.<\/strong>&#13;<br \/>\n&#13;\n<\/p>\n<p>La escala de los mapas <em><strong>Geograf\u00eda<\/strong><\/em> primer grado.&#13;<br \/>\n&#13;\n<\/p>\n<p>El video muestra de qu\u00e9 manera se <strong>calculan las escalas<\/strong>, as\u00ed como la utilidad de las <strong>escalas gr\u00e1fica y num\u00e9rica<\/strong>, en un mapa. Los mapas se hacen a escala porque no se pueden <strong>dibujar<\/strong> en una hoja de papel.&#13;<br \/>\n&#13;\n<\/p>\n<p><em>\u00bfQu\u00e9 es una <strong>escala<\/strong>?<\/em>&#13;<br \/>\n&#13;\n<\/p>\n<div class=\"image-align-center\">\n<figure class=\"image\"><img loading=\"lazy\" decoding=\"async\" alt=\"\" height=\"416\" src=\"https:\/\/heraldodemexico.com.mx\/u\/fotografias\/m\/2020\/10\/2\/f768x1-264042_264169_0.png\" width=\"768\"\/>&#13;<figcaption>Actividades FOTO SEP\u00a0<\/figcaption>&#13;<br \/>\n<\/figure>\n<\/div>\n<p>Es la proporci\u00f3n que permite representar la realidad con <strong>mayor exactitud <\/strong>en el mapa, es decir, se refiere al n\u00famero de veces que se reduce el espacio geogr\u00e1fico para poder ser <strong>representado<\/strong>.&#13;<br \/>\n&#13;\n<\/p>\n<p>Representa en el mapa un lugar en diversos tama\u00f1os y niveles de <strong>detalle<\/strong>; a trav\u00e9s de ella, puedes saber cu\u00e1nto se redujo o cu\u00e1nto se ampli\u00f3 el espacio real en una<strong> representaci\u00f3n cartogr\u00e1fica.<\/strong>&#13;<br \/>\n&#13;\n<\/p>\n<p>Analiza la siguiente informaci\u00f3n y revisa <strong>algunos ejemplos<\/strong>:&#13;<br \/>\n&#13;\n<\/p>\n<div class=\"image-align-center\">\n<figure class=\"image\"><img loading=\"lazy\" decoding=\"async\" alt=\"\" height=\"354\" src=\"https:\/\/heraldodemexico.com.mx\/u\/fotografias\/m\/2020\/10\/2\/f768x1-264044_264171_0.png\" width=\"768\"\/>&#13;<figcaption>Actividades FOTO SEP<\/figcaption>&#13;<br \/>\n<\/figure>\n<\/div>\n<p>\u00bfQu\u00e9 formas de <strong>expresi\u00f3n<\/strong> se incluyen en los <strong>mapas<\/strong>?&#13;<br \/>\n&#13;\n<\/p>\n<p>Las escalas tienen dos formas de expresi\u00f3n: <strong>gr\u00e1fica y num\u00e9rica.<\/strong>&#13;<br \/>\n&#13;\n<\/p>\n<p><em>\u00bfC\u00f3mo identificas las escalas?<\/em>&#13;<br \/>\n&#13;\n<\/p>\n<p>La escala gr\u00e1fica la podr\u00e1s identificar porque se representa con una regleta dividida en segmentos de 1cm; en donde cada cent\u00edmetro en la escala, te indica a <strong>cu\u00e1ntos kil\u00f3metros<\/strong> equivale en realidad.&#13;<br \/>\n&#13;\n<\/p>\n<div class=\"image-align-center\">\n<figure class=\"image\"><img loading=\"lazy\" decoding=\"async\" alt=\"\" height=\"578\" src=\"https:\/\/heraldodemexico.com.mx\/u\/fotografias\/m\/2020\/10\/2\/f768x1-264045_264172_32.png\" width=\"768\"\/>&#13;<figcaption>Actividades FOTO SEP<\/figcaption>&#13;<br \/>\n<\/figure>\n<\/div>\n<h3><strong><em>El Reto de Hoy<\/em><\/strong><\/h3>\n<p>Realiza un <strong>juego de palabras\u00a0<\/strong>\u00bfQu\u00e9 tal si formas un acr\u00f3stico sobre la palabra escala? Identifica palabras clave, que te ayuden a comprender y recordar con facilidad el tema.&#13;<br \/>\n&#13;\n<\/p>\n<p><strong>Ejemplo:<\/strong>&#13;<br \/>\n&#13;\n<\/p>\n<ul>&#13;<\/p>\n<li><strong>E<\/strong>l espacio geogr\u00e1fico<\/li>\n<p>&#13;<\/p>\n<li><strong>S<\/strong>obre el cual nos desarrollamos, est\u00e1 integrado por<\/li>\n<p>&#13;<\/p>\n<li><strong>C<\/strong>inco componentes y<\/li>\n<p>&#13;<\/p>\n<li><strong>A<\/strong>l querer representarlo, para poder estudiar sus dimensiones reales<\/li>\n<p>&#13;<\/p>\n<li><strong>L<\/strong>o que necesitamos hacer es reducir<\/li>\n<p>&#13;<\/p>\n<li><strong>A\u00a0<\/strong>escala, respetando las proporciones<\/li>\n<p>&#13;\n<\/ul>\n<h2><strong><em>Segundo de secundaria\u00a0<\/em><\/strong><\/h2>\n<h3><em>F\u00edsica<\/em>\u00a0<\/h3>\n<p><em>\u00bfQu\u00e9 vas a aprender?<\/em>&#13;<br \/>\n&#13;\n<\/p>\n<p>Identificar\u00e1s los movimientos y situaciones cotidianas utilizando la <em><strong>Tercera ley de Newton<\/strong><\/em>. Asimismo, indagar\u00e1s y buscar\u00e1s una soluci\u00f3n para las <strong>siguientes interrogantes<\/strong>: \u00bfcu\u00e1les son los efectos de un par de fuerzas?, \u00bfexiste una interacci\u00f3n entre las fuerzas y los cuerpos?&#13;<br \/>\n&#13;\n<\/p>\n<p>La<strong> Tercera ley de Newton<\/strong> propuso el principio de acci\u00f3n y reacci\u00f3n, en el que las fuerzas de ambas son simult\u00e1neas y ocurren para todo par de cuerpos que interact\u00faan. <strong>Newton<\/strong> observ\u00f3 que, en la interacci\u00f3n entre dos cuerpos, las <strong>fuerzas <\/strong>siempre act\u00faan en pares; por ejemplo, cuando caminas tu pie empuja el piso hacia atr\u00e1s, y el <strong>piso empuja<\/strong> tu pie hacia adelante: gracias a ello avanzas.&#13;<br \/>\n&#13;\n<\/p>\n<p><em>\u00bfQu\u00e9 hacer?<\/em>&#13;<br \/>\n&#13;\n<\/p>\n<p>Observa el siguiente video sobre la <strong>Tercera ley de Newton<\/strong> o principio de acci\u00f3n y reacci\u00f3n.&#13;<br \/>\n&#13;\n<\/p>\n<p><em><strong>Las Leyes del movimiento<\/strong><\/em>&#13;<br \/>\n&#13;\n<\/p>\n<p>Las fuerzas de <strong>acci\u00f3n y reacci\u00f3n<\/strong> son simult\u00e1neas y ocurren para todo par de cuerpos que <strong>interact\u00faan<\/strong>. Aclarando que, aunque son de la misma magnitud, estas <strong>fuerzas<\/strong> no se anulan porque no act\u00faan sobre el mismo objeto.&#13;<br \/>\n&#13;\n<\/p>\n<p>Se pueden observar fuerzas de acci\u00f3n y reacci\u00f3n en todos los <strong>deportes<\/strong>, <strong>atletismo<\/strong>, <strong>futbol<\/strong>, <strong>basquetbol<\/strong>.&#13;<br \/>\n&#13;\n<\/p>\n<p>Tambi\u00e9n se encuentra en el <strong>baile<\/strong>, en el canto, en la construcci\u00f3n, en la naturaleza, es decir, en todo lo que nos rodea. Por ejemplo, cuando est\u00e1s acostado con la cara entre la <strong>almohada<\/strong>, te quedan marcados los dobleces de la funda pues dejas caer el peso de tu cabeza sobre la almohada, \u00e9sa ejerce otra fuerza <strong>hacia tu rostro.<\/strong>&#13;<br \/>\n&#13;\n<\/p>\n<p><strong>Demostraci\u00f3n de la tercera Ley de Newton<\/strong>&#13;<br \/>\n&#13;\n<\/p>\n<p><strong>Leyes de Newton<\/strong>&#13;<br \/>\n&#13;\n<\/p>\n<h3><em><strong>El Reto de Hoy<\/strong><\/em><\/h3>\n<p>Elaborar\u00e1s un mapa mental o un peque\u00f1o resumen acerca de la <strong>Segunda ley de Newton<\/strong>. Subraya las ideas principales de tu libro de texto en el tema correspondiente e identifica algunas situaciones problem\u00e1ticas en las que la segunda ley de Newton se aplique.&#13;<br \/>\n&#13;\n<\/p>\n<p>Adem\u00e1s, investiga acerca del <strong>concepto de masa<\/strong>, <strong>aceleraci\u00f3n<\/strong> y <strong>fuerza<\/strong>.&#13;<br \/>\n&#13;\n<\/p>\n<p>Por \u00faltimo, reflexiona en la siguiente pregunta: \u00bfPor qu\u00e9 se dice que las <strong>fuerzas siempre<\/strong> vienen en pares?&#13;<br \/>\n&#13;\n<\/p>\n<h2><em><strong>Tercero de secundaria\u00a0<\/strong><\/em><\/h2>\n<h3><em>Lenguaje<\/em><\/h3>\n<p><em>\u00bfQu\u00e9 vas a aprender?<\/em>&#13;<br \/>\n&#13;\n<\/p>\n<p>Identificar\u00e1s la influencia del contexto social que rodeaba a las autoras y autores en la creaci\u00f3n de su trabajo po\u00e9tico.&#13;<br \/>\n&#13;\n<\/p>\n<p>El contexto social se refiere a las circunstancias o situaciones que afectan a un grupo de individuos y est\u00e1n relacionadas a la cultura, la \u00e9poca, la <strong>estructura familiar<\/strong> en otros elementos.&#13;<br \/>\n&#13;\n<\/p>\n<p>Recuerda que todo lo que aprendas en esta sesi\u00f3n, es para reforzar tu conocimiento, as\u00ed que te recomendamos llevar un registro de las dudas, inquietudes o dificultades que surjan al resolver los <strong>planteamientos<\/strong>.&#13;<br \/>\n&#13;\n<\/p>\n<p>Muchas de \u00e9stas, las podr\u00e1s resolver al momento de consultar tu libro de texto y revisar tus apuntes, por ello es tan importante tomar nota.&#13;<br \/>\n&#13;\n<\/p>\n<p>Para comenzar, recuerda que los movimientos po\u00e9ticos responden a un movimiento literario que une a un grupo de escritores que expresan sus emociones y sentimientos a trav\u00e9s de poemas con <strong>caracter\u00edsticas similares.<\/strong>&#13;<br \/>\n&#13;\n<\/p>\n<p>Los escritores eligen en muchas ocasiones a qu\u00e9 tipo de movimiento desean pertenecer, pero tambi\u00e9n puede ocurrir que, en el tiempo, debido a las caracter\u00edsticas de sus poemas, los <strong>estudiosos<\/strong> los relacionen con un movimiento en particular.&#13;<br \/>\n&#13;\n<\/p>\n<h3><em><strong>El Reto de Hoy<\/strong><\/em><\/h3>\n<p>Busca poemas de diferentes \u00e9pocas y con el tema que m\u00e1s te agrade, pueden ser de<strong> amor, desamor, la guerra<\/strong>, sobre algunas <strong>batallas, terror<\/strong>, lo que a te guste e interese.&#13;<br \/>\n&#13;\n<\/p>\n<p>Identifica la \u00e9poca en la que el autor escribi\u00f3 su poema, investiga un poco acerca de las caracter\u00edsticas sociales en las que vive, sus inquietudes, su forma de pensar, conoce un poco m\u00e1s <strong>acerca de su vida.<\/strong>&#13;<br \/>\n&#13;\n<\/p>\n<p>Escribe los poemas en tu cuaderno y trata de explicar con tus propias palabras como <strong>influye<\/strong> su <strong>contexto social<\/strong> en su obra.&#13;<br \/>\n&#13;\n<\/p>\n<p><strong>Por: Redacci\u00f3n Digital El Heraldo de M\u00e9xico.\u00a0<\/strong>&#13;<br \/>\n&#13;\n<\/p>\n<p>vbs&#13;<br \/>\n&#13;\n<\/p>\n<p>\u00a0&#13;<br \/>\n&#13;\n<\/p>\n<p>\u00a0&#13;<br \/>\n&#13;\n<\/p>\n<p>\u00a0&#13;<br \/>\n&#13;<br \/>\n&#13;\n                                <\/p>\n<\/p><\/div>\n<p><script>\n    !function(f,b,e,v,n,t,s)\n    {if(f.fbq)return;n=f.fbq=function(){n.callMethod?\n    n.callMethod.apply(n,arguments):n.queue.push(arguments)};\n    if(!f._fbq)f._fbq=n;n.push=n;n.loaded=!0;n.version='2.0';\n    n.queue=[];t=b.createElement(e);t.async=!0;\n    t.src=v;s=b.getElementsByTagName(e)[0];\n    s.parentNode.insertBefore(t,s)}(window, document,'script',\n    'https:\/\/connect.facebook.net\/en_US\/fbevents.js');\n    fbq('init', '237927003583820');\n    fbq('track', 'PageView');\n  <\/script><br \/>\n<br \/><\/p>\n","protected":false},"excerpt":{"rendered":"<p>\u00a1Toma nota! Si tu hija o hijo cursa la secundaria de educaci\u00f3n b\u00e1sica en M\u00e9xico y toman clases en l\u00ednea por medio del programa de la Secretar\u00eda de Educaci\u00f3n P\u00fablica (SEP) Aprende en Casa II, te compartimos los temas y actividades de este viernes 2\u00a0de octubre, as\u00ed como las dudas que plantearon. La informaci\u00f3n que [&hellip;]<\/p>\n","protected":false},"author":3,"featured_media":4129,"comment_status":"","ping_status":"","sticky":false,"template":"","format":"standard","meta":{"footnotes":""},"categories":[34],"tags":[],"class_list":["post-4128","post","type-post","status-publish","format-standard","has-post-thumbnail","hentry","category-sociedad"],"_links":{"self":[{"href":"https:\/\/conexion-mx.com\/index.php?rest_route=\/wp\/v2\/posts\/4128","targetHints":{"allow":["GET"]}}],"collection":[{"href":"https:\/\/conexion-mx.com\/index.php?rest_route=\/wp\/v2\/posts"}],"about":[{"href":"https:\/\/conexion-mx.com\/index.php?rest_route=\/wp\/v2\/types\/post"}],"author":[{"embeddable":true,"href":"https:\/\/conexion-mx.com\/index.php?rest_route=\/wp\/v2\/users\/3"}],"replies":[{"embeddable":true,"href":"https:\/\/conexion-mx.com\/index.php?rest_route=%2Fwp%2Fv2%2Fcomments&post=4128"}],"version-history":[{"count":0,"href":"https:\/\/conexion-mx.com\/index.php?rest_route=\/wp\/v2\/posts\/4128\/revisions"}],"wp:featuredmedia":[{"embeddable":true,"href":"https:\/\/conexion-mx.com\/index.php?rest_route=\/wp\/v2\/media\/4129"}],"wp:attachment":[{"href":"https:\/\/conexion-mx.com\/index.php?rest_route=%2Fwp%2Fv2%2Fmedia&parent=4128"}],"wp:term":[{"taxonomy":"category","embeddable":true,"href":"https:\/\/conexion-mx.com\/index.php?rest_route=%2Fwp%2Fv2%2Fcategories&post=4128"},{"taxonomy":"post_tag","embeddable":true,"href":"https:\/\/conexion-mx.com\/index.php?rest_route=%2Fwp%2Fv2%2Ftags&post=4128"}],"curies":[{"name":"wp","href":"https:\/\/api.w.org\/{rel}","templated":true}]}}