{"id":4130,"date":"2026-05-14T22:58:53","date_gmt":"2026-05-15T03:58:53","guid":{"rendered":"https:\/\/conexion-mx.com\/?p=4130"},"modified":"2026-05-14T22:58:53","modified_gmt":"2026-05-15T03:58:53","slug":"cortometraje-el-examen-de-animal-politico-triunfa-en-londres-de-que-trata-quien-lo-dirige-y-que-galardones-obtuvo","status":"publish","type":"post","link":"https:\/\/conexion-mx.com\/?p=4130","title":{"rendered":"Cortometraje \u201cEl Examen\u201d de Animal Pol\u00edtico triunfa en Londres: de qu\u00e9 trata, qui\u00e9n lo dirige y qu\u00e9 galardones obtuvo"},"content":{"rendered":"<p> <br \/>\n<\/p>\n<div itemprop=\"articleBody\">\n<div class=\"txt_contenido\">\n<p>Una historia sobre <strong>las decisiones que enfrenta un adolescente en medio de un entorno marcado por la violencia<\/strong> llev\u00f3 al <strong>cortometraje<\/strong> \u201c<strong>El Examen<\/strong>\u201d a obtener <strong>dos galardones internacionales en la edici\u00f3n 2026<\/strong> de los <strong>PRWeek Global Awards 2026<\/strong>.<\/p>\n<p>La ceremonia se realiz\u00f3 en Londres, donde <strong>la producci\u00f3n vinculada a Animal Pol\u00edtico<\/strong> fue reconocida en las categor\u00edas \u201cMejor campa\u00f1a \u2013 Latinoam\u00e9rica\u201d y \u201cResponsabilidad social corporativa\u201d. El proyecto se desarroll\u00f3 junto con <strong>Weber Shandwick M\u00e9xico<\/strong> y la <strong>agencia McCann<\/strong>.<\/p>\n<aside class=\"htmlinline\"\/>\n<p>A diferencia de un documental tradicional, \u201cEl Examen\u201d utiliza una <strong>narrativa de ficci\u00f3n para retratar c\u00f3mo j\u00f3venes mexicanos pueden quedar expuestos a din\u00e1micas de reclutamiento criminal<\/strong>. La trama se centra en un estudiante que debe responder a distintas presiones sociales y personales mientras intenta definir su futuro.<\/p>\n<p>El cortometraje <strong>incorpora elementos retomados de investigaciones period\u00edsticas<\/strong> publicadas previamente por Animal Pol\u00edtico sobre violencia, impunidad y captaci\u00f3n de menores por grupos delictivos. Entre esos trabajos se encuentran <strong>\u201cM\u00e9xico destruyendo el futuro\u201d<\/strong> y <strong>\u201cPermiso para matar\u201d<\/strong>.<\/p>\n<p>La realizaci\u00f3n estuvo encabezada por <strong>Nico Bongiovanni<\/strong> en la direcci\u00f3n y por <strong>Carlos Eichelmann Kaiser<\/strong> en la producci\u00f3n ejecutiva. La propuesta audiovisual <strong>busc\u00f3 trasladar hallazgos period\u00edsticos a un formato cinematogr\u00e1fico<\/strong><strong> <\/strong>de corta duraci\u00f3n.<\/p>\n<h2>\u00bfCu\u00e1ntos y qu\u00e9 reconocimientos lleva \u201cEl Examen\u201d?<\/h2>\n<p>Antes de los premios obtenidos en Londres, \u201cEl Examen\u201d ya hab\u00eda conseguido <strong>presencia en otros cert\u00e1menes internacionales<\/strong> relacionados con comunicaci\u00f3n y publicidad.<\/p>\n<p>En septiembre pasado, el proyecto recibi\u00f3 un<strong> reconocimiento en los Sabre Awards<\/strong>, organizados por PRovoke Media. Meses antes tambi\u00e9n figur\u00f3 como <strong>doble finalista en la categor\u00eda \u201cFilm\u201d de Cannes Lions 2025<\/strong>.<\/p>\n<p>Los PRWeek Global Awards distinguen cada a\u00f1o campa\u00f1as, agencias y proyectos de comunicaci\u00f3n desarrollados en distintas regiones del mundo. Para la edici\u00f3n 2026, <strong>el jurado destac\u00f3 la capacidad de las iniciativas participantes para generar impacto dentro y fuera de la industria<\/strong>.&#13;<br \/>\n&#13;\n<\/p>\n<p>En la misma ceremonia, <strong>Weber Shandwick se coloc\u00f3 entre las firmas m\u00e1s premiadas de la noche<\/strong> tras sumar <strong>ocho reconocimientos.<\/strong>&#13;<br \/>\n&#13;<br \/>\n&#13;\n                                <\/p>\n<\/p><\/div>\n<\/p><\/div>\n<p><script>\n    !function(f,b,e,v,n,t,s)\n    {if(f.fbq)return;n=f.fbq=function(){n.callMethod?\n    n.callMethod.apply(n,arguments):n.queue.push(arguments)};\n    if(!f._fbq)f._fbq=n;n.push=n;n.loaded=!0;n.version='2.0';\n    n.queue=[];t=b.createElement(e);t.async=!0;\n    t.src=v;s=b.getElementsByTagName(e)[0];\n    s.parentNode.insertBefore(t,s)}(window, document,'script',\n    'https:\/\/connect.facebook.net\/en_US\/fbevents.js');\n    fbq('init', '237927003583820');\n    fbq('track', 'PageView');\n  <\/script><br \/>\n<br \/><\/p>\n","protected":false},"excerpt":{"rendered":"<p>Una historia sobre las decisiones que enfrenta un adolescente en medio de un entorno marcado por la violencia llev\u00f3 al cortometraje \u201cEl Examen\u201d a obtener dos galardones internacionales en la edici\u00f3n 2026 de los PRWeek Global Awards 2026. La ceremonia se realiz\u00f3 en Londres, donde la producci\u00f3n vinculada a Animal Pol\u00edtico fue reconocida en las [&hellip;]<\/p>\n","protected":false},"author":2,"featured_media":4131,"comment_status":"","ping_status":"","sticky":false,"template":"","format":"standard","meta":{"footnotes":""},"categories":[2],"tags":[],"class_list":["post-4130","post","type-post","status-publish","format-standard","has-post-thumbnail","hentry","category-local"],"_links":{"self":[{"href":"https:\/\/conexion-mx.com\/index.php?rest_route=\/wp\/v2\/posts\/4130","targetHints":{"allow":["GET"]}}],"collection":[{"href":"https:\/\/conexion-mx.com\/index.php?rest_route=\/wp\/v2\/posts"}],"about":[{"href":"https:\/\/conexion-mx.com\/index.php?rest_route=\/wp\/v2\/types\/post"}],"author":[{"embeddable":true,"href":"https:\/\/conexion-mx.com\/index.php?rest_route=\/wp\/v2\/users\/2"}],"replies":[{"embeddable":true,"href":"https:\/\/conexion-mx.com\/index.php?rest_route=%2Fwp%2Fv2%2Fcomments&post=4130"}],"version-history":[{"count":0,"href":"https:\/\/conexion-mx.com\/index.php?rest_route=\/wp\/v2\/posts\/4130\/revisions"}],"wp:featuredmedia":[{"embeddable":true,"href":"https:\/\/conexion-mx.com\/index.php?rest_route=\/wp\/v2\/media\/4131"}],"wp:attachment":[{"href":"https:\/\/conexion-mx.com\/index.php?rest_route=%2Fwp%2Fv2%2Fmedia&parent=4130"}],"wp:term":[{"taxonomy":"category","embeddable":true,"href":"https:\/\/conexion-mx.com\/index.php?rest_route=%2Fwp%2Fv2%2Fcategories&post=4130"},{"taxonomy":"post_tag","embeddable":true,"href":"https:\/\/conexion-mx.com\/index.php?rest_route=%2Fwp%2Fv2%2Ftags&post=4130"}],"curies":[{"name":"wp","href":"https:\/\/api.w.org\/{rel}","templated":true}]}}