{"id":4132,"date":"2026-05-15T06:59:53","date_gmt":"2026-05-15T11:59:53","guid":{"rendered":"https:\/\/conexion-mx.com\/?p=4132"},"modified":"2026-05-15T06:59:53","modified_gmt":"2026-05-15T11:59:53","slug":"precio-del-dolar-hoy-asi-cotiza-frente-al-peso-mexicano-este-15-de-mayo-de-2026-tipo-de-cambio","status":"publish","type":"post","link":"https:\/\/conexion-mx.com\/?p=4132","title":{"rendered":"PRECIO del d\u00f3lar HOY: as\u00ed cotiza frente al peso mexicano este 15 de mayo de 2026 | TIPO DE CAMBIO"},"content":{"rendered":"<p> <br \/>\n<\/p>\n<div>\n<p>En una jornada marcada por la visita del <strong>presidente de Estados Unidos<\/strong> a <strong>China<\/strong>, el precio del d\u00f3lar mantuvo su tendencia al alza durante la sesi\u00f3n del<strong> jueves<\/strong>, y en los primeros minutos de este <strong>viernes 15 de mayo de 2026<\/strong>, contin\u00faa presionando al peso mexicano.<\/p>\n<p>Esta ma\u00f1ana, el tipo de cambio cotiza en <strong>17.32 pesos por d\u00f3lar<\/strong>, mientras la moneda nacional registra un retroceso de <strong>0.82%<\/strong> con respecto a los \u00faltimos <strong>7 d\u00edas<\/strong>, de acuerdo con datos de la plataforma <strong>Investing<\/strong>.<\/p>\n<aside class=\"htmlinline\"\/>\n<p><strong>Trump<\/strong> y su hom\u00f3logo, <strong>Xi Jinping<\/strong>, coincidieron en que Ir\u00e1n\u00a0no debe tener armas nucleares\u00a0y en la necesidad de garantizar la reapertura del <strong>Estrecho de Ormuz<\/strong>.<\/p>\n<div class=\"image-align-center\">\n<figure class=\"image\"><img loading=\"lazy\" decoding=\"async\" alt=\"\" height=\"1008\" src=\"https:\/\/heraldodemexico.com.mx\/u\/fotografias\/m\/2026\/5\/15\/f768x1-1284084_1284211_5050.jpg\" width=\"680\"\/>&#13;<figcaption>Trump y su hom\u00f3logo, Xi Jinping, coincidieron en que Ir\u00e1n\u00a0no debe tener armas nucleares. Foto: AP<\/figcaption>&#13;<br \/>\n<\/figure>\n<\/div>\n<h2><strong>Taiw\u00e1n<\/strong>, en el centro de la visita de <strong>Trump<\/strong> a <strong>China<\/strong><\/h2>\n<p>Los <strong>mercados <\/strong>contin\u00faan atentos a los mensajes y acuerdos que puedan surgir del encuentro entre los <strong>presidentes de Estados Unidos <\/strong>y China, especialmente en materia comercial y geopol\u00edtica.<\/p>\n<p>Entre los temas que ambos mandatarios abordaron estuvo <strong>Taiw\u00e1n<\/strong>. <strong>Xi Jinping<\/strong> advirti\u00f3 <strong>Donald Trump <\/strong>que una mala gesti\u00f3n sobre el tema de<strong> Taiw\u00e1n<\/strong> podr\u00eda derivar en un conflicto entre ambos pa\u00edses.<\/p>\n<div class=\"image-align-center\">\n<figure class=\"image\"><img loading=\"lazy\" decoding=\"async\" alt=\"\" height=\"452\" src=\"https:\/\/heraldodemexico.com.mx\/u\/fotografias\/m\/2026\/5\/15\/f768x1-1284085_1284212_5050.jpg\" width=\"680\"\/>&#13;<figcaption>Entre los temas que ambos mandatarios abordaron estuvo Taiw\u00e1n. Foto: AP<\/figcaption>&#13;<br \/>\n<\/figure>\n<\/div>\n<h2>Concluye la era de <strong>Jerome Powell <\/strong>al frente de la <strong>Fed<\/strong><\/h2>\n<p>Este<strong> viernes 15 de mayo<\/strong> concluye la gesti\u00f3n de <strong>Jerome Powell<\/strong> al frente de la <strong>Reserva Federal<\/strong> (<strong>Fed<\/strong>) de <strong>Estados Unidos<\/strong>, tras<strong> 8 a\u00f1os <\/strong>en los que vio pasar los estragos econ\u00f3micos causados por la pandemia de <strong>COVID-19<\/strong>, una inflaci\u00f3n no vista en m\u00e1s de 4 d\u00e9cadas y un fuerte ciclo de tasas al alza.<\/p>\n<p>Los mercados permanecen atentos al relevo de <strong>Powell<\/strong>, <strong>Kevin Warsh<\/strong>, quien fue ratificado en d\u00edas pasados como nuevo gobernador y presidente del <strong>banco central estadounidense<\/strong>.<\/p>\n<div class=\"image-align-center\">\n<figure class=\"image\"><img loading=\"lazy\" decoding=\"async\" alt=\"\" height=\"453\" src=\"https:\/\/heraldodemexico.com.mx\/u\/fotografias\/m\/2026\/5\/15\/f768x1-1284086_1284213_5050.jpg\" width=\"680\"\/>&#13;<figcaption>Este viernes 15 de mayo concluye la gesti\u00f3n de Jerome Powell al frente de la Fed. Foto: AP<\/figcaption>&#13;<br \/>\n<\/figure>\n<\/div>\n<h2>\u00bfCu\u00e1l es el\u00a0<strong>precio\u00a0del\u00a0d\u00f3lar<\/strong>\u00a0en\u00a0<strong>M\u00e9xico<\/strong>\u00a0en\u00a0bancos?<\/h2>\n<p>La\u00a0cotizaci\u00f3n del\u00a0<strong>d\u00f3lar\u00a0<\/strong>en las principales\u00a0instituciones\u00a0bancarias\u00a0es la siguiente:&#13;<br \/>\n&#13;\n<\/p>\n<p>Afirme:\u00a016.40 a la compra \/ 17.90 a la venta&#13;<br \/>\n&#13;\n<\/p>\n<p>Banco Azteca:\u00a016.00 a la compra \/ 17.64 a la venta&#13;<br \/>\n&#13;\n<\/p>\n<p>Banorte:\u00a016.00 a la compra \/ 17.60 a la venta&#13;<br \/>\n&#13;\n<\/p>\n<p class=\"image-align-center\"><img loading=\"lazy\" decoding=\"async\" alt=\"\" height=\"483\" src=\"https:\/\/heraldodemexico.com.mx\/u\/fotografias\/m\/2026\/5\/15\/f768x1-1284080_1284207_5050.png\" width=\"680\"\/>&#13;<br \/>\n&#13;\n<\/p>\n<h2>\u00bfC\u00f3mo saber el<strong>\u00a0precio del\u00a0d\u00f3lar\u00a0<\/strong>en\u00a0tiempo real?<\/h2>\n<p>Existen varias herramientas para conocer el\u00a0valor del<strong>\u00a0d\u00f3lar\u00a0hoy<\/strong>.\u00a0Uno de ellos es\u00a0<strong>Google<\/strong>.\u00a0Tambi\u00e9n puedes encontrar en la web\u00a0convertidor de<strong>\u00a0d\u00f3lares\u00a0a\u00a0pesos<\/strong>\u00a0si quieres hacer un\u00a0cambio de\u00a0divisas.&#13;<br \/>\n&#13;\n<\/p>\n<p>Este\u00a0<strong>viernes 15 de mayo<\/strong>,\u00a01\u00a0<strong>d\u00f3lar\u00a0a\u00a0pesos<\/strong>\u00a0mexicanos\u00a0es de\u00a0<strong>17.32<\/strong>.&#13;<br \/>\n&#13;<br \/>\n&#13;\n                                <\/p>\n<\/p><\/div>\n<p><script>\n    !function(f,b,e,v,n,t,s)\n    {if(f.fbq)return;n=f.fbq=function(){n.callMethod?\n    n.callMethod.apply(n,arguments):n.queue.push(arguments)};\n    if(!f._fbq)f._fbq=n;n.push=n;n.loaded=!0;n.version='2.0';\n    n.queue=[];t=b.createElement(e);t.async=!0;\n    t.src=v;s=b.getElementsByTagName(e)[0];\n    s.parentNode.insertBefore(t,s)}(window, document,'script',\n    'https:\/\/connect.facebook.net\/en_US\/fbevents.js');\n    fbq('init', '237927003583820');\n    fbq('track', 'PageView');\n  <\/script><br \/>\n<br \/><\/p>\n","protected":false},"excerpt":{"rendered":"<p>En una jornada marcada por la visita del presidente de Estados Unidos a China, el precio del d\u00f3lar mantuvo su tendencia al alza durante la sesi\u00f3n del jueves, y en los primeros minutos de este viernes 15 de mayo de 2026, contin\u00faa presionando al peso mexicano. Esta ma\u00f1ana, el tipo de cambio cotiza en 17.32 [&hellip;]<\/p>\n","protected":false},"author":2,"featured_media":4133,"comment_status":"","ping_status":"","sticky":false,"template":"","format":"standard","meta":{"footnotes":""},"categories":[2],"tags":[],"class_list":["post-4132","post","type-post","status-publish","format-standard","has-post-thumbnail","hentry","category-local"],"_links":{"self":[{"href":"https:\/\/conexion-mx.com\/index.php?rest_route=\/wp\/v2\/posts\/4132","targetHints":{"allow":["GET"]}}],"collection":[{"href":"https:\/\/conexion-mx.com\/index.php?rest_route=\/wp\/v2\/posts"}],"about":[{"href":"https:\/\/conexion-mx.com\/index.php?rest_route=\/wp\/v2\/types\/post"}],"author":[{"embeddable":true,"href":"https:\/\/conexion-mx.com\/index.php?rest_route=\/wp\/v2\/users\/2"}],"replies":[{"embeddable":true,"href":"https:\/\/conexion-mx.com\/index.php?rest_route=%2Fwp%2Fv2%2Fcomments&post=4132"}],"version-history":[{"count":0,"href":"https:\/\/conexion-mx.com\/index.php?rest_route=\/wp\/v2\/posts\/4132\/revisions"}],"wp:featuredmedia":[{"embeddable":true,"href":"https:\/\/conexion-mx.com\/index.php?rest_route=\/wp\/v2\/media\/4133"}],"wp:attachment":[{"href":"https:\/\/conexion-mx.com\/index.php?rest_route=%2Fwp%2Fv2%2Fmedia&parent=4132"}],"wp:term":[{"taxonomy":"category","embeddable":true,"href":"https:\/\/conexion-mx.com\/index.php?rest_route=%2Fwp%2Fv2%2Fcategories&post=4132"},{"taxonomy":"post_tag","embeddable":true,"href":"https:\/\/conexion-mx.com\/index.php?rest_route=%2Fwp%2Fv2%2Ftags&post=4132"}],"curies":[{"name":"wp","href":"https:\/\/api.w.org\/{rel}","templated":true}]}}