{"id":4134,"date":"2026-05-15T12:54:58","date_gmt":"2026-05-15T17:54:58","guid":{"rendered":"https:\/\/conexion-mx.com\/?p=4134"},"modified":"2026-05-15T12:54:58","modified_gmt":"2026-05-15T17:54:58","slug":"calendario-de-humo-el-heraldo-de-mexico","status":"publish","type":"post","link":"https:\/\/conexion-mx.com\/?p=4134","title":{"rendered":"Calendario de humo &#8211; El Heraldo de M\u00e9xico"},"content":{"rendered":"<p> <br \/>\n<\/p>\n<div>\n<p>El secretario de Educaci\u00f3n P\u00fablica, Mario Delgado, vivi\u00f3 la semana m\u00e1s complicada para un titular de esa dependencia desde que Leticia Ram\u00edrez Amaya, hoy secretaria de Bienestar, tuvo cuando respondi\u00f3 -o m\u00e1s bien, dijo que no pod\u00eda responder- al cuestionamiento de c\u00f3mo un menor en segundo de primaria aprender\u00eda matem\u00e1ticas con el nuevo modelo educativo.<\/p>\n<p>Primero porque el 7 de mayo, anunci\u00f3 que, de forma un\u00e1nime, las autoridades educativas decidieron que el calendario escolar se modificar\u00eda para culminar el 5 de junio; un mes antes de lo previsto.<\/p>\n<aside class=\"htmlinline\"\/>\n<p>Lo que no esperaba, era la reacci\u00f3n de padres y madres de familia.<\/p>\n<p>\u00a1Y c\u00f3mo no! Si son ellos los que s\u00ed trabajan; m\u00e1s a\u00fan en el caso particular de las mujeres.<\/p>\n<p>Cifras del INEGI revelan que el 87% de las mujeres de 15 a 60 a\u00f1os con hijos menores de edad, son las principales responsables de su cuidado.<\/p>\n<p>Pero adem\u00e1s de los cuidados, est\u00e1 la labor de mantenerlos: de las madres ocupadas en el mercado laboral, el 64% son trabajadoras subordinadas; el 27% trabajan por cuenta propia; y apenas el 3.5% son empleadoras.<\/p>\n<p>Por si fuera poco, el 44% trabaja entre 35 y 48 horas.<\/p>\n<p>Las escuelas funcionan como esos espacios seguros en los que los hijos de esas madres se encuentran mientras estos porcentajes se acumulan.&#13;<br \/>\n&#13;\n<\/p>\n<p>Esa voz, que no tomaron en cuenta las autoridades educativas, hizo recular a la secretar\u00eda y la decisi\u00f3n fue que el calendario no se modificar\u00eda, hiciera el calor que hiciera -como cada a\u00f1o- o se jugara o no el Mundial de F\u00fatbol.&#13;<br \/>\n&#13;\n<\/p>\n<p>Sin embargo, los o\u00eddos sordos a las voces fuera de Palacio Nacional son una constante desde hace ya, por lo menos, siete a\u00f1os.&#13;<br \/>\n&#13;\n<\/p>\n<p>Voces de: ni\u00f1os con c\u00e1ncer; familiares de personas desaparecidas; el poder judicial; ambientalistas; organismos aut\u00f3nomos; la democracia; y el propio periodismo.&#13;<br \/>\n&#13;\n<\/p>\n<p>Quiz\u00e1 la voz que mayor eco ha hecho en los \u00faltimos a\u00f1os es la de los sinaloenses: desde enero del 2025, al grito de \u201c\u00a1fuera Rocha!\u201d, ped\u00edan la renuncia del gobernador por el asesinato de los menores Gael y Alexander, v\u00edctimas de un ataque armado derivado tambi\u00e9n de la violencia incontrolable que se desat\u00f3 en el estado tras la captura del \u201cMayo\u201d Zambada y la fractura de la Mayiza con Los Chapitos.&#13;<br \/>\n&#13;\n<\/p>\n<p>Hoy, 16 meses despu\u00e9s de esas protestas, Rocha Moya solicit\u00f3 licencia como gobernador tras ser acusado por narcotr\u00e1fico por los Estados Unidos.&#13;<br \/>\n&#13;\n<\/p>\n<p>Dos semanas despu\u00e9s de esa acusaci\u00f3n, en M\u00e9xico no hay certeza de nada respecto a su situaci\u00f3n; se presume que sigue en Sinaloa.&#13;<br \/>\n&#13;\n<\/p>\n<p>Eso s\u00ed, las voces que s\u00ed son escuchadas son aquellas que llaman a una protesta estatal en Chihuahua para que la gobernadora, de oposici\u00f3n, que no acusada de narcotr\u00e1fico, rinda cuentas a la ciudadan\u00eda.&#13;<br \/>\n&#13;\n<\/p>\n<p>Es decir: m\u00e1s vale reaccionar a la presi\u00f3n medi\u00e1tica que a la presi\u00f3n social. Porque depende la voz, si se diluir\u00e1 o no en calendarios de humo.&#13;<br \/>\n&#13;\n<\/p>\n<p>Daniel Jacobo Ortega, periodista de TV Azteca<br \/>&#13;<br \/>\nCuenta IG y X: @soy_camel&#13;<br \/>\n&#13;<br \/>\n&#13;\n                                <\/p>\n<\/p><\/div>\n<p><script>\n    !function(f,b,e,v,n,t,s)\n    {if(f.fbq)return;n=f.fbq=function(){n.callMethod?\n    n.callMethod.apply(n,arguments):n.queue.push(arguments)};\n    if(!f._fbq)f._fbq=n;n.push=n;n.loaded=!0;n.version='2.0';\n    n.queue=[];t=b.createElement(e);t.async=!0;\n    t.src=v;s=b.getElementsByTagName(e)[0];\n    s.parentNode.insertBefore(t,s)}(window, document,'script',\n    'https:\/\/connect.facebook.net\/en_US\/fbevents.js');\n    fbq('init', '237927003583820');\n    fbq('track', 'PageView');\n  <\/script><script>\n      !function(f,b,e,v,n,t,s)\n      {if(f.fbq)return;n=f.fbq=function(){n.callMethod?\n        n.callMethod.apply(n,arguments):n.queue.push(arguments)};\n        if(!f._fbq)f._fbq=n;n.push=n;n.loaded=!0;n.version='2.0';\n        n.queue=[];t=b.createElement(e);t.async=!0;\n    t.src=v;s=b.getElementsByTagName(e)[0];\n    s.parentNode.insertBefore(t,s)}(window, document,'script',\n    'https:\/\/connect.facebook.net\/en_US\/fbevents.js');\n    fbq('init', '622139085998321');\n    fbq('track', 'PageView');\n    <\/script><br \/>\n<br \/><\/p>\n","protected":false},"excerpt":{"rendered":"<p>El secretario de Educaci\u00f3n P\u00fablica, Mario Delgado, vivi\u00f3 la semana m\u00e1s complicada para un titular de esa dependencia desde que Leticia Ram\u00edrez Amaya, hoy secretaria de Bienestar, tuvo cuando respondi\u00f3 -o m\u00e1s bien, dijo que no pod\u00eda responder- al cuestionamiento de c\u00f3mo un menor en segundo de primaria aprender\u00eda matem\u00e1ticas con el nuevo modelo educativo. [&hellip;]<\/p>\n","protected":false},"author":3,"featured_media":4135,"comment_status":"","ping_status":"","sticky":false,"template":"","format":"standard","meta":{"footnotes":""},"categories":[35],"tags":[],"class_list":["post-4134","post","type-post","status-publish","format-standard","has-post-thumbnail","hentry","category-espectaculos"],"_links":{"self":[{"href":"https:\/\/conexion-mx.com\/index.php?rest_route=\/wp\/v2\/posts\/4134","targetHints":{"allow":["GET"]}}],"collection":[{"href":"https:\/\/conexion-mx.com\/index.php?rest_route=\/wp\/v2\/posts"}],"about":[{"href":"https:\/\/conexion-mx.com\/index.php?rest_route=\/wp\/v2\/types\/post"}],"author":[{"embeddable":true,"href":"https:\/\/conexion-mx.com\/index.php?rest_route=\/wp\/v2\/users\/3"}],"replies":[{"embeddable":true,"href":"https:\/\/conexion-mx.com\/index.php?rest_route=%2Fwp%2Fv2%2Fcomments&post=4134"}],"version-history":[{"count":0,"href":"https:\/\/conexion-mx.com\/index.php?rest_route=\/wp\/v2\/posts\/4134\/revisions"}],"wp:featuredmedia":[{"embeddable":true,"href":"https:\/\/conexion-mx.com\/index.php?rest_route=\/wp\/v2\/media\/4135"}],"wp:attachment":[{"href":"https:\/\/conexion-mx.com\/index.php?rest_route=%2Fwp%2Fv2%2Fmedia&parent=4134"}],"wp:term":[{"taxonomy":"category","embeddable":true,"href":"https:\/\/conexion-mx.com\/index.php?rest_route=%2Fwp%2Fv2%2Fcategories&post=4134"},{"taxonomy":"post_tag","embeddable":true,"href":"https:\/\/conexion-mx.com\/index.php?rest_route=%2Fwp%2Fv2%2Ftags&post=4134"}],"curies":[{"name":"wp","href":"https:\/\/api.w.org\/{rel}","templated":true}]}}