{"id":4138,"date":"2026-05-15T22:58:22","date_gmt":"2026-05-16T03:58:22","guid":{"rendered":"https:\/\/conexion-mx.com\/?p=4138"},"modified":"2026-05-15T22:58:22","modified_gmt":"2026-05-16T03:58:22","slug":"joven-de-16-anos-muere-tras-estrellarse-contra-un-edificio-sus-acompanantes-sobrevivieron-al-fuerte-accidente-imagenes-fuertes","status":"publish","type":"post","link":"https:\/\/conexion-mx.com\/?p=4138","title":{"rendered":"Joven de 16 a\u00f1os muere tras estrellarse contra un edificio; sus acompa\u00f1antes sobrevivieron al fuerte accidente | IM\u00c1GENES FUERTES"},"content":{"rendered":"<p> <br \/>\n<\/p>\n<div itemprop=\"articleBody\">\n<div class=\"txt_contenido\">\n<p>Durante la madrugada del pasado jueves 14 de mayo, una joven de 16 a\u00f1os de edad muri\u00f3 y otros cuatro j\u00f3venes resultaron heridos tras un fuerte accidente de tr\u00e1nsito con dos veh\u00edculos. El <strong>siniestro<\/strong> se vivi\u00f3 en la <strong>Glorieta de Ciudad Porf\u00eda en Colombia<\/strong>, provocando conmoci\u00f3n en la zona.<\/p>\n<p>Tras el siniestro, <strong>elementos del Cuerpo de Bomberos de Villavicencio <\/strong>informaron que alrededor de las 11:40 atendieron el siniestro que involucr\u00f3 a dos veh\u00edculos porque uno de los dos se hab\u00eda incendiado, pero tras arribar al sitio, el fuego hab\u00eda sido controlado por vecinos de la zona.<\/p>\n<aside class=\"htmlinline\"\/>\n<p>En el video compartido en redes sociales se puede ver c\u00f3mo el <strong>auto<\/strong> donde viajaba la joven de 16 a\u00f1os choca contra un edificio y termina <strong>pr\u00e1cticamente destrozado<\/strong>; por lo que tuvo que ser atendido por vecinos de la zona antes de que elementos de emergencia pudieran llegar al sitio.<\/p>\n<aside class=\"relacionadas con-foto linea-1078\"><strong class=\"relacionadas-titulo-gral\">Noticias Relacionadas<\/strong><\/aside>\n<p>\u00a0<\/p>\n<\/p><\/div>\n<\/p><\/div>\n<p><script>\n    !function(f,b,e,v,n,t,s)\n    {if(f.fbq)return;n=f.fbq=function(){n.callMethod?\n    n.callMethod.apply(n,arguments):n.queue.push(arguments)};\n    if(!f._fbq)f._fbq=n;n.push=n;n.loaded=!0;n.version='2.0';\n    n.queue=[];t=b.createElement(e);t.async=!0;\n    t.src=v;s=b.getElementsByTagName(e)[0];\n    s.parentNode.insertBefore(t,s)}(window, document,'script',\n    'https:\/\/connect.facebook.net\/en_US\/fbevents.js');\n    fbq('init', '237927003583820');\n    fbq('track', 'PageView');\n  <\/script><br \/>\n<br \/><\/p>\n","protected":false},"excerpt":{"rendered":"<p>Durante la madrugada del pasado jueves 14 de mayo, una joven de 16 a\u00f1os de edad muri\u00f3 y otros cuatro j\u00f3venes resultaron heridos tras un fuerte accidente de tr\u00e1nsito con dos veh\u00edculos. El siniestro se vivi\u00f3 en la Glorieta de Ciudad Porf\u00eda en Colombia, provocando conmoci\u00f3n en la zona. Tras el siniestro, elementos del Cuerpo [&hellip;]<\/p>\n","protected":false},"author":4,"featured_media":4139,"comment_status":"","ping_status":"","sticky":false,"template":"","format":"standard","meta":{"footnotes":""},"categories":[36],"tags":[],"class_list":["post-4138","post","type-post","status-publish","format-standard","has-post-thumbnail","hentry","category-tecnologia"],"_links":{"self":[{"href":"https:\/\/conexion-mx.com\/index.php?rest_route=\/wp\/v2\/posts\/4138","targetHints":{"allow":["GET"]}}],"collection":[{"href":"https:\/\/conexion-mx.com\/index.php?rest_route=\/wp\/v2\/posts"}],"about":[{"href":"https:\/\/conexion-mx.com\/index.php?rest_route=\/wp\/v2\/types\/post"}],"author":[{"embeddable":true,"href":"https:\/\/conexion-mx.com\/index.php?rest_route=\/wp\/v2\/users\/4"}],"replies":[{"embeddable":true,"href":"https:\/\/conexion-mx.com\/index.php?rest_route=%2Fwp%2Fv2%2Fcomments&post=4138"}],"version-history":[{"count":0,"href":"https:\/\/conexion-mx.com\/index.php?rest_route=\/wp\/v2\/posts\/4138\/revisions"}],"wp:featuredmedia":[{"embeddable":true,"href":"https:\/\/conexion-mx.com\/index.php?rest_route=\/wp\/v2\/media\/4139"}],"wp:attachment":[{"href":"https:\/\/conexion-mx.com\/index.php?rest_route=%2Fwp%2Fv2%2Fmedia&parent=4138"}],"wp:term":[{"taxonomy":"category","embeddable":true,"href":"https:\/\/conexion-mx.com\/index.php?rest_route=%2Fwp%2Fv2%2Fcategories&post=4138"},{"taxonomy":"post_tag","embeddable":true,"href":"https:\/\/conexion-mx.com\/index.php?rest_route=%2Fwp%2Fv2%2Ftags&post=4138"}],"curies":[{"name":"wp","href":"https:\/\/api.w.org\/{rel}","templated":true}]}}