{"id":4144,"date":"2026-05-16T07:22:37","date_gmt":"2026-05-16T12:22:37","guid":{"rendered":"https:\/\/conexion-mx.com\/?p=4144"},"modified":"2026-05-16T07:22:37","modified_gmt":"2026-05-16T12:22:37","slug":"departamento-de-justicia-buscaria-utilizar-leyes-antiterroristas-contra-funcionarios-mexicanos-nyt","status":"publish","type":"post","link":"https:\/\/conexion-mx.com\/?p=4144","title":{"rendered":"Departamento de Justicia buscar\u00eda \u00abutilizar leyes antiterroristas\u00bb contra funcionarios mexicanos: NYT"},"content":{"rendered":"<p> <br \/>\n<\/p>\n<div itemprop=\"articleBody\">\n<div class=\"txt_contenido\">\n<p><strong>Gerardo M\u00e9rida<\/strong>, exsecretario de <strong>Seguridad P\u00fablica de Sinaloa<\/strong>, y de <strong>Enrique D\u00edaz Vega, <\/strong>exsecretario de <strong>Finanzas<\/strong> del mismo estado, fueron capturados luego de que el <strong>Departamento de Justicia<\/strong> (<strong>DOJ<\/strong>, por su siglas en ingl\u00e9s) estadounidense emitiera una <strong>acusaci\u00f3n formal<\/strong> en su contra.<\/p>\n<p>Ahora, fiscales federales habr\u00edan sido instruidos para \u00abutilizar <strong>leyes antiterroristas<\/strong>\u00bb con el objetivo de perseguir a funcionarios mexicanos que sean c\u00f3mplices del narcotr\u00e1fico, de acuerdo con una publicaci\u00f3n reciente de <strong><em>The New York Times<\/em>.<\/strong><\/p>\n<aside class=\"htmlinline\"\/>\n<p>La medida habr\u00eda sido anunciada durante una conferencia por <strong>Aakash Singh<\/strong>, subprocurador general adjunto. Fuentes familiarizadas con el tema compartieron con el prestigioso<strong> peri\u00f3dico<\/strong> <strong>estadounidense<\/strong> que, supuestamente, dijo a sus que \u00abdeber\u00edan triplicar el n\u00famero de acusaciones contra <strong>funcionarios gubernamentales <\/strong>corruptos en M\u00e9xico que utilizan su <strong>poder<\/strong> y <strong>cargos<\/strong> para <strong>encubrir<\/strong> a terroristas y monstruos que trafican con la miseria y el veneno\u00bb.<\/p>\n<aside class=\"relacionadas con-foto linea-1078\"><strong class=\"relacionadas-titulo-gral\">Noticias Relacionadas<\/strong><\/aside>\n<\/p><\/div>\n<\/p><\/div>\n<p><script>\n    !function(f,b,e,v,n,t,s)\n    {if(f.fbq)return;n=f.fbq=function(){n.callMethod?\n    n.callMethod.apply(n,arguments):n.queue.push(arguments)};\n    if(!f._fbq)f._fbq=n;n.push=n;n.loaded=!0;n.version='2.0';\n    n.queue=[];t=b.createElement(e);t.async=!0;\n    t.src=v;s=b.getElementsByTagName(e)[0];\n    s.parentNode.insertBefore(t,s)}(window, document,'script',\n    'https:\/\/connect.facebook.net\/en_US\/fbevents.js');\n    fbq('init', '237927003583820');\n    fbq('track', 'PageView');\n  <\/script><br \/>\n<br \/><\/p>\n","protected":false},"excerpt":{"rendered":"<p>Gerardo M\u00e9rida, exsecretario de Seguridad P\u00fablica de Sinaloa, y de Enrique D\u00edaz Vega, exsecretario de Finanzas del mismo estado, fueron capturados luego de que el Departamento de Justicia (DOJ, por su siglas en ingl\u00e9s) estadounidense emitiera una acusaci\u00f3n formal en su contra. Ahora, fiscales federales habr\u00edan sido instruidos para \u00abutilizar leyes antiterroristas\u00bb con el objetivo [&hellip;]<\/p>\n","protected":false},"author":2,"featured_media":4145,"comment_status":"","ping_status":"","sticky":false,"template":"","format":"standard","meta":{"footnotes":""},"categories":[2],"tags":[],"class_list":["post-4144","post","type-post","status-publish","format-standard","has-post-thumbnail","hentry","category-local"],"_links":{"self":[{"href":"https:\/\/conexion-mx.com\/index.php?rest_route=\/wp\/v2\/posts\/4144","targetHints":{"allow":["GET"]}}],"collection":[{"href":"https:\/\/conexion-mx.com\/index.php?rest_route=\/wp\/v2\/posts"}],"about":[{"href":"https:\/\/conexion-mx.com\/index.php?rest_route=\/wp\/v2\/types\/post"}],"author":[{"embeddable":true,"href":"https:\/\/conexion-mx.com\/index.php?rest_route=\/wp\/v2\/users\/2"}],"replies":[{"embeddable":true,"href":"https:\/\/conexion-mx.com\/index.php?rest_route=%2Fwp%2Fv2%2Fcomments&post=4144"}],"version-history":[{"count":0,"href":"https:\/\/conexion-mx.com\/index.php?rest_route=\/wp\/v2\/posts\/4144\/revisions"}],"wp:featuredmedia":[{"embeddable":true,"href":"https:\/\/conexion-mx.com\/index.php?rest_route=\/wp\/v2\/media\/4145"}],"wp:attachment":[{"href":"https:\/\/conexion-mx.com\/index.php?rest_route=%2Fwp%2Fv2%2Fmedia&parent=4144"}],"wp:term":[{"taxonomy":"category","embeddable":true,"href":"https:\/\/conexion-mx.com\/index.php?rest_route=%2Fwp%2Fv2%2Fcategories&post=4144"},{"taxonomy":"post_tag","embeddable":true,"href":"https:\/\/conexion-mx.com\/index.php?rest_route=%2Fwp%2Fv2%2Ftags&post=4144"}],"curies":[{"name":"wp","href":"https:\/\/api.w.org\/{rel}","templated":true}]}}