{"id":4152,"date":"2026-05-17T08:17:33","date_gmt":"2026-05-17T13:17:33","guid":{"rendered":"https:\/\/conexion-mx.com\/?p=4152"},"modified":"2026-05-17T08:17:33","modified_gmt":"2026-05-17T13:17:33","slug":"ferias-y-parques-de-diversiones-en-cdmx-estas-son-las-medidas-durante-reapertura","status":"publish","type":"post","link":"https:\/\/conexion-mx.com\/?p=4152","title":{"rendered":"Ferias y Parques de Diversiones en CDMX: Estas son las MEDIDAS durante REAPERTURA"},"content":{"rendered":" \r\n<br><div itemprop=\"articleBody\">  \n                            <div class=\"txt_contenido\">                                \n                                \n\n                                    \n<p class=\"wp-block-paragraph\">La <strong>Ciudad de M\u00e9xico<\/strong> se mantiene en el naranja del sem\u00e1foro epidemiol\u00f3gico por decimoquinta semana consecutiva, inform\u00f3 la jefa de Gobierno, <strong>Claudia Sheinbaum<\/strong>.<\/p>\n\n\n\n<p class=\"wp-block-paragraph\">Pero en estas ocasi\u00f3n hay ajustes: se ampl\u00edan los horarios de los establecimientos mercantiles, pues pasa el cierre de las 18:30 a 19 horas; regresan las<strong> ferias y los parques de diversiones<\/strong>. Tambi\u00e9n vuelven los archivos hist\u00f3ricos.<\/p>\n\n\n\n<p class=\"wp-block-paragraph\">\u201cHasta ahora aun cuando hay much\u00edsimas m\u00e1s actividades desde que las que ten\u00edamos hace <strong>14 semanas<\/strong>. Llevamos 14 semanas en naranja, pero no es el mismo naranja de hace 14 semanas que el naranja de ahora, donde se han abierto much\u00edsimas actividades y aun as\u00ed no hemos tenido brotes que signifiquen un incremento en la hospitalizaci\u00f3n\u201d, dijo la mandataria capitalina en conferencia de prensa.<\/p>\n\n\n<p>[nota_relacionada id=1270254]<\/p>\n\n\n\n<h2 class=\"wp-block-heading\">Las medidas&#8230;<\/h2>\n\n\n\n<p class=\"wp-block-paragraph\">En el caso de las ferias y parques, regresan a un <strong>30 por ciento<\/strong> de su aforo permitido.<\/p>\n\n\n\n<p class=\"wp-block-paragraph\">Se debe requerir el<strong> uso obligatorio de cubrebocas<\/strong> para todas las personas que visiten los parque de diversiones o ferias.<\/p>\n\n\n\n<p class=\"wp-block-paragraph\">Se debe incentivar el uso de boletaje electr\u00f3nico, para evitar el contacto personal que se da en las taquillas. Los<strong> barandales<\/strong>, mesas, asientos, juegos y toda superficie de uso com\u00fan deber\u00e1 desinfectarse constantemente durante el d\u00eda.<\/p>\n\n\n\n<p class=\"wp-block-paragraph\">Informar a las personas que respeten la se\u00f1al\u00e9tica y flujos en parque del ingreso y egreso de los juegos y dem\u00e1s zonas como restaurantes, ba\u00f1os y \u00e1reas comunes, con el fin de mantener la sana distancia de 1.5 m. Se debe privilegiar la ventilaci\u00f3n natural.<\/p>\n\n\n\n<p class=\"wp-block-paragraph\">Las atracciones y juegos en espacios cerrados deber\u00e1n permanecer cerradas. El horario de los<strong> parques de diversiones<\/strong> ser\u00e1 de 8:00 a 19:00.\n\n\n<p>[nota_relacionada id=1270249  ]<\/p>\n\n\n\n<\/p><p class=\"wp-block-paragraph\"><em>Con informaci\u00f3n de Carlos Navarro<\/em>\n\n\n\n<\/p><p class=\"wp-block-paragraph\">Por: <strong>Redacci\u00f3n Digital El Heraldo de M\u00e9xico<\/strong>\n\n\n\n<\/p><p class=\"wp-block-paragraph\">iorm\n&#13;\n&#13;\n                                <\/p>  \n                                 \n                                \n                                \n                            <\/div>\n                        <\/div><script>\n    !function(f,b,e,v,n,t,s)\n    {if(f.fbq)return;n=f.fbq=function(){n.callMethod?\n    n.callMethod.apply(n,arguments):n.queue.push(arguments)};\n    if(!f._fbq)f._fbq=n;n.push=n;n.loaded=!0;n.version='2.0';\n    n.queue=[];t=b.createElement(e);t.async=!0;\n    t.src=v;s=b.getElementsByTagName(e)[0];\n    s.parentNode.insertBefore(t,s)}(window, document,'script',\n    'https:\/\/connect.facebook.net\/en_US\/fbevents.js');\n    fbq('init', '237927003583820');\n    fbq('track', 'PageView');\n  <\/script>\r\n<br>\r\n","protected":false},"excerpt":{"rendered":"<p>La Ciudad de M\u00e9xico se mantiene en el naranja del sem\u00e1foro epidemiol\u00f3gico por decimoquinta semana consecutiva, inform\u00f3 la jefa de Gobierno, Claudia Sheinbaum. Pero en estas ocasi\u00f3n hay ajustes: se ampl\u00edan los horarios de los establecimientos mercantiles, pues pasa el cierre de las 18:30 a 19 horas; regresan las ferias y los parques de diversiones. [&hellip;]<\/p>\n","protected":false},"author":2,"featured_media":4153,"comment_status":"","ping_status":"","sticky":false,"template":"","format":"standard","meta":{"footnotes":""},"categories":[2],"tags":[],"class_list":["post-4152","post","type-post","status-publish","format-standard","has-post-thumbnail","hentry","category-local"],"_links":{"self":[{"href":"https:\/\/conexion-mx.com\/index.php?rest_route=\/wp\/v2\/posts\/4152","targetHints":{"allow":["GET"]}}],"collection":[{"href":"https:\/\/conexion-mx.com\/index.php?rest_route=\/wp\/v2\/posts"}],"about":[{"href":"https:\/\/conexion-mx.com\/index.php?rest_route=\/wp\/v2\/types\/post"}],"author":[{"embeddable":true,"href":"https:\/\/conexion-mx.com\/index.php?rest_route=\/wp\/v2\/users\/2"}],"replies":[{"embeddable":true,"href":"https:\/\/conexion-mx.com\/index.php?rest_route=%2Fwp%2Fv2%2Fcomments&post=4152"}],"version-history":[{"count":0,"href":"https:\/\/conexion-mx.com\/index.php?rest_route=\/wp\/v2\/posts\/4152\/revisions"}],"wp:featuredmedia":[{"embeddable":true,"href":"https:\/\/conexion-mx.com\/index.php?rest_route=\/wp\/v2\/media\/4153"}],"wp:attachment":[{"href":"https:\/\/conexion-mx.com\/index.php?rest_route=%2Fwp%2Fv2%2Fmedia&parent=4152"}],"wp:term":[{"taxonomy":"category","embeddable":true,"href":"https:\/\/conexion-mx.com\/index.php?rest_route=%2Fwp%2Fv2%2Fcategories&post=4152"},{"taxonomy":"post_tag","embeddable":true,"href":"https:\/\/conexion-mx.com\/index.php?rest_route=%2Fwp%2Fv2%2Ftags&post=4152"}],"curies":[{"name":"wp","href":"https:\/\/api.w.org\/{rel}","templated":true}]}}