{"id":4154,"date":"2026-05-17T12:18:40","date_gmt":"2026-05-17T17:18:40","guid":{"rendered":"https:\/\/conexion-mx.com\/?p=4154"},"modified":"2026-05-17T12:18:40","modified_gmt":"2026-05-17T17:18:40","slug":"no-aceptamos-que-el-miedo-la-guerra-la-desigualdad-y-el-odio-definan-el-destino-de-la-humanidad-clara-brugada","status":"publish","type":"post","link":"https:\/\/conexion-mx.com\/?p=4154","title":{"rendered":"\u201cNo aceptamos que el miedo, la guerra, la desigualdad y el odio definan el destino de la humanidad\u201d: Clara Brugada"},"content":{"rendered":"<p> <br \/>\n<\/p>\n<div>\n<p>\u201cNo aceptamos que el miedo, la guerra, la desigualdad y el odio definan el destino de la humanidad\u201d, afirm\u00f3 <strong>Clara Brugada Molina<\/strong>, <strong>jefa del Gobierno de la Ciudad de M\u00e9xico<\/strong> durante su participaci\u00f3n en <strong>la Mesa de Trabajo de la Asamblea del Foro Urbano Mundial<\/strong>.<\/p>\n<p>Y es que la <strong>capital de M\u00e9xico<\/strong> ser\u00e1 sede de dicho foro en 2028; por ello, desde <strong>Bak\u00fa, Azerbaiy\u00e1n<\/strong>, la mandataria local invit\u00f3 a las ciudades, pueblos y comunidades del mundo a reunirse para construir acuerdos, compartir soluciones y demostrar que \u201cotro futuro urbano es posible\u201d.<\/p>\n<aside class=\"htmlinline\"\/>\n<p>\u201cEn 2028, en el pr\u00f3ximo foro urbano mundial, las puertas de la Ciudad de M\u00e9xico est\u00e1n abiertas para todas las ciudades, pueblos y comunidades del planeta. Vengan a dialogar, a construir acuerdos, a intercambiar saberes, a compartir soluciones, a confrontar ideas, a demostrar que otro futuro urbano es posible. Les invito, entonces, como un compromiso del movimiento entero, a que asumamos que cuando el mundo llegue a la Ciudad de M\u00e9xico, encuentre no solo una ciudad anfitriona, sino una demostraci\u00f3n viva de que otra ciudad es posible\u201d, declar\u00f3.\u00a0<\/p>\n<div class=\"image-align-center\">\n<figure class=\"image\"><img loading=\"lazy\" decoding=\"async\" alt=\"\" height=\"1024\" src=\"https:\/\/heraldodemexico.com.mx\/u\/fotografias\/m\/2026\/5\/17\/f768x1-1284649_1284776_5050.jpeg\" width=\"768\"\/>&#13;<figcaption>Foto: Gobierno de CDMX<\/figcaption>&#13;<br \/>\n<\/figure>\n<\/div>\n<h2>Los gobiernos locales son los protagonistas de la historia: Brugada<\/h2>\n<p><strong>Brugada Molina<\/strong> expuso que son los gobiernos locales los <strong>protagonistas<\/strong> de la <strong>historia<\/strong>, ya que ellos viven a ras de suelo los dolores y la esperanza de la gente. Por ello, subray\u00f3 la necesidad de avanzar hacia un multilateralismo m\u00e1s cercano a los territorios y a la ciudadan\u00eda.\u00a0<\/p>\n<p>Argument\u00f3 que, aunque los grandes <strong>desaf\u00edos mundiales<\/strong> se discuten en <strong>escenarios internacionales<\/strong>, sus repercusiones diarias se viven y sienten directamente en las ciudades y comunidades.<\/p>\n<p>\u201cLos gobiernos locales y regionales somos quienes permanecemos y podemos transformar, quienes no podemos dejar de actuar todos los d\u00edas, quienes respondemos siempre con los recursos que tenemos a las necesidades de la <strong>poblaci\u00f3n<\/strong>. Esa permanencia es nuestra fortaleza. Y cuando nos reunimos en esta asamblea, traemos la experiencia acumulada de miles de <strong>gobiernos<\/strong> que gobiernan de verdad, que resuelven de verdad, que escuchan de verdad\u201d, dijo.<\/p>\n<\/p><\/div>\n<p><script>\n    !function(f,b,e,v,n,t,s)\n    {if(f.fbq)return;n=f.fbq=function(){n.callMethod?\n    n.callMethod.apply(n,arguments):n.queue.push(arguments)};\n    if(!f._fbq)f._fbq=n;n.push=n;n.loaded=!0;n.version='2.0';\n    n.queue=[];t=b.createElement(e);t.async=!0;\n    t.src=v;s=b.getElementsByTagName(e)[0];\n    s.parentNode.insertBefore(t,s)}(window, document,'script',\n    'https:\/\/connect.facebook.net\/en_US\/fbevents.js');\n    fbq('init', '237927003583820');\n    fbq('track', 'PageView');\n  <\/script><script>\n    !function(f,b,e,v,n,t,s)\n    {if(f.fbq)return;n=f.fbq=function(){n.callMethod?\n    n.callMethod.apply(n,arguments):n.queue.push(arguments)};\n    if(!f._fbq)f._fbq=n;n.push=n;n.loaded=!0;n.version='2.0';\n    n.queue=[];t=b.createElement(e);t.async=!0;\n    t.src=v;s=b.getElementsByTagName(e)[0];\n    s.parentNode.insertBefore(t,s)}(window, document,'script',\n    'https:\/\/connect.facebook.net\/en_US\/fbevents.js');\n    fbq('init', '802372280934901');\n    fbq('track', 'PageView');\n    <\/script><br \/>\n<br \/><\/p>\n","protected":false},"excerpt":{"rendered":"<p>\u201cNo aceptamos que el miedo, la guerra, la desigualdad y el odio definan el destino de la humanidad\u201d, afirm\u00f3 Clara Brugada Molina, jefa del Gobierno de la Ciudad de M\u00e9xico durante su participaci\u00f3n en la Mesa de Trabajo de la Asamblea del Foro Urbano Mundial. Y es que la capital de M\u00e9xico ser\u00e1 sede de [&hellip;]<\/p>\n","protected":false},"author":4,"featured_media":4155,"comment_status":"","ping_status":"","sticky":false,"template":"","format":"standard","meta":{"footnotes":""},"categories":[36],"tags":[],"class_list":["post-4154","post","type-post","status-publish","format-standard","has-post-thumbnail","hentry","category-tecnologia"],"_links":{"self":[{"href":"https:\/\/conexion-mx.com\/index.php?rest_route=\/wp\/v2\/posts\/4154","targetHints":{"allow":["GET"]}}],"collection":[{"href":"https:\/\/conexion-mx.com\/index.php?rest_route=\/wp\/v2\/posts"}],"about":[{"href":"https:\/\/conexion-mx.com\/index.php?rest_route=\/wp\/v2\/types\/post"}],"author":[{"embeddable":true,"href":"https:\/\/conexion-mx.com\/index.php?rest_route=\/wp\/v2\/users\/4"}],"replies":[{"embeddable":true,"href":"https:\/\/conexion-mx.com\/index.php?rest_route=%2Fwp%2Fv2%2Fcomments&post=4154"}],"version-history":[{"count":0,"href":"https:\/\/conexion-mx.com\/index.php?rest_route=\/wp\/v2\/posts\/4154\/revisions"}],"wp:featuredmedia":[{"embeddable":true,"href":"https:\/\/conexion-mx.com\/index.php?rest_route=\/wp\/v2\/media\/4155"}],"wp:attachment":[{"href":"https:\/\/conexion-mx.com\/index.php?rest_route=%2Fwp%2Fv2%2Fmedia&parent=4154"}],"wp:term":[{"taxonomy":"category","embeddable":true,"href":"https:\/\/conexion-mx.com\/index.php?rest_route=%2Fwp%2Fv2%2Fcategories&post=4154"},{"taxonomy":"post_tag","embeddable":true,"href":"https:\/\/conexion-mx.com\/index.php?rest_route=%2Fwp%2Fv2%2Ftags&post=4154"}],"curies":[{"name":"wp","href":"https:\/\/api.w.org\/{rel}","templated":true}]}}