{"id":4170,"date":"2026-05-19T01:01:56","date_gmt":"2026-05-19T06:01:56","guid":{"rendered":"https:\/\/conexion-mx.com\/?p=4170"},"modified":"2026-05-19T01:01:56","modified_gmt":"2026-05-19T06:01:56","slug":"clima-en-cardenas-tabasco-pronostico-del-tiempo-para-el-martes-19-de-mayo-conoce-la-temperatura-maxima-minima-sensacion-termica-y-calidad-del-aire","status":"publish","type":"post","link":"https:\/\/conexion-mx.com\/?p=4170","title":{"rendered":"Clima en C\u00e1rdenas, Tabasco: Pron\u00f3stico del tiempo para el martes 19 de mayo. Conoce la temperatura m\u00e1xima, m\u00ednima, sensaci\u00f3n t\u00e9rmica y calidad del aire."},"content":{"rendered":"<p> <br \/>\n<\/p>\n<div>\n<p>Este martes en el municipio de C\u00e1rdenas, Tabasco, se registra un ambiente sumamente c\u00e1lido. Las condiciones meteorol\u00f3gicas actuales indican una marca de <strong>33\u00b0C<\/strong>, marcando el inicio de una jornada caracterizada por el calor extremo y cielos cubiertos en la regi\u00f3n.<\/p>\n<h2>\u00bfCu\u00e1l ser\u00e1 la temperatura m\u00e1xima hoy?<\/h2>\n<p>El term\u00f3metro alcanzar\u00e1 niveles sofocantes durante la tarde, llegando a una m\u00e1xima de <strong>41\u00b0C<\/strong>, mientras que la m\u00ednima no bajar\u00e1 de los <strong>29\u00b0C<\/strong>. Debido a las caracter\u00edsticas atmosf\u00e9ricas, la sensaci\u00f3n t\u00e9rmica se ubica actualmente en <strong>36\u00b0C<\/strong>.<\/p>\n<p>La humedad relativa en el ambiente se mantiene en un <strong>49%<\/strong>, factor que intensifica el bochorno generalizado. A lo largo del d\u00eda, los valores t\u00e9rmicos experimentar\u00e1n pocas variaciones a la baja, manteniendo un entorno agobiante hasta entrada la noche tabasque\u00f1a.<\/p>\n<h2>\u00bfHabr\u00e1 presencia de lluvias en el municipio?<\/h2>\n<p>A pesar de la densa cobertura en la b\u00f3veda celeste, las probabilidades de precipitaciones son pr\u00e1cticamente nulas para esta localidad. El reporte del tiempo descarta aguaceros significativos, consolidando un escenario seco que potenciar\u00e1 la percepci\u00f3n de aridez urbana.<\/p>\n<p>El panorama a\u00e9reo estar\u00e1 dominado por una condici\u00f3n muy nubosa constante. Simult\u00e1neamente, se registrar\u00e1n corrientes de aire sostenidas con velocidades de <strong>5<\/strong> m\/s, brisas ligeras que ofrecer\u00e1n un m\u00ednimo alivio frente a las inclemencias del sofocante entorno local.<\/p>\n<div style=\"background:linear-gradient(135deg,#0c1929 0%,#1a365d 50%,#234e82 100%);border-radius:12px;font-family:-apple-system,BlinkMacSystemFont,'Segoe UI',Roboto,sans-serif;margin:1rem 0;overflow:hidden;box-shadow:0 4px 20px rgba(0,0,0,0.25);\">\n<div style=\"display:flex;align-items:stretch;\">\n<div style=\"flex:1;padding:16px 20px;border-right:1px solid rgba(255,255,255,0.1);\">\n<p>Clima hoy<\/p>\n<p>C\u00e1rdenas<\/p>\n<p>33<span style=\"font-size:1.5rem;color:rgba(255,255,255,0.7);\">\u00b0C<\/span><\/p>\n<p>muy nuboso<\/p>\n<\/div>\n<\/div>\n<\/div>\n<h2>\u00bfC\u00f3mo estar\u00e1 el tiempo los pr\u00f3ximos d\u00edas?<\/h2>\n<p>El pron\u00f3stico extendido para esta zona de Tabasco muestra las siguientes proyecciones:<\/p>\n<p><strong>Mi\u00e9rcoles 20 de mayo de 2026<\/strong><br \/>Se prev\u00e9 una m\u00e1xima de <strong>40\u00b0C<\/strong> y m\u00ednima de <strong>26\u00b0C<\/strong>. Habr\u00e1 nubes dispersas con r\u00e1fagas de <strong>4<\/strong> km\/h.<\/p>\n<p><strong>Jueves 21 de mayo de 2026<\/strong><br \/>Los valores oscilar\u00e1n entre <strong>40\u00b0C<\/strong> y <strong>26\u00b0C<\/strong>. El cielo lucir\u00e1 muy nuboso acompa\u00f1ado de ventarrones de <strong>2<\/strong> km\/h.<\/p>\n<p><strong>Viernes 22 de mayo de 2026<\/strong><br \/>El calor repuntar\u00e1 hasta los <strong>42\u00b0C<\/strong> con base en <strong>26\u00b0C<\/strong>. Retornar\u00e1n las nubes con flujos de <strong>3<\/strong> km\/h.<\/p>\n<p>La tendencia meteorol\u00f3gica indica que la ola c\u00e1lida persistir\u00e1 durante el resto de la semana. Los registros superar\u00e1n consistentemente la barrera de los <strong>40\u00b0C<\/strong>, configurando un patr\u00f3n clim\u00e1tico severo que exige mantener precauciones constantes entre los ciudadanos.<\/p>\n<h2>Medidas preventivas ante el calor extremo<\/h2>\n<p>Especialistas m\u00e9dicos sugieren consumir m\u00e1s de <strong>2<\/strong> litros de l\u00edquidos diarios para evitar cuadros de deshidrataci\u00f3n. Resulta fundamental aplicar protector solar de factor <strong>50<\/strong> y resguardar a sectores vulnerables como infantes o adultos mayores del impacto t\u00e9rmico.\n<\/p>\n<p>Se aconseja limitar la exposici\u00f3n directa a los rayos ultravioleta entre las <strong>11:00<\/strong> y las <strong>16:00<\/strong> horas. Quienes deban salir, necesitar\u00e1n buscar caminar por zonas sombreadas y realizar pausas de <strong>15<\/strong> minutos en espacios ventilados para regular su organismo.\n<\/p>\n<h2>Impacto en la rutina diaria de la poblaci\u00f3n<\/h2>\n<p>Las disciplinas deportivas al aire libre deber\u00e1n reprogramarse hacia horarios matutinos o nocturnos. El intenso calentamiento de las superficies recreativas eleva el riesgo de golpes de calor, haciendo inseguros los entrenamientos f\u00edsicos durante el pico de insolaci\u00f3n.\n<\/p>\n<p>La movilidad urbana podr\u00eda verse alterada por veh\u00edculos averiados a causa del sobrecalentamiento de motores. Adicionalmente, el pavimento caliente desgasta r\u00e1pidamente los neum\u00e1ticos, por lo que se pide a los conductores revisar la presi\u00f3n de sus llantas antes de rodar.\n<\/p>\n<h2>Sugerencias de vestimenta y accesorios<\/h2>\n<p>Para sobrellevar este entorno abrumador, la elecci\u00f3n de prendas resulta clave. Utilizar ropa holgada confeccionada con fibras naturales como el algod\u00f3n o lino, preferentemente en tonos claros, ayudar\u00e1 significativamente a reflejar la radiaci\u00f3n y mantener la frescura.\n<\/p>\n<p>Al abandonar el hogar, es indispensable portar una botella t\u00e9rmica con agua fr\u00eda. Complementar el atuendo con sombreros de ala ancha, gafas oscuras con filtro UV y una sombrilla port\u00e1til constituir\u00e1 la mejor barrera de defensa contra las inclemencias del astro rey.\n<\/p>\n<h2>Reporte de calidad del aire y alertas<\/h2>\n<p>El \u00cdndice de Calidad del Aire marca un nivel <strong>2<\/strong>, considerado como aceptable y apto para la mayor\u00eda de las personas. Los contaminantes muestran concentraciones de <strong>16.7<\/strong> \u00b5g\/m\u00b3 para part\u00edculas PM2.5 y <strong>18.5<\/strong> \u00b5g\/m\u00b3 en PM10, permitiendo respirar sin gran riesgo.\n<\/p>\n<p>Para mantenerse actualizado sobre posibles declaratorias de emergencia, se exhorta a monitorear los boletines del Servicio Meteorol\u00f3gico Nacional. Asimismo, las redes del Instituto de Protecci\u00f3n Civil del Estado emitir\u00e1n avisos oportunos si las condiciones empeoraran.<br \/>\n<\/p>\n<p><h3 style=\"margin-bottom:10px;font-family:Arial,sans-serif;\"\/>\n    <iframe src=\"https:\/\/openweathermap.org\/weathermap?basemap=map&amp;cities=true&amp;layer=temperature&amp;lat=23.6345&amp;lon=-102.5528&amp;zoom=5\" width=\"100%\" height=\"400\" style=\"border:none;border-radius:8px;\" loading=\"lazy\"><br \/>\n    <\/iframe>\n<\/p>\n<p style=\"font-size:12px;color:#666;margin-top:20px;\"><em>Este art\u00edculo ha sido generado con el apoyo de IA y revisado por un editor. Para m\u00e1s informaci\u00f3n, consulte nuestros t\u00e9rminos y condiciones.<\/em>&#13;<br \/>\n&#13;\n                                <\/p>\n<\/p><\/div>\n<p><script>\n    !function(f,b,e,v,n,t,s)\n    {if(f.fbq)return;n=f.fbq=function(){n.callMethod?\n    n.callMethod.apply(n,arguments):n.queue.push(arguments)};\n    if(!f._fbq)f._fbq=n;n.push=n;n.loaded=!0;n.version='2.0';\n    n.queue=[];t=b.createElement(e);t.async=!0;\n    t.src=v;s=b.getElementsByTagName(e)[0];\n    s.parentNode.insertBefore(t,s)}(window, document,'script',\n    'https:\/\/connect.facebook.net\/en_US\/fbevents.js');\n    fbq('init', '237927003583820');\n    fbq('track', 'PageView');\n  <\/script><script>\n    !function(f,b,e,v,n,t,s)\n    {if(f.fbq)return;n=f.fbq=function(){n.callMethod?\n    n.callMethod.apply(n,arguments):n.queue.push(arguments)};\n    if(!f._fbq)f._fbq=n;n.push=n;n.loaded=!0;n.version='2.0';\n    n.queue=[];t=b.createElement(e);t.async=!0;\n    t.src=v;s=b.getElementsByTagName(e)[0];\n    s.parentNode.insertBefore(t,s)}(window, document,'script',\n    'https:\/\/connect.facebook.net\/en_US\/fbevents.js');\n    fbq('init', '802372280934901');\n    fbq('track', 'PageView');\n    <\/script><br \/>\n<br \/><\/p>\n","protected":false},"excerpt":{"rendered":"<p>Este martes en el municipio de C\u00e1rdenas, Tabasco, se registra un ambiente sumamente c\u00e1lido. Las condiciones meteorol\u00f3gicas actuales indican una marca de 33\u00b0C, marcando el inicio de una jornada caracterizada por el calor extremo y cielos cubiertos en la regi\u00f3n. \u00bfCu\u00e1l ser\u00e1 la temperatura m\u00e1xima hoy? El term\u00f3metro alcanzar\u00e1 niveles sofocantes durante la tarde, llegando [&hellip;]<\/p>\n","protected":false},"author":2,"featured_media":4171,"comment_status":"","ping_status":"","sticky":false,"template":"","format":"standard","meta":{"footnotes":""},"categories":[2],"tags":[],"class_list":["post-4170","post","type-post","status-publish","format-standard","has-post-thumbnail","hentry","category-local"],"_links":{"self":[{"href":"https:\/\/conexion-mx.com\/index.php?rest_route=\/wp\/v2\/posts\/4170","targetHints":{"allow":["GET"]}}],"collection":[{"href":"https:\/\/conexion-mx.com\/index.php?rest_route=\/wp\/v2\/posts"}],"about":[{"href":"https:\/\/conexion-mx.com\/index.php?rest_route=\/wp\/v2\/types\/post"}],"author":[{"embeddable":true,"href":"https:\/\/conexion-mx.com\/index.php?rest_route=\/wp\/v2\/users\/2"}],"replies":[{"embeddable":true,"href":"https:\/\/conexion-mx.com\/index.php?rest_route=%2Fwp%2Fv2%2Fcomments&post=4170"}],"version-history":[{"count":0,"href":"https:\/\/conexion-mx.com\/index.php?rest_route=\/wp\/v2\/posts\/4170\/revisions"}],"wp:featuredmedia":[{"embeddable":true,"href":"https:\/\/conexion-mx.com\/index.php?rest_route=\/wp\/v2\/media\/4171"}],"wp:attachment":[{"href":"https:\/\/conexion-mx.com\/index.php?rest_route=%2Fwp%2Fv2%2Fmedia&parent=4170"}],"wp:term":[{"taxonomy":"category","embeddable":true,"href":"https:\/\/conexion-mx.com\/index.php?rest_route=%2Fwp%2Fv2%2Fcategories&post=4170"},{"taxonomy":"post_tag","embeddable":true,"href":"https:\/\/conexion-mx.com\/index.php?rest_route=%2Fwp%2Fv2%2Ftags&post=4170"}],"curies":[{"name":"wp","href":"https:\/\/api.w.org\/{rel}","templated":true}]}}