{"id":4174,"date":"2026-05-19T04:28:55","date_gmt":"2026-05-19T09:28:55","guid":{"rendered":"https:\/\/conexion-mx.com\/?p=4174"},"modified":"2026-05-19T04:28:55","modified_gmt":"2026-05-19T09:28:55","slug":"clima-en-tampico-hoy-martes-19-de-mayo-pronostico-del-tiempo-temperatura-maxima-lluvias-ligeras-y-calidad-del-aire-en-tamaulipas","status":"publish","type":"post","link":"https:\/\/conexion-mx.com\/?p=4174","title":{"rendered":"Clima en Tampico hoy martes 19 de mayo: pron\u00f3stico del tiempo, temperatura m\u00e1xima, lluvias ligeras y calidad del aire en Tamaulipas"},"content":{"rendered":"<p> <br \/>\n<\/p>\n<div>\n<p>Este martes <strong>19<\/strong> de mayo, el puerto de Tampico, Tamaulipas, experimentar\u00e1 condiciones mixtas. El pron\u00f3stico indica un ambiente sumamente caluroso que alcanzar\u00e1 los <strong>38\u00b0C<\/strong>, acompa\u00f1ado de lluvias ligeras durante la jornada y vientos de <strong>3<\/strong> m\/s.<\/p>\n<h2>\u00bfCu\u00e1l ser\u00e1 la temperatura m\u00e1xima hoy en la regi\u00f3n?<\/h2>\n<p>El term\u00f3metro marcar\u00e1 un valor m\u00ednimo de <strong>23\u00b0C<\/strong> al amanecer. Conforme avance la ma\u00f1ana, el calor se intensificar\u00e1 notablemente hasta llegar a su punto m\u00e1ximo de <strong>38\u00b0C<\/strong>, generando un escenario bastante sofocante para los habitantes de la zona conurbada.<\/p>\n<p>A pesar de que los valores t\u00e9rmicos parezcan altos, la sensaci\u00f3n t\u00e9rmica ser\u00e1 de <strong>32\u00b0C<\/strong> debido a los niveles de humedad que rondar\u00e1n el <strong>70%<\/strong>. Este factor atmosf\u00e9rico provocar\u00e1 que el bochorno sea constante, requiriendo especial atenci\u00f3n en la poblaci\u00f3n.<\/p>\n<h2>\u00bfSe esperan precipitaciones en el puerto jaibo?<\/h2>\n<p>Las condiciones del tiempo incluyen aguaceros de baja intensidad con probabilidad del <strong>40%<\/strong>. Estas precipitaciones caer\u00e1n de forma dispersa, aportando un ligero alivio frente al calor, aunque incrementar\u00e1n la pesadez en el ambiente de la zona costera.<\/p>\n<p>En cuanto a la nubosidad, el cielo se mantendr\u00e1 mayormente cubierto, bloqueando parcialmente los rayos solares. Las corrientes de aire soplar\u00e1n de manera suave a <strong>3<\/strong> metros por segundo, lo cual apenas ser\u00e1 perceptible y no ayudar\u00e1 a mitigar el ambiente c\u00e1lido.<\/p>\n<div style=\"background:linear-gradient(135deg,#0c1929 0%,#1a365d 50%,#234e82 100%);border-radius:12px;font-family:-apple-system,BlinkMacSystemFont,'Segoe UI',Roboto,sans-serif;margin:1rem 0;overflow:hidden;box-shadow:0 4px 20px rgba(0,0,0,0.25);\">\n<div style=\"display:flex;align-items:stretch;\">\n<div style=\"flex:1;padding:16px 20px;border-right:1px solid rgba(255,255,255,0.1);\">\n<p>Clima hoy<\/p>\n<p>Tampico<\/p>\n<p>29<span style=\"font-size:1.5rem;color:rgba(255,255,255,0.7);\">\u00b0C<\/span><\/p>\n<p>lluvia ligera<\/p>\n<\/div>\n<\/div>\n<\/div>\n<h2>Pron\u00f3stico extendido para los pr\u00f3ximos d\u00edas<\/h2>\n<p>A continuaci\u00f3n, las condiciones previstas para el resto de la semana:<\/p>\n<p><strong>Mi\u00e9rcoles 20 de mayo de 2026<\/strong><br \/>M\u00e1xima de <strong>34\u00b0C<\/strong> y m\u00ednima de <strong>23\u00b0C<\/strong>, con nubes y vientos de <strong>3<\/strong> km\/h.<\/p>\n<p><strong>Jueves 21 de mayo de 2026<\/strong><br \/>M\u00e1xima de <strong>33\u00b0C<\/strong> y m\u00ednima de <strong>24\u00b0C<\/strong>, nubes dispersas, rachas de <strong>4<\/strong> km\/h.<\/p>\n<p><strong>Viernes 22 de mayo de 2026<\/strong><br \/>M\u00e1xima de <strong>34\u00b0C<\/strong> y m\u00ednima de <strong>22\u00b0C<\/strong>, cielo muy nuboso, brisa de <strong>5<\/strong> km\/h.<\/p>\n<p>La tendencia meteorol\u00f3gica se\u00f1ala que el calor continuar\u00e1 siendo protagonista durante las pr\u00f3ximas <strong>72<\/strong> horas. Los valores m\u00e1ximos se estabilizar\u00e1n sobre los <strong>34\u00b0C<\/strong>, mientras que las ma\u00f1anas conservar\u00e1n registros cercanos a los <strong>23\u00b0C<\/strong> sin tormentas severas.<\/p>\n<h2>Recomendaciones para cuidar tu salud<\/h2>\n<p>Frente a este panorama clim\u00e1tico, los especialistas m\u00e9dicos sugieren beber al menos <strong>2<\/strong> litros de agua purificada. Asimismo, resulta fundamental aplicar protector solar de factor <strong>50<\/strong> cada <strong>4<\/strong> horas para evitar quemaduras d\u00e9rmicas por la radiaci\u00f3n ultravioleta.\n<\/p>\n<p>Se aconseja limitar las salidas a la calle entre las <strong>11:00<\/strong> y las <strong>16:00<\/strong> horas, lapso donde la insolaci\u00f3n es mayor. Si necesitas realizar labores externas, busca siempre la sombra y toma descansos de <strong>15<\/strong> minutos para que tu cuerpo logre regular su temperatura.\n<\/p>\n<h2>Impacto del clima en tu rutina diaria<\/h2>\n<p>Las inclemencias atmosf\u00e9ricas podr\u00edan alterar la pr\u00e1ctica de deportes al aire libre. Es preferible programar los entrenamientos f\u00edsicos antes de las <strong>8:00<\/strong> de la ma\u00f1ana o despu\u00e9s de las <strong>19:00<\/strong> horas, reduciendo as\u00ed el riesgo de sufrir un peligroso golpe de calor.\n<\/p>\n<p>El tr\u00e1fico vehicular fluir\u00e1 con normalidad, aunque las lloviznas espor\u00e1dicas podr\u00edan dejar el pavimento resbaladizo. Se pide a los conductores reducir su velocidad un <strong>20%<\/strong> y mantener una distancia segura de <strong>5<\/strong> metros respecto a otros autom\u00f3viles para evitar choques.\n<\/p>\n<h2>\u00bfQu\u00e9 ropa usar ante este escenario?<\/h2>\n<p>Para hacer frente a los <strong>38\u00b0C<\/strong>, la mejor elecci\u00f3n ser\u00e1 vestir prendas de algod\u00f3n o lino en tonos claros, ya que reflejan la luz solar. Evita telas sint\u00e9ticas pesadas que retengan la humedad corporal y opta por calzado abierto que permita una adecuada ventilaci\u00f3n.\n<\/p>\n<p>Al abandonar tu hogar, no olvides empacar un paraguas compacto que servir\u00e1 tanto para los chubascos como para darte sombra. Adicionalmente, llevar gafas oscuras con filtro UV y una botella t\u00e9rmica de <strong>1<\/strong> litro garantizar\u00e1 tu confort durante los trayectos diarios.\n<\/p>\n<h2>Calidad del aire y fuentes oficiales<\/h2>\n<p>Afortunadamente, el \u00cdndice de Calidad del Aire marca un nivel <strong>1<\/strong>, clasificado como buena. Las part\u00edculas PM2.5 registran <strong>7.1<\/strong> \u00b5g\/m\u00b3, y las PM10 est\u00e1n en <strong>9.0<\/strong> \u00b5g\/m\u00b3, creando un entorno ideal para respirar sin preocupaciones durante tus actividades fuera de casa.\n<\/p>\n<p>Mantente informado sobre cualquier cambio repentino siguiendo las redes sociales de Protecci\u00f3n Civil. Consultar los boletines del Servicio Meteorol\u00f3gico Nacional cada <strong>12<\/strong> horas te permitir\u00e1 anticipar emergencias y planificar tus compromisos diarios con seguridad.<br \/>\n<\/p>\n<p><h3 style=\"margin-bottom:10px;font-family:Arial,sans-serif;\"\/>\n    <iframe src=\"https:\/\/openweathermap.org\/weathermap?basemap=map&amp;cities=true&amp;layer=temperature&amp;lat=23.6345&amp;lon=-102.5528&amp;zoom=5\" width=\"100%\" height=\"400\" style=\"border:none;border-radius:8px;\" loading=\"lazy\"><br \/>\n    <\/iframe>\n<\/p>\n<p style=\"font-size:12px;color:#666;margin-top:20px;\"><em>Este art\u00edculo ha sido generado con el apoyo de IA y revisado por un editor. Para m\u00e1s informaci\u00f3n, consulte nuestros t\u00e9rminos y condiciones.<\/em>&#13;<br \/>\n&#13;\n                                <\/p>\n<\/p><\/div>\n<p><script>\n    !function(f,b,e,v,n,t,s)\n    {if(f.fbq)return;n=f.fbq=function(){n.callMethod?\n    n.callMethod.apply(n,arguments):n.queue.push(arguments)};\n    if(!f._fbq)f._fbq=n;n.push=n;n.loaded=!0;n.version='2.0';\n    n.queue=[];t=b.createElement(e);t.async=!0;\n    t.src=v;s=b.getElementsByTagName(e)[0];\n    s.parentNode.insertBefore(t,s)}(window, document,'script',\n    'https:\/\/connect.facebook.net\/en_US\/fbevents.js');\n    fbq('init', '237927003583820');\n    fbq('track', 'PageView');\n  <\/script><script>\n    !function(f,b,e,v,n,t,s)\n    {if(f.fbq)return;n=f.fbq=function(){n.callMethod?\n    n.callMethod.apply(n,arguments):n.queue.push(arguments)};\n    if(!f._fbq)f._fbq=n;n.push=n;n.loaded=!0;n.version='2.0';\n    n.queue=[];t=b.createElement(e);t.async=!0;\n    t.src=v;s=b.getElementsByTagName(e)[0];\n    s.parentNode.insertBefore(t,s)}(window, document,'script',\n    'https:\/\/connect.facebook.net\/en_US\/fbevents.js');\n    fbq('init', '802372280934901');\n    fbq('track', 'PageView');\n    <\/script><br \/>\n<br \/><\/p>\n","protected":false},"excerpt":{"rendered":"<p>Este martes 19 de mayo, el puerto de Tampico, Tamaulipas, experimentar\u00e1 condiciones mixtas. El pron\u00f3stico indica un ambiente sumamente caluroso que alcanzar\u00e1 los 38\u00b0C, acompa\u00f1ado de lluvias ligeras durante la jornada y vientos de 3 m\/s. \u00bfCu\u00e1l ser\u00e1 la temperatura m\u00e1xima hoy en la regi\u00f3n? El term\u00f3metro marcar\u00e1 un valor m\u00ednimo de 23\u00b0C al amanecer. [&hellip;]<\/p>\n","protected":false},"author":4,"featured_media":4175,"comment_status":"","ping_status":"","sticky":false,"template":"","format":"standard","meta":{"footnotes":""},"categories":[33],"tags":[],"class_list":["post-4174","post","type-post","status-publish","format-standard","has-post-thumbnail","hentry","category-cultura"],"_links":{"self":[{"href":"https:\/\/conexion-mx.com\/index.php?rest_route=\/wp\/v2\/posts\/4174","targetHints":{"allow":["GET"]}}],"collection":[{"href":"https:\/\/conexion-mx.com\/index.php?rest_route=\/wp\/v2\/posts"}],"about":[{"href":"https:\/\/conexion-mx.com\/index.php?rest_route=\/wp\/v2\/types\/post"}],"author":[{"embeddable":true,"href":"https:\/\/conexion-mx.com\/index.php?rest_route=\/wp\/v2\/users\/4"}],"replies":[{"embeddable":true,"href":"https:\/\/conexion-mx.com\/index.php?rest_route=%2Fwp%2Fv2%2Fcomments&post=4174"}],"version-history":[{"count":0,"href":"https:\/\/conexion-mx.com\/index.php?rest_route=\/wp\/v2\/posts\/4174\/revisions"}],"wp:featuredmedia":[{"embeddable":true,"href":"https:\/\/conexion-mx.com\/index.php?rest_route=\/wp\/v2\/media\/4175"}],"wp:attachment":[{"href":"https:\/\/conexion-mx.com\/index.php?rest_route=%2Fwp%2Fv2%2Fmedia&parent=4174"}],"wp:term":[{"taxonomy":"category","embeddable":true,"href":"https:\/\/conexion-mx.com\/index.php?rest_route=%2Fwp%2Fv2%2Fcategories&post=4174"},{"taxonomy":"post_tag","embeddable":true,"href":"https:\/\/conexion-mx.com\/index.php?rest_route=%2Fwp%2Fv2%2Ftags&post=4174"}],"curies":[{"name":"wp","href":"https:\/\/api.w.org\/{rel}","templated":true}]}}