{"id":4176,"date":"2026-05-19T09:03:09","date_gmt":"2026-05-19T14:03:09","guid":{"rendered":"https:\/\/conexion-mx.com\/?p=4176"},"modified":"2026-05-19T09:03:09","modified_gmt":"2026-05-19T14:03:09","slug":"quien-es-jonathan-andic-hijo-de-isak-andic-fundador-de-mango","status":"publish","type":"post","link":"https:\/\/conexion-mx.com\/?p=4176","title":{"rendered":"\u00bfQui\u00e9n es Jonathan Andic, hijo de Isak Andic, fundador de Mango?"},"content":{"rendered":"<p> <br \/>\n<\/p>\n<div>\n<p>El nombre de Jonathan Andic se volvi\u00f3 tendencia la madrugada por su detenci\u00f3n y a quien est\u00e1 siendo investigado por la muerte de su padre Isak Andic, el fundador de Mango, quien falleci\u00f3 en diciembre de 2024 mientras paseaban juntos y cay\u00f3 de una monta\u00f1a. Este 2026 el caso dio un giro inesperado cuando de accidente, pas\u00f3 a considerarse al hijo mayor como el principal sospechoso, aunque \u00e9l ha defendido su inocencia.\u00a0<\/p>\n<p>Tras el revuelo que caus\u00f3 despu\u00e9s de que se confirmara la detenci\u00f3n a manos de la polic\u00eda catalana, existen muchas dudas sobre qui\u00e9n es el empresario, as\u00ed como de cu\u00e1l fue la relaci\u00f3n que mantuvo con su padre. Aqu\u00ed te contamos todo lo que se sabe tanto del caso, como de la vida personal del empresario, a quien desde el 2018 se le se\u00f1al\u00f3 por no tener la mejor relaci\u00f3n con el fallecido Isak Andic por cuestiones relacionadas a la empresa.\u00a0<\/p>\n<aside class=\"htmlinline\"\/>\n<p>Jonathan Andic sigui\u00f3 los pasos de su padre dentro de la industria de la moda y el dise\u00f1o, pero antes de llegar a esta parte, conviene recordar que \u00e9l es el hijo mayor de Isak y Neus Raig, por lo que tambi\u00e9n era el heredero de Mango, hasta que p\u00e9rdidas millonarias de la empresa durante su gesti\u00f3n lo llevaron a ser separado de la direcci\u00f3n de la empresa.\u00a0<\/p>\n<p>Adem\u00e1s del hoy detenido, se sabe que el matrimonio tuvo otras dos hijas, Judith y Sarah; en cuanto a sus inicios dentro de la empresa familiar, se sabe que tienen origen desde que inici\u00f3 sus estudios en Comunicaci\u00f3n Audiovisual en Estados Unidos y un m\u00e1ster para directivos en IESE Business School.\u00a0<\/p>\n<p>Su ingreso a Mango se di\u00f3 en 2005 y para el 2007 comenz\u00f3 con la direcci\u00f3n de Mango Man, un nuevo proyecto dirigido completamente a los hombres; actualmente \u00e9l es el \u00fanico de los hijos de Isak que contin\u00faa dentro de la empresa como vicepresidente.\u00a0<\/p>\n<p>Jonathan estuvo al frente de Mango por cuatro a\u00f1os, durante el periodo de 2014 y 2018, mismo que enfrent\u00f3 por complicaciones de p\u00e9rdidas millonarias antes de que su padre, Andic, regresara de su descanso para volverse a colocar al frente de la compa\u00f1\u00eda.\u00a0<\/p>\n<h2>Detienen a Jonathan Andic por la muerte de su padre, fundador de Mango<\/h2>\n<p>La polic\u00eda catalana detuvo este martes a Jonathan Andic, hijo del fundador de Mango Isak Andic, quien est\u00e1 siendo investigado por la muerte de su padre tras caerse por una monta\u00f1a cuando paseaban juntos en diciembre de 2024.<\/p>\n<p>La causa por el fallecimiento de Isak Andic, que se consider\u00f3 inicialmente como un accidente, dio varios giros hasta la detenci\u00f3n de Jonathan, quien siempre ha defendido su inocencia.&#13;<br \/>\n&#13;\n<\/p>\n<p>Tras su arresto, el hijo del empresario, de 45 a\u00f1os, fue conducido desde comisar\u00eda para declarar ante la magistrada en los juzgados de Martorell, adonde lleg\u00f3 pasado el mediod\u00eda esposado y custodiado por la polic\u00eda, constataron periodistas de la AFP.&#13;<br \/>\n&#13;\n<\/p>\n<p>La causa, de momento, est\u00e1 declarada secreta, seg\u00fan indic\u00f3 el Tribunal Superior de Justicia de Catalu\u00f1a.&#13;<br \/>\n&#13;\n<\/p>\n<p>Fuentes de la familia afirmaron tener un convencimiento \u00ababsoluto\u00bb de la inocencia de Jonathan Andic y aseguraron que \u00abno existen ni se hallar\u00e1n pruebas de cargo leg\u00edtimas contra \u00e9l\u00bb.&#13;<br \/>\n&#13;\n<\/p>\n<p>En este sentido, se mostraron \u00abseguros de que el desarrollo de las diligencias as\u00ed lo demostrar\u00e1\u00bb, y pidieron que \u00abse respete el principio de presunci\u00f3n de inocencia\u00bb.&#13;<br \/>\n&#13;\n<\/p>\n<p>Isak Andic, que cre\u00f3 de la nada una de las mayores firmas de moda del mundo, se precipit\u00f3 al vac\u00edo el 14 diciembre de 2024 mientras hac\u00eda senderismo en un conocido lugar de monta\u00f1a, a las afueras de Barcelona. Ten\u00eda 71 a\u00f1os.&#13;<br \/>\n&#13;\n<\/p>\n<p>Jonathan, el mayor de sus tres hijos, era la \u00fanica persona que lo acompa\u00f1aba en aquel paseo.&#13;<br \/>\n&#13;\n<\/p>\n<p>Con informaci\u00f3n de AFP.&#13;<br \/>\n&#13;<br \/>\n&#13;\n                                <\/p>\n<\/p><\/div>\n<p><script>\n    !function(f,b,e,v,n,t,s)\n    {if(f.fbq)return;n=f.fbq=function(){n.callMethod?\n    n.callMethod.apply(n,arguments):n.queue.push(arguments)};\n    if(!f._fbq)f._fbq=n;n.push=n;n.loaded=!0;n.version='2.0';\n    n.queue=[];t=b.createElement(e);t.async=!0;\n    t.src=v;s=b.getElementsByTagName(e)[0];\n    s.parentNode.insertBefore(t,s)}(window, document,'script',\n    'https:\/\/connect.facebook.net\/en_US\/fbevents.js');\n    fbq('init', '237927003583820');\n    fbq('track', 'PageView');\n  <\/script><br \/>\n<br \/><\/p>\n","protected":false},"excerpt":{"rendered":"<p>El nombre de Jonathan Andic se volvi\u00f3 tendencia la madrugada por su detenci\u00f3n y a quien est\u00e1 siendo investigado por la muerte de su padre Isak Andic, el fundador de Mango, quien falleci\u00f3 en diciembre de 2024 mientras paseaban juntos y cay\u00f3 de una monta\u00f1a. Este 2026 el caso dio un giro inesperado cuando de [&hellip;]<\/p>\n","protected":false},"author":2,"featured_media":4177,"comment_status":"","ping_status":"","sticky":false,"template":"","format":"standard","meta":{"footnotes":""},"categories":[2],"tags":[],"class_list":["post-4176","post","type-post","status-publish","format-standard","has-post-thumbnail","hentry","category-local"],"_links":{"self":[{"href":"https:\/\/conexion-mx.com\/index.php?rest_route=\/wp\/v2\/posts\/4176","targetHints":{"allow":["GET"]}}],"collection":[{"href":"https:\/\/conexion-mx.com\/index.php?rest_route=\/wp\/v2\/posts"}],"about":[{"href":"https:\/\/conexion-mx.com\/index.php?rest_route=\/wp\/v2\/types\/post"}],"author":[{"embeddable":true,"href":"https:\/\/conexion-mx.com\/index.php?rest_route=\/wp\/v2\/users\/2"}],"replies":[{"embeddable":true,"href":"https:\/\/conexion-mx.com\/index.php?rest_route=%2Fwp%2Fv2%2Fcomments&post=4176"}],"version-history":[{"count":0,"href":"https:\/\/conexion-mx.com\/index.php?rest_route=\/wp\/v2\/posts\/4176\/revisions"}],"wp:featuredmedia":[{"embeddable":true,"href":"https:\/\/conexion-mx.com\/index.php?rest_route=\/wp\/v2\/media\/4177"}],"wp:attachment":[{"href":"https:\/\/conexion-mx.com\/index.php?rest_route=%2Fwp%2Fv2%2Fmedia&parent=4176"}],"wp:term":[{"taxonomy":"category","embeddable":true,"href":"https:\/\/conexion-mx.com\/index.php?rest_route=%2Fwp%2Fv2%2Fcategories&post=4176"},{"taxonomy":"post_tag","embeddable":true,"href":"https:\/\/conexion-mx.com\/index.php?rest_route=%2Fwp%2Fv2%2Ftags&post=4176"}],"curies":[{"name":"wp","href":"https:\/\/api.w.org\/{rel}","templated":true}]}}