{"id":4180,"date":"2026-05-19T17:19:01","date_gmt":"2026-05-19T22:19:01","guid":{"rendered":"https:\/\/conexion-mx.com\/?p=4180"},"modified":"2026-05-19T17:19:01","modified_gmt":"2026-05-19T22:19:01","slug":"joel-huiqui-vs-efrain-juarez-primera-final-entre-mexicanos-en-la-liga-mx-en-13-anos","status":"publish","type":"post","link":"https:\/\/conexion-mx.com\/?p=4180","title":{"rendered":"Joel Huiqui vs Efra\u00edn Ju\u00e1rez, primera final entre mexicanos en la Liga MX en 13 a\u00f1os"},"content":{"rendered":"<p> <br \/>\n<\/p>\n<div>\n<p>Los <strong>Pumas<\/strong> <strong>de la<\/strong> <strong>UNAM<\/strong> y <strong>Cruz<\/strong> <strong>Azul<\/strong> no solo protagonizar\u00e1n una de las finales m\u00e1s anticipadas del futbol mexicano, tambi\u00e9n ofrecer\u00e1n un choque inusual entre entrenadores nacionales en la pelea por el t\u00edtulo.<\/p>\n<p><strong>Efra\u00edn<\/strong> <strong>Ju\u00e1rez<\/strong> y <strong>Joel<\/strong> <strong>Huiqui<\/strong> se enfrentar\u00e1n por primera vez como entrenadores y ser\u00e1 en un escenario especial, buscando conquistar su primer campeonato en <strong>M\u00e9xico<\/strong>.<\/p>\n<aside class=\"htmlinline\"\/>\n<p>Con este duelo, ser\u00e1 la primera ocasi\u00f3n en 13 a\u00f1os que dos entrenadores mexicanos se enfrenten en una final de la <strong>Liga<\/strong> <strong>MX<\/strong>.<\/p>\n<p>La \u00faltima vez ocurri\u00f3 en el <strong>Clausura<\/strong> <strong>2013<\/strong>, cuando el <strong>Am\u00e9rica<\/strong> de <strong>Miguel<\/strong> <strong>Herrera<\/strong> le arrebat\u00f3 la copa a <strong>Cruz<\/strong> <strong>Azul<\/strong>, dirigido por <strong>Memo<\/strong> <strong>V\u00e1zquez<\/strong>, en una dram\u00e1tica serie que se defini\u00f3 en penales y que es recordada por el autogol de Alejandro Castro tras el remate de <strong>Mois\u00e9s<\/strong> <strong>Mu\u00f1oz<\/strong>.<\/p>\n<p>Las finales entre entrenadores mexicanos no han sido habituales en la <strong>Liga<\/strong> <strong>MX<\/strong> desde la instauraci\u00f3n de los torneos cortos.<\/p>\n<p>La primera ocasi\u00f3n ocurri\u00f3 en el Invierno 1996 entre Santos, dirigido por <strong>Alfredo<\/strong> <strong>Tena<\/strong>, y Necaxa, comandado por <strong>Manuel<\/strong> <strong>Lapuente<\/strong>.<\/p>\n<p>Incluso, el \u00faltimo t\u00edtulo de <strong>Pumas<\/strong> lleg\u00f3 en una final entre estrategas nacionales, luego de que Memo V\u00e1zquez derrot\u00f3 a Tom\u00e1s Boy, al frente de Monarcas Morelia, en el Clausura 2011.<\/p>\n<p>Otro antecedente favorable para los universitarios ocurri\u00f3 en el Apertura 2004, cuando Hugo S\u00e1nchez conquist\u00f3 el trofeo tras derrotar al Monterrey de <strong>Miguel<\/strong> <strong>Herrera<\/strong>.&#13;<br \/>\n&#13;\n<\/p>\n<p>Por su parte, <strong>Cruz<\/strong> <strong>Azul<\/strong> tiene antecedentes negativos, ya que acumula cuatro finales perdidas en duelos entre entrenadores mexicanos.&#13;<br \/>\n&#13;\n<\/p>\n<p>Estas ocurrieron en el Invierno 1999, cuando el Pachuca de Javier Aguirre derrot\u00f3 a Luis Fernando Tena; en el Apertura 2008, cuando el Toluca de Jos\u00e9 Manuel de la Torre venci\u00f3 al equipo dirigido por Benjam\u00edn Galindo; y en el Apertura 2009, cuando V\u00edctor Manuel Vucetich, con Monterrey, super\u00f3 al Cruz Azul de Enrique Meza. A ello se suma la mencionada final de 2013.&#13;<br \/>\n&#13;\n<\/p>\n<p>Con estos antecedentes, la final tendr\u00e1 un ingrediente especial para ambos t\u00e9cnicos, ya que alguno romper\u00e1 la sequ\u00eda de seis a\u00f1os sin t\u00edtulos para entrenadores mexicanos, luego de la conquista de Ignacio Ambriz con Le\u00f3n en 2020.&#13;<br \/>\n&#13;\n<\/p>\n<h3>N\u00fameros<\/h3>\n<ul>&#13;<\/p>\n<li>15 finales se han disputado entre entrenadores mexicanos.<\/li>\n<p>&#13;<\/p>\n<li>2 t\u00edtulos como entrenador suma Efra\u00edn Ju\u00e1rez.<\/li>\n<p>&#13;\n<\/ul>\n<h3>Claves<\/h3>\n<ul>&#13;<\/p>\n<li>*Ra\u00fal Arias, Fernando Quirarte, Daniel Guzm\u00e1n y Jos\u00e9 Luis Trejo tambi\u00e9n han disputado finales entre entrenadores mexicanos.<\/li>\n<p>&#13;\n<\/ul>\n<h3>Todas las finales en torneos cortos\u00a0<\/h3>\n<p>* Invierno 1996: Santos (Alfredo Tena) 4-3 Necaxa (Manuel Lapuente)<br \/>&#13;<br \/>\n* Verano 1998: Toluca (Enrique Meza) 6-4 Necaxa (Ra\u00fal Arias)<br \/>&#13;<br \/>\n* Invierno 1999: Pachuca (Javier Aguirre) 3-2 Cruz Azul (Luis Fernando Tena)<br \/>&#13;<br \/>\n* Verano 2000: Toluca (Enrique Meza) 7-1 Santos (Fernando Quirarte)<br \/>&#13;<br \/>\n* Verano 2001: Santos (Fernando Quirarte) 4-3 Pachuca (Javier Aguirre)<br \/>&#13;<br \/>\n* Verano 2002: Am\u00e9rica (Manuel Lapuente) 3-2 Necaxa (Ra\u00fal Arias)<br \/>&#13;<br \/>\n* Apertura 2004: Pumas (Hugo S\u00e1nchez) 3-1 Monterrey (Miguel Herrera)<br \/>&#13;<br \/>\n* Clausura 2005: Am\u00e9rica (Mario Carrillo) 7-4 Tecos (Daniel Guzm\u00e1n)<br \/>&#13;<br \/>\n* Clausura 2006: Pachuca (Jos\u00e9 Luis Trejo) 1-0 San Luis (Ra\u00fal Arias)<br \/>&#13;<br \/>\n* Clausura 2007: Pachuca (Enrique Meza) 3-2 Am\u00e9rica (Luis Fernando Tena)<br \/>&#13;<br \/>\n* Apertura 2008: Toluca (Jos\u00e9 Manuel de la Torre) 2-2 (penales 7-6) Cruz Azul (Benjam\u00edn Galindo)<br \/>&#13;<br \/>\n* Apertura 2009: Monterrey (V\u00edctor Manuel Vucetich) 6-4 Cruz Azul (Enrique Meza)<br \/>&#13;<br \/>\n* Clausura 2011: Pumas (Guillermo V\u00e1zquez) 3-2 Morelia (Tom\u00e1s Boy)<br \/>&#13;<br \/>\n* Clausura 2012: Santos (Benjam\u00edn Galindo) 3-2 Monterrey (V\u00edctor Manuel Vucetich)<br \/>&#13;<br \/>\n* Clausura 2013: Am\u00e9rica (Miguel Herrera) 2-2 (penales 4-2) Cruz Azul (Guillermo V\u00e1zquez)<br \/>&#13;<br \/>\n* Clausura 2026: Pumas (Efra\u00edn Ju\u00e1rez) vs. Cruz Azul (Joel Huiqui)&#13;<br \/>\n&#13;<br \/>\n&#13;\n                                <\/p>\n<\/p><\/div>\n<p><script>\n    !function(f,b,e,v,n,t,s)\n    {if(f.fbq)return;n=f.fbq=function(){n.callMethod?\n    n.callMethod.apply(n,arguments):n.queue.push(arguments)};\n    if(!f._fbq)f._fbq=n;n.push=n;n.loaded=!0;n.version='2.0';\n    n.queue=[];t=b.createElement(e);t.async=!0;\n    t.src=v;s=b.getElementsByTagName(e)[0];\n    s.parentNode.insertBefore(t,s)}(window, document,'script',\n    'https:\/\/connect.facebook.net\/en_US\/fbevents.js');\n    fbq('init', '237927003583820');\n    fbq('track', 'PageView');\n  <\/script><br \/>\n<br \/><\/p>\n","protected":false},"excerpt":{"rendered":"<p>Los Pumas de la UNAM y Cruz Azul no solo protagonizar\u00e1n una de las finales m\u00e1s anticipadas del futbol mexicano, tambi\u00e9n ofrecer\u00e1n un choque inusual entre entrenadores nacionales en la pelea por el t\u00edtulo. Efra\u00edn Ju\u00e1rez y Joel Huiqui se enfrentar\u00e1n por primera vez como entrenadores y ser\u00e1 en un escenario especial, buscando conquistar su [&hellip;]<\/p>\n","protected":false},"author":2,"featured_media":4181,"comment_status":"","ping_status":"","sticky":false,"template":"","format":"standard","meta":{"footnotes":""},"categories":[2],"tags":[],"class_list":["post-4180","post","type-post","status-publish","format-standard","has-post-thumbnail","hentry","category-local"],"_links":{"self":[{"href":"https:\/\/conexion-mx.com\/index.php?rest_route=\/wp\/v2\/posts\/4180","targetHints":{"allow":["GET"]}}],"collection":[{"href":"https:\/\/conexion-mx.com\/index.php?rest_route=\/wp\/v2\/posts"}],"about":[{"href":"https:\/\/conexion-mx.com\/index.php?rest_route=\/wp\/v2\/types\/post"}],"author":[{"embeddable":true,"href":"https:\/\/conexion-mx.com\/index.php?rest_route=\/wp\/v2\/users\/2"}],"replies":[{"embeddable":true,"href":"https:\/\/conexion-mx.com\/index.php?rest_route=%2Fwp%2Fv2%2Fcomments&post=4180"}],"version-history":[{"count":0,"href":"https:\/\/conexion-mx.com\/index.php?rest_route=\/wp\/v2\/posts\/4180\/revisions"}],"wp:featuredmedia":[{"embeddable":true,"href":"https:\/\/conexion-mx.com\/index.php?rest_route=\/wp\/v2\/media\/4181"}],"wp:attachment":[{"href":"https:\/\/conexion-mx.com\/index.php?rest_route=%2Fwp%2Fv2%2Fmedia&parent=4180"}],"wp:term":[{"taxonomy":"category","embeddable":true,"href":"https:\/\/conexion-mx.com\/index.php?rest_route=%2Fwp%2Fv2%2Fcategories&post=4180"},{"taxonomy":"post_tag","embeddable":true,"href":"https:\/\/conexion-mx.com\/index.php?rest_route=%2Fwp%2Fv2%2Ftags&post=4180"}],"curies":[{"name":"wp","href":"https:\/\/api.w.org\/{rel}","templated":true}]}}