{"id":4182,"date":"2026-05-20T01:19:44","date_gmt":"2026-05-20T06:19:44","guid":{"rendered":"https:\/\/conexion-mx.com\/?p=4182"},"modified":"2026-05-20T01:19:44","modified_gmt":"2026-05-20T06:19:44","slug":"fiesta-cultural-en-bellas-artes-alas-y-raices-celebra-30-anos","status":"publish","type":"post","link":"https:\/\/conexion-mx.com\/?p=4182","title":{"rendered":"Fiesta cultural en Bellas Artes: Alas y Ra\u00edces celebra 30 a\u00f1os"},"content":{"rendered":"<p> <br \/>\n<\/p>\n<div>\n<p><strong>La\u00a0Secretar\u00eda de Cultura\u00a0<\/strong>celebrar\u00e1 el pr\u00f3ximo <strong>23 de mayo los 30 a\u00f1os del programa\u00a0Alas y Ra\u00edce<\/strong>s\u00a0con una jornada especial de actividades gratuitas dirigidas a <strong>beb\u00e9s, ni\u00f1as, ni\u00f1os, adolescentes y familias en el\u00a0Palacio de Bellas Artes.<\/strong><\/p>\n<p><strong>Desde 1996<\/strong>, el programa ha impulsado espacios donde el <strong>arte, el juego, la lectura y la imaginaci\u00f3n <\/strong>forman parte del desarrollo cultural de las infancias y adolescencias en el pa\u00eds.<\/p>\n<aside class=\"htmlinline\"\/>\n<h2>Talleres, narraciones y lectura formar\u00e1n parte de la celebraci\u00f3n<\/h2>\n<p>La programaci\u00f3n incluir\u00e1<strong> talleres de artes pl\u00e1sticas, cartoner\u00eda, m\u00e1scaras y actividades creativas para distintas edades.<\/strong><\/p>\n<p>Tambi\u00e9n habr\u00e1 narraciones orales acompa\u00f1adas de m\u00fasica, inspiradas en tradiciones y mitolog\u00edas de pueblos originarios, adem\u00e1s de una <strong>Sala de Lectura Alas y Ra\u00edces <\/strong>enfocada en la convivencia y exploraci\u00f3n de historias y libros.<\/p>\n<h2>Instalaciones y poes\u00eda promover\u00e1n participaci\u00f3n colectiva<\/h2>\n<p>Entre las actividades destaca la instalaci\u00f3n participativa \u201cAqu\u00ed estamos\u201d, donde asistentes podr\u00e1n intervenir con dibujos, palabras y expresiones para reflexionar sobre identidad, comunidad y pertenencia.<\/p>\n<p>La escritora\u00a0<strong>Mar\u00eda Jos\u00e9 Ferrada\u00a0<\/strong>participar\u00e1 con los talleres <strong>\u201cHaiku de los amigos\u201d, dirigido a ni\u00f1as y ni\u00f1os, y \u201cFoto Haiku\u201d,<\/strong> enfocado en personas adultas.<\/p>\n<div class=\"image-align-center\">\n<figure class=\"image\"><img loading=\"lazy\" decoding=\"async\" alt=\"\" height=\"400\" src=\"https:\/\/heraldodemexico.com.mx\/u\/fotografias\/m\/2026\/5\/19\/f768x400-1285647_1329550_5050.jpg\" width=\"768\"\/>&#13;<figcaption>Talleres, historias y experiencias para las infancias.\u00a0<\/figcaption>&#13;<br \/>\n<\/figure>\n<\/div>\n<h2>Estrenar\u00e1n obra esc\u00e9nica por aniversario de Alas y Ra\u00edces<\/h2>\n<p>Uno de los momentos principales de la jornada ser\u00e1 el estreno de <strong>\u201cEl vuelo que a\u00falla<\/strong>\u201d, una puesta en escena creada especialmente para conmemorar el <strong>30 aniversario del programa.<\/strong><\/p>\n<p>La obra combinar\u00e1 teatro, m\u00fasica, movimiento y humor para abordar temas relacionados con la<strong> imaginaci\u00f3n, la comunidad y la creaci\u00f3n colectiva.<\/strong>&#13;<br \/>\n&#13;\n<\/p>\n<p>La celebraci\u00f3n concluir\u00e1 con <strong>\u201cARCA\u201d,<\/strong> un recorrido de teatro de calle acompa\u00f1ado de m\u00fasica en vivo y pensado para toda la familia.&#13;<br \/>\n&#13;\n<\/p>\n<p>Adem\u00e1s, en la explanada del <strong>Palacio de Bellas Artes <\/strong>se presentar\u00e1 la exposici\u00f3n fotogr\u00e1fica \u201cAqu\u00ed estoy\u201d, integrada por im\u00e1genes realizadas por ni\u00f1as, ni\u00f1os y adolescentes de las <strong>32 estados\u00a0del pa\u00eds.<\/strong>&#13;<br \/>\n&#13;\n<\/p>\n<h2>Actividades ser\u00e1n gratuitas y con cupo limitado<\/h2>\n<p>Las actividades se realizar\u00e1n de <strong>10:00 a 16:00 horas,<\/strong> mientras que la presentaci\u00f3n de <strong>\u201cEl vuelo que a\u00falla\u201d <\/strong>est\u00e1 programada para las <strong>17:00 horas. <\/strong>&#13;<br \/>\n&#13;\n<\/p>\n<p><strong>La entrada ser\u00e1 gratuita,<\/strong> aunque algunas actividades tendr\u00e1n cupo limitado y requerir\u00e1n registro previo.&#13;<br \/>\n&#13;<br \/>\n&#13;\n                                <\/p>\n<\/p><\/div>\n<p><script>\n    !function(f,b,e,v,n,t,s)\n    {if(f.fbq)return;n=f.fbq=function(){n.callMethod?\n    n.callMethod.apply(n,arguments):n.queue.push(arguments)};\n    if(!f._fbq)f._fbq=n;n.push=n;n.loaded=!0;n.version='2.0';\n    n.queue=[];t=b.createElement(e);t.async=!0;\n    t.src=v;s=b.getElementsByTagName(e)[0];\n    s.parentNode.insertBefore(t,s)}(window, document,'script',\n    'https:\/\/connect.facebook.net\/en_US\/fbevents.js');\n    fbq('init', '237927003583820');\n    fbq('track', 'PageView');\n  <\/script><br \/>\n<br \/><\/p>\n","protected":false},"excerpt":{"rendered":"<p>La\u00a0Secretar\u00eda de Cultura\u00a0celebrar\u00e1 el pr\u00f3ximo 23 de mayo los 30 a\u00f1os del programa\u00a0Alas y Ra\u00edces\u00a0con una jornada especial de actividades gratuitas dirigidas a beb\u00e9s, ni\u00f1as, ni\u00f1os, adolescentes y familias en el\u00a0Palacio de Bellas Artes. Desde 1996, el programa ha impulsado espacios donde el arte, el juego, la lectura y la imaginaci\u00f3n forman parte del desarrollo [&hellip;]<\/p>\n","protected":false},"author":2,"featured_media":4183,"comment_status":"","ping_status":"","sticky":false,"template":"","format":"standard","meta":{"footnotes":""},"categories":[2],"tags":[],"class_list":["post-4182","post","type-post","status-publish","format-standard","has-post-thumbnail","hentry","category-local"],"_links":{"self":[{"href":"https:\/\/conexion-mx.com\/index.php?rest_route=\/wp\/v2\/posts\/4182","targetHints":{"allow":["GET"]}}],"collection":[{"href":"https:\/\/conexion-mx.com\/index.php?rest_route=\/wp\/v2\/posts"}],"about":[{"href":"https:\/\/conexion-mx.com\/index.php?rest_route=\/wp\/v2\/types\/post"}],"author":[{"embeddable":true,"href":"https:\/\/conexion-mx.com\/index.php?rest_route=\/wp\/v2\/users\/2"}],"replies":[{"embeddable":true,"href":"https:\/\/conexion-mx.com\/index.php?rest_route=%2Fwp%2Fv2%2Fcomments&post=4182"}],"version-history":[{"count":0,"href":"https:\/\/conexion-mx.com\/index.php?rest_route=\/wp\/v2\/posts\/4182\/revisions"}],"wp:featuredmedia":[{"embeddable":true,"href":"https:\/\/conexion-mx.com\/index.php?rest_route=\/wp\/v2\/media\/4183"}],"wp:attachment":[{"href":"https:\/\/conexion-mx.com\/index.php?rest_route=%2Fwp%2Fv2%2Fmedia&parent=4182"}],"wp:term":[{"taxonomy":"category","embeddable":true,"href":"https:\/\/conexion-mx.com\/index.php?rest_route=%2Fwp%2Fv2%2Fcategories&post=4182"},{"taxonomy":"post_tag","embeddable":true,"href":"https:\/\/conexion-mx.com\/index.php?rest_route=%2Fwp%2Fv2%2Ftags&post=4182"}],"curies":[{"name":"wp","href":"https:\/\/api.w.org\/{rel}","templated":true}]}}