{"id":4188,"date":"2026-05-20T14:28:55","date_gmt":"2026-05-20T19:28:55","guid":{"rendered":"https:\/\/conexion-mx.com\/?p=4188"},"modified":"2026-05-20T14:28:55","modified_gmt":"2026-05-20T19:28:55","slug":"iran-advierte-que-extendera-la-guerra-mas-alla-de-la-region-si-estados-unidos-o-israel-reanudan-los-ataques","status":"publish","type":"post","link":"https:\/\/conexion-mx.com\/?p=4188","title":{"rendered":"Ir\u00e1n advierte que extender\u00e1 la guerra \u00abm\u00e1s all\u00e1 de la regi\u00f3n\u00bb si Estados Unidos o Israel reanudan los ataques"},"content":{"rendered":"<p> <br \/>\n<\/p>\n<div>\n<p>La tensi\u00f3n en<strong> Medio Oriente<\/strong> ha alcanzado un nuevo punto \u00e1lgido. El <strong>Cuerpo de la Guardia Revolucionaria Isl\u00e1mica <\/strong>de <strong>Ir\u00e1n<\/strong> (CGRI) lanz\u00f3 este mi\u00e9rcoles una severa advertencia: si <strong>Estados Unidos<\/strong> o<strong> Israel <\/strong>reanudan sus ofensivas militares, el conflicto se expandir\u00e1<strong> \u00abm\u00e1s all\u00e1 de la regi\u00f3n\u00bb<\/strong>. Esta declaraci\u00f3n surge horas despu\u00e9s de que el presidente estadounidense, <strong>Donald Trump<\/strong>, revelara haber estado a \u00abuna hora\u00bb de ordenar nuevos bombardeos contra la Rep\u00fablica isl\u00e1mica.<\/p>\n<p>Mientras los aliados del Golfo y mediadores internacionales como <strong>Pakist\u00e1n <\/strong>intentan ganar tiempo para consolidar un <strong>acuerdo de paz<\/strong>, las partes involucradas mantienen una ret\u00f3rica b\u00e9lica, los ej\u00e9rcitos se declaran en alerta m\u00e1xima y los mercados globales reaccionan a la incertidumbre.<\/p>\n<aside class=\"htmlinline\"\/>\n<div class=\"image-align-center\">\n<figure class=\"image\"><img loading=\"lazy\" decoding=\"async\" alt=\"\" height=\"435\" src=\"https:\/\/heraldodemexico.com.mx\/u\/fotografias\/m\/2026\/5\/6\/f768x1-1280562_1280689_5050.jpeg\" width=\"768\"\/>&#13;<figcaption>Las conversaciones de paz entre Ir\u00e1n y Estados Unidos est\u00e1n estancadas. | AFP<\/figcaption>&#13;<br \/>\n<\/figure>\n<\/div>\n<h2>\u00bfQu\u00e9 dijo Ir\u00e1n sobre la situaci\u00f3n actual de la guerra?<\/h2>\n<p>En un comunicado contundente, el brazo paramilitar de Ir\u00e1n advirti\u00f3 que a\u00fan no han puesto en acci\u00f3n <strong>\u00abtodas las capacidades\u00bb<\/strong> del pa\u00eds. \u00abSi se repite la agresi\u00f3n contra<strong> Ir\u00e1n<\/strong>, la guerra regional de la que se hab\u00eda advertido se extender\u00e1 esta vez <strong>m\u00e1s all\u00e1 de la regi\u00f3n<\/strong>, y nuestros <strong>golpes aplastantes<\/strong> los llevar\u00e1n a la ruina en lugares que ni siquiera pueden imaginar\u00bb, sentenci\u00f3 el CGRI.<\/p>\n<aside class=\"relacionadas con-foto linea-1078\"><strong class=\"relacionadas-titulo-gral\">Noticias Relacionadas<\/strong><\/aside>\n<p>Esta postura fue respaldada por el presidente del parlamento iran\u00ed, <strong>Mohammad Bagher Qalibaf<\/strong>, quien alert\u00f3 a la poblaci\u00f3n sobre posibles nuevos ataques y pidi\u00f3 fortalecer la resiliencia econ\u00f3mica del pa\u00eds frente a lo que denomin\u00f3 una \u00abguerra de voluntades\u00bb. A la par, los medios estatales difundieron un mensaje atribuido al nuevo l\u00edder supremo, el ayatol\u00e1 <strong>Mojtaba Jamenei<\/strong>, elogiando la \u00abresistencia hist\u00f3rica\u00bb del pueblo iran\u00ed frente a <strong>\u00abdos ej\u00e9rcitos globales terroristas\u00bb<\/strong>.<\/p>\n<div class=\"image-align-center\">\n<figure class=\"image\"><img loading=\"lazy\" decoding=\"async\" alt=\"\" height=\"512\" src=\"https:\/\/heraldodemexico.com.mx\/u\/fotografias\/m\/2026\/5\/20\/f768x1-1285975_1286102_5050.jpg\" width=\"768\"\/>&#13;<figcaption>Las autoridades iran\u00edes mandaron un contundente mensaje a los funcionarios estadounidenses. | AFP<\/figcaption>&#13;<br \/>\n<\/figure>\n<\/div>\n<h2>\u00bfTrump controla Israel?<\/h2>\n<p>El presidente Donald Trump ofreci\u00f3 una serie de declaraciones que sacudieron tanto el panorama pol\u00edtico\u00a0como los mercados. Trump asegur\u00f3 estar en <strong>\u00ablas etapas finales de Ir\u00e1n\u00bb<\/strong> y se\u00f1al\u00f3 que detuvo un ataque inminente el lunes por la noche a petici\u00f3n de aliados del <strong>Golfo P\u00e9rsico<\/strong>, quienes reportaron avances en las negociaciones de paz. El mandatario estadounidense indic\u00f3 que otorgar\u00e1 un per\u00edodo limitado de dos o tres d\u00edas para las conversaciones, pero advirti\u00f3 que si no hay acuerdo, har\u00e1 cosas \u00abun poco desagradables\u00bb.<\/p>\n<p>Respecto a su aliado en <strong>Medio Oriente<\/strong>, Trump fue tajante sobre el nivel de influencia que ejerce. Al ser consultado sobre el primer ministro israel\u00ed, <strong>Benjamin Netanyahu<\/strong>, y la posibilidad de frenar los ataques, afirm\u00f3: \u00ab\u00c9l est\u00e1 bien, <strong>har\u00e1 lo que yo quiera que haga<\/strong>\u00ab. Trump a\u00f1adi\u00f3 que no tiene \u00abprisa\u00bb por llegar a un acuerdo, aunque prefiere ver a \u00abpocas personas muertas en lugar de a muchas\u00bb. Adem\u00e1s, presumi\u00f3 que tiene una aprobaci\u00f3n del 99% entre los ciudadanos israel\u00edes.<\/p>\n<\/p><\/div>\n<p><script>\n    !function(f,b,e,v,n,t,s)\n    {if(f.fbq)return;n=f.fbq=function(){n.callMethod?\n    n.callMethod.apply(n,arguments):n.queue.push(arguments)};\n    if(!f._fbq)f._fbq=n;n.push=n;n.loaded=!0;n.version='2.0';\n    n.queue=[];t=b.createElement(e);t.async=!0;\n    t.src=v;s=b.getElementsByTagName(e)[0];\n    s.parentNode.insertBefore(t,s)}(window, document,'script',\n    'https:\/\/connect.facebook.net\/en_US\/fbevents.js');\n    fbq('init', '237927003583820');\n    fbq('track', 'PageView');\n  <\/script><br \/>\n<br \/><\/p>\n","protected":false},"excerpt":{"rendered":"<p>La tensi\u00f3n en Medio Oriente ha alcanzado un nuevo punto \u00e1lgido. El Cuerpo de la Guardia Revolucionaria Isl\u00e1mica de Ir\u00e1n (CGRI) lanz\u00f3 este mi\u00e9rcoles una severa advertencia: si Estados Unidos o Israel reanudan sus ofensivas militares, el conflicto se expandir\u00e1 \u00abm\u00e1s all\u00e1 de la regi\u00f3n\u00bb. Esta declaraci\u00f3n surge horas despu\u00e9s de que el presidente estadounidense, [&hellip;]<\/p>\n","protected":false},"author":4,"featured_media":4189,"comment_status":"","ping_status":"","sticky":false,"template":"","format":"standard","meta":{"footnotes":""},"categories":[36],"tags":[],"class_list":["post-4188","post","type-post","status-publish","format-standard","has-post-thumbnail","hentry","category-tecnologia"],"_links":{"self":[{"href":"https:\/\/conexion-mx.com\/index.php?rest_route=\/wp\/v2\/posts\/4188","targetHints":{"allow":["GET"]}}],"collection":[{"href":"https:\/\/conexion-mx.com\/index.php?rest_route=\/wp\/v2\/posts"}],"about":[{"href":"https:\/\/conexion-mx.com\/index.php?rest_route=\/wp\/v2\/types\/post"}],"author":[{"embeddable":true,"href":"https:\/\/conexion-mx.com\/index.php?rest_route=\/wp\/v2\/users\/4"}],"replies":[{"embeddable":true,"href":"https:\/\/conexion-mx.com\/index.php?rest_route=%2Fwp%2Fv2%2Fcomments&post=4188"}],"version-history":[{"count":0,"href":"https:\/\/conexion-mx.com\/index.php?rest_route=\/wp\/v2\/posts\/4188\/revisions"}],"wp:featuredmedia":[{"embeddable":true,"href":"https:\/\/conexion-mx.com\/index.php?rest_route=\/wp\/v2\/media\/4189"}],"wp:attachment":[{"href":"https:\/\/conexion-mx.com\/index.php?rest_route=%2Fwp%2Fv2%2Fmedia&parent=4188"}],"wp:term":[{"taxonomy":"category","embeddable":true,"href":"https:\/\/conexion-mx.com\/index.php?rest_route=%2Fwp%2Fv2%2Fcategories&post=4188"},{"taxonomy":"post_tag","embeddable":true,"href":"https:\/\/conexion-mx.com\/index.php?rest_route=%2Fwp%2Fv2%2Ftags&post=4188"}],"curies":[{"name":"wp","href":"https:\/\/api.w.org\/{rel}","templated":true}]}}