{"id":4192,"date":"2026-05-20T19:07:15","date_gmt":"2026-05-21T00:07:15","guid":{"rendered":"https:\/\/conexion-mx.com\/?p=4192"},"modified":"2026-05-20T19:07:15","modified_gmt":"2026-05-21T00:07:15","slug":"sacapuntas-el-heraldo-de-mexico","status":"publish","type":"post","link":"https:\/\/conexion-mx.com\/?p=4192","title":{"rendered":"Sacapuntas &#8211; El Heraldo de M\u00e9xico"},"content":{"rendered":"<p> <br \/>\n<\/p>\n<div>\n<h3>Intensa agenda de europeos<\/h3>\n<p>Protocolo de visita de estado tendr\u00e1n en M\u00e9xico la presidenta de la Comisi\u00f3n Europea, Ursula von der Leyen, y el presidente del Consejo Europeo, Ant\u00f3nio Costa, quienes el viernes firmar\u00e1n con la presidenta <strong>Sheinbaum <\/strong>el Acuerdo Global Modernizado entre nuestro pa\u00eds y el viejo continente. Ambos tendr\u00e1n diversas actividades este jueves, seg\u00fan dio a conocer el canciller Roberto Velasco. Ella visitar\u00e1 el Museo de Antropolog\u00eda, caminar\u00e1 por <strong>Chapultepec <\/strong>y se reunir\u00e1 con mujeres ind\u00edgenas. \u00c9l va al Congreso de la Uni\u00f3n y recorrer\u00e1 el Templo Mayor.\u00a0\u00a0 \u00a0\u00a0\u00a0<\/p>\n<h3>Replantea plan territorial<\/h3>\n<p>Una gira nacional emprender\u00e1 la dirigente de Morena, <strong>Ariadna Montiel<\/strong>, para promover la unidad entre la militancia y difundir el nuevo plan territorial. Ayer, en reuni\u00f3n con comit\u00e9s estatales de su partido, llam\u00f3 a evitar divisiones y fij\u00f3 como meta visitar 30 millones de hogares de cara a 2027. Adem\u00e1s, les record\u00f3 apegarse al principio de austeridad.<\/p>\n<aside class=\"htmlinline\"\/>\n<h3>Pide autocr\u00edtica<\/h3>\n<p>Dura cr\u00edtica a su partido, Morena, lanz\u00f3 el senador <strong>Higinio Mart\u00ednez<\/strong>. El mexiquense urgi\u00f3 a una transformaci\u00f3n interna y no ocultar errores, deficiencias \u201cy nuestra incapacidad\u201d para solucionar los problemas del pa\u00eds. Llam\u00f3 a respaldar a la presidenta Sheinbaum y alert\u00f3 sobre pol\u00edticos que \u201colvidaron el lema de no robar, no mentir y no traicionar al pueblo\u201d.<\/p>\n<h3>Coscorr\u00f3n a Saulito<\/h3>\n<p>Rega\u00f1\u00f3 el mayor de los <strong>Monreal<\/strong>, <strong>Ricardo<\/strong>, a su hermanito Sa\u00fal. El diputado zacatecano le coment\u00f3 al senador: \u201cest\u00e1s viendo la tempestad y no te hincas, Saulito\u201d. Incluso se quej\u00f3: \u201cYo pago los platos rotos que \u00e9l rompe. Tengo 14 hermanos y cada vez que uno hace algo todos me quieren cuestionar\u2026 me da miedo cuando declara porque siempre me involucra\u201d.<\/p>\n<h3>Arma el PAN su marcha<\/h3>\n<p>Ahora el PAN convoc\u00f3 a una movilizaci\u00f3n en defensa de la gobernadora de <strong>Chihuahua<\/strong>, <strong>Maru Campos<\/strong>. El dirigente albiazul, Jorge Romero, busca mostrar m\u00fasculo en la entidad norte\u00f1a \u201ccon la marcha m\u00e1s grande de la historia\u201d, luego de la protesta del s\u00e1bado pasado organizada por Morena. En los pr\u00f3ximos d\u00edas se dar\u00e1n a conocer la fecha y la hora.<\/p>\n<h3>Definen fecha del extra<\/h3>\n<p>Hoy la <strong>Comisi\u00f3n Permanente del Congreso<\/strong> pondr\u00e1 fecha al periodo extraordinario para dar tr\u00e1mite a la iniciativa de reforma constitucional que aplace a 2028 la segunda parte de la elecci\u00f3n judicial. Se perfila que sea el 27 de mayo pr\u00f3ximo cuando se discuta y apruebe la propuesta elaborada por la consejera jur\u00eddica de la Presidencia, <strong>Luisa Mar\u00eda Alcalde<\/strong>.<\/p>\n<h3>Semarnat frena proyecto<\/h3>\n<p>La secretaria de Medio Ambiente, <strong>Alicia B\u00e1rcena<\/strong>, neg\u00f3 los permisos al desarrollo tur\u00edstico <strong>Perfect Day<\/strong>, en Mahahual, Quintana Roo. Se consider\u00f3 que el proyecto de la empresa Royal Caribbean amenazaba los derechos de acceso y uso del mar, las playas y los manglares, pero sobre todo la supervivencia de ecosistemas \u00fanicos en el mundo.<\/p>\n<p><img loading=\"lazy\" decoding=\"async\" alt=\"\" height=\"168\" src=\"https:\/\/heraldodemexico.com.mx\/u\/fotografias\/m\/2021\/3\/14\/f768x1-337000_337127_5050.jpeg\" width=\"768\"\/>&#13;<br \/>\n&#13;\n<\/p>\n<p>PAL&#13;<br \/>\n&#13;<br \/>\n&#13;\n                                <\/p>\n<\/p><\/div>\n<p><script>\n    !function(f,b,e,v,n,t,s)\n    {if(f.fbq)return;n=f.fbq=function(){n.callMethod?\n    n.callMethod.apply(n,arguments):n.queue.push(arguments)};\n    if(!f._fbq)f._fbq=n;n.push=n;n.loaded=!0;n.version='2.0';\n    n.queue=[];t=b.createElement(e);t.async=!0;\n    t.src=v;s=b.getElementsByTagName(e)[0];\n    s.parentNode.insertBefore(t,s)}(window, document,'script',\n    'https:\/\/connect.facebook.net\/en_US\/fbevents.js');\n    fbq('init', '237927003583820');\n    fbq('track', 'PageView');\n  <\/script><script>\n      !function(f,b,e,v,n,t,s)\n      {if(f.fbq)return;n=f.fbq=function(){n.callMethod?\n        n.callMethod.apply(n,arguments):n.queue.push(arguments)};\n        if(!f._fbq)f._fbq=n;n.push=n;n.loaded=!0;n.version='2.0';\n        n.queue=[];t=b.createElement(e);t.async=!0;\n    t.src=v;s=b.getElementsByTagName(e)[0];\n    s.parentNode.insertBefore(t,s)}(window, document,'script',\n    'https:\/\/connect.facebook.net\/en_US\/fbevents.js');\n    fbq('init', '622139085998321');\n    fbq('track', 'PageView');\n    <\/script><br \/>\n<br \/><\/p>\n","protected":false},"excerpt":{"rendered":"<p>Intensa agenda de europeos Protocolo de visita de estado tendr\u00e1n en M\u00e9xico la presidenta de la Comisi\u00f3n Europea, Ursula von der Leyen, y el presidente del Consejo Europeo, Ant\u00f3nio Costa, quienes el viernes firmar\u00e1n con la presidenta Sheinbaum el Acuerdo Global Modernizado entre nuestro pa\u00eds y el viejo continente. Ambos tendr\u00e1n diversas actividades este jueves, [&hellip;]<\/p>\n","protected":false},"author":2,"featured_media":4193,"comment_status":"","ping_status":"","sticky":false,"template":"","format":"standard","meta":{"footnotes":""},"categories":[2],"tags":[],"class_list":["post-4192","post","type-post","status-publish","format-standard","has-post-thumbnail","hentry","category-local"],"_links":{"self":[{"href":"https:\/\/conexion-mx.com\/index.php?rest_route=\/wp\/v2\/posts\/4192","targetHints":{"allow":["GET"]}}],"collection":[{"href":"https:\/\/conexion-mx.com\/index.php?rest_route=\/wp\/v2\/posts"}],"about":[{"href":"https:\/\/conexion-mx.com\/index.php?rest_route=\/wp\/v2\/types\/post"}],"author":[{"embeddable":true,"href":"https:\/\/conexion-mx.com\/index.php?rest_route=\/wp\/v2\/users\/2"}],"replies":[{"embeddable":true,"href":"https:\/\/conexion-mx.com\/index.php?rest_route=%2Fwp%2Fv2%2Fcomments&post=4192"}],"version-history":[{"count":0,"href":"https:\/\/conexion-mx.com\/index.php?rest_route=\/wp\/v2\/posts\/4192\/revisions"}],"wp:featuredmedia":[{"embeddable":true,"href":"https:\/\/conexion-mx.com\/index.php?rest_route=\/wp\/v2\/media\/4193"}],"wp:attachment":[{"href":"https:\/\/conexion-mx.com\/index.php?rest_route=%2Fwp%2Fv2%2Fmedia&parent=4192"}],"wp:term":[{"taxonomy":"category","embeddable":true,"href":"https:\/\/conexion-mx.com\/index.php?rest_route=%2Fwp%2Fv2%2Fcategories&post=4192"},{"taxonomy":"post_tag","embeddable":true,"href":"https:\/\/conexion-mx.com\/index.php?rest_route=%2Fwp%2Fv2%2Ftags&post=4192"}],"curies":[{"name":"wp","href":"https:\/\/api.w.org\/{rel}","templated":true}]}}