{"id":4196,"date":"2026-05-21T04:35:55","date_gmt":"2026-05-21T09:35:55","guid":{"rendered":"https:\/\/conexion-mx.com\/?p=4196"},"modified":"2026-05-21T04:35:55","modified_gmt":"2026-05-21T09:35:55","slug":"vw-presenta-la-tukan-una-pick-up-regional","status":"publish","type":"post","link":"https:\/\/conexion-mx.com\/?p=4196","title":{"rendered":"VW presenta la Tukan, una pick up regional"},"content":{"rendered":"<p> <br \/>\n<\/p>\n<div>\n<p><strong>Volkswagen <\/strong>dio una probada de lo que ser\u00e1 la<strong> pick up Tukan <\/strong>que va a lanzar para el mercado de Am\u00e9rica Latina, un modelo que se va a producir en la planta de <strong>Paran\u00e1, en Brasil,<\/strong> totalmente dise\u00f1ado, planificado y desarrollado en la regi\u00f3n.<\/p>\n<p>El modelo forma parte de la ofensiva de 21 lanzamientos de la marca en la regi\u00f3n hasta 2028, en la que la empresa invertir\u00e1 tres mil 700 millones de d\u00f3lares.<\/p>\n<aside class=\"htmlinline\"\/>\n<p>En la primera aparici\u00f3n en<strong> sociedad del Tukan, <\/strong>llama la atenci\u00f3n el camuflaje visual de la carrocer\u00eda con los colores emblem\u00e1ticos de Brasil: amarillo, verde y azul, que seg\u00fan la marca mezclan s\u00edmbolos vinculados con la m\u00fasica, el f\u00fatbol, la naturaleza, la celebraci\u00f3n y la identidad nacional.<\/p>\n<p>Adem\u00e1s, incluye \u00edconos como el tuc\u00e1n, que inspira el nombre de la pick up, el pandero, el <strong>Cristo Redentor, la bandera de Brasil <\/strong>y las cinco estrellas en referencia a la seguridad del line-up de Volkswagen aparecen distribuidos sobre la carrocer\u00eda.<\/p>\n<blockquote><p>&#13;<\/p>\n<p>\u201cComo premisa, la elecci\u00f3n del lenguaje visual tambi\u00e9n deb\u00eda formar parte de la propia funci\u00f3n del camuflaje. El desaf\u00edo era esconder bien un veh\u00edculo que queremos que todo el mundo vea\u201d, coment\u00f3 Jos\u00e9 Carlos Pavone Head de Dise\u00f1o de Volkswagen para las Am\u00e9ricas.<\/p>\n<p>&#13;\n<\/p><\/blockquote>\n<p>Tukan ser\u00e1 la primera pick up de la marca construida sobre la plataforma MQB, desarrollada por el grupo alem\u00e1n, que estandariza cuatro m\u00f3dulos: motor, carrocer\u00eda, tren de rodaje y sistema el\u00e9ctrico.<\/p>\n<p>El modelo contar\u00e1 con suspensi\u00f3n trasera con eje r\u00edgido y ballestas, combinando confort, capacidad de carga y maniobrabilidad.<\/p>\n<p>En el caso de Tukan, se realizaron evoluciones espec\u00edficas, como la adopci\u00f3n de una suspensi\u00f3n trasera con eje r\u00edgido y ballestas, que garantiza la robustez y la capacidad de carga adecuadas para las exigencias de este tipo de veh\u00edculo.&#13;<br \/>\n&#13;\n<\/p>\n<p>De acuerdo a la informaci\u00f3n de la marca, el sistema motriz del veh\u00edculo fue proyectado para ofrecer una robustez y durabilidad incluso en condiciones severas de uso al absorber las irregularidades del terreno, preservando el confort de los ocupantes y la integridad del veh\u00edculo, especialmente durante el transporte de carga.&#13;<br \/>\n&#13;\n<\/p>\n<p>\u00a0&#13;<br \/>\n&#13;\n<\/p>\n<p>MAAZ&#13;<br \/>\n&#13;\n<\/p>\n<p>\u00a0&#13;<br \/>\n&#13;<br \/>\n&#13;\n                                <\/p>\n<\/p><\/div>\n<p><script>\n    !function(f,b,e,v,n,t,s)\n    {if(f.fbq)return;n=f.fbq=function(){n.callMethod?\n    n.callMethod.apply(n,arguments):n.queue.push(arguments)};\n    if(!f._fbq)f._fbq=n;n.push=n;n.loaded=!0;n.version='2.0';\n    n.queue=[];t=b.createElement(e);t.async=!0;\n    t.src=v;s=b.getElementsByTagName(e)[0];\n    s.parentNode.insertBefore(t,s)}(window, document,'script',\n    'https:\/\/connect.facebook.net\/en_US\/fbevents.js');\n    fbq('init', '237927003583820');\n    fbq('track', 'PageView');\n  <\/script><br \/>\n<br \/><\/p>\n","protected":false},"excerpt":{"rendered":"<p>Volkswagen dio una probada de lo que ser\u00e1 la pick up Tukan que va a lanzar para el mercado de Am\u00e9rica Latina, un modelo que se va a producir en la planta de Paran\u00e1, en Brasil, totalmente dise\u00f1ado, planificado y desarrollado en la regi\u00f3n. El modelo forma parte de la ofensiva de 21 lanzamientos de [&hellip;]<\/p>\n","protected":false},"author":2,"featured_media":4197,"comment_status":"","ping_status":"","sticky":false,"template":"","format":"standard","meta":{"footnotes":""},"categories":[2],"tags":[],"class_list":["post-4196","post","type-post","status-publish","format-standard","has-post-thumbnail","hentry","category-local"],"_links":{"self":[{"href":"https:\/\/conexion-mx.com\/index.php?rest_route=\/wp\/v2\/posts\/4196","targetHints":{"allow":["GET"]}}],"collection":[{"href":"https:\/\/conexion-mx.com\/index.php?rest_route=\/wp\/v2\/posts"}],"about":[{"href":"https:\/\/conexion-mx.com\/index.php?rest_route=\/wp\/v2\/types\/post"}],"author":[{"embeddable":true,"href":"https:\/\/conexion-mx.com\/index.php?rest_route=\/wp\/v2\/users\/2"}],"replies":[{"embeddable":true,"href":"https:\/\/conexion-mx.com\/index.php?rest_route=%2Fwp%2Fv2%2Fcomments&post=4196"}],"version-history":[{"count":0,"href":"https:\/\/conexion-mx.com\/index.php?rest_route=\/wp\/v2\/posts\/4196\/revisions"}],"wp:featuredmedia":[{"embeddable":true,"href":"https:\/\/conexion-mx.com\/index.php?rest_route=\/wp\/v2\/media\/4197"}],"wp:attachment":[{"href":"https:\/\/conexion-mx.com\/index.php?rest_route=%2Fwp%2Fv2%2Fmedia&parent=4196"}],"wp:term":[{"taxonomy":"category","embeddable":true,"href":"https:\/\/conexion-mx.com\/index.php?rest_route=%2Fwp%2Fv2%2Fcategories&post=4196"},{"taxonomy":"post_tag","embeddable":true,"href":"https:\/\/conexion-mx.com\/index.php?rest_route=%2Fwp%2Fv2%2Ftags&post=4196"}],"curies":[{"name":"wp","href":"https:\/\/api.w.org\/{rel}","templated":true}]}}