{"id":4200,"date":"2026-05-21T12:42:57","date_gmt":"2026-05-21T17:42:57","guid":{"rendered":"https:\/\/conexion-mx.com\/?p=4200"},"modified":"2026-05-21T12:42:57","modified_gmt":"2026-05-21T17:42:57","slug":"feria-de-las-afores-llega-al-zocalo-de-puebla-fechas-horarios-y-tramites-que-podras-hacer","status":"publish","type":"post","link":"https:\/\/conexion-mx.com\/?p=4200","title":{"rendered":"Feria de las Afores llega al Z\u00f3calo de Puebla: Fechas, horarios y tr\u00e1mites que podr\u00e1s hacer"},"content":{"rendered":"<p> <br \/>\n<\/p>\n<div>\n<p>La Comisi\u00f3n Nacional del Sistema de Ahorro para el Retiro (<strong>Consar<\/strong>) anunci\u00f3 la <strong>Feria de las Afores en Puebla<\/strong>, un evento crucial para que los <strong>trabajadores <\/strong>gestionen sus<strong> fondos de retiro<\/strong>. <strong>Julio C\u00e9sar Cervantes Parra<\/strong>, presidente de la <strong>Consar<\/strong>, subray\u00f3 la importancia de la planificaci\u00f3n temprana y la gratuidad de todos los tr\u00e1mites relacionados con las <strong>afores<\/strong>.<\/p>\n<p>El evento se realizar\u00e1 en el <strong>Z\u00f3calo <\/strong>de <strong>Puebla <\/strong>del viernes 29 al domingo 31 de mayo, de 9:00 a 18:00 horas. Esta iniciativa busca atender a los casi 5 millones de <strong>trabajadores derechohabientes <\/strong>en <strong>Puebla <\/strong>y zonas aleda\u00f1as como <strong>Cholula <\/strong>y <strong>Tlaxcala<\/strong>, ofreciendo un punto de encuentro para resolver dudas y realizar tr\u00e1mites sin costo.<\/p>\n<aside class=\"htmlinline\"\/>\n<p>\u00abNosotros como Consar, la Comisi\u00f3n Nacional del Sistema de Ahorro para el Retiro, estamos para informar y proteger a los trabajadores\u00bb, declar\u00f3 Cervantes Parra. El presidente de la Consar a\u00f1adi\u00f3 que el objetivo es que \u00abtoda la gente sepa qu\u00e9 es una afore, c\u00f3mo administrarla, qu\u00e9 tiene que hacer para pensionarse y en general planificar su retiro\u00bb.<\/p>\n<aside class=\"relacionadas con-foto linea-1078\"><strong class=\"relacionadas-titulo-gral\">Noticias Relacionadas<\/strong><\/aside>\n<figure class=\"image\"><img loading=\"lazy\" decoding=\"async\" alt=\"\" height=\"400\" src=\"https:\/\/heraldodemexico.com.mx\/u\/fotografias\/m\/2024\/11\/18\/f768x400-1044144_1088047_5050.jpg\" width=\"768\"\/>&#13;<figcaption>Puebla ser\u00e1 la sede de este evento bancario. FOTO: archivo.<\/figcaption>&#13;<br \/>\n<\/figure>\n<h2>\u00bfQu\u00e9 se podr\u00e1 hacer en la Feria de las Afores en Puebla de la Consar?<\/h2>\n<p>Instituciones como la Comisi\u00f3n Nacional para la Protecci\u00f3n y Defensa de los Usuarios de Servicios Financieros (Condusef), la Procuradur\u00eda Federal de la Defensa del Trabajo (Profedet), el Instituto Mexicano del Seguro Social (IMSS) y el Instituto de Seguridad y Servicios Sociales de los Trabajadores del Estado (Issste) tambi\u00e9n estar\u00e1n presentes para apoyar en la correcci\u00f3n de datos de afiliaci\u00f3n y verificaci\u00f3n de semanas cotizadas. En la feria, los asistentes podr\u00e1n llevar a cabo los siguientes tr\u00e1mites de afores:<\/p>\n<ul>&#13;<\/p>\n<li>Registrar su cuenta individual.<\/li>\n<p>&#13;<\/p>\n<li>Actualizar datos.<\/li>\n<p>&#13;<\/p>\n<li>Registrar beneficiarios.<\/li>\n<p>&#13;<\/p>\n<li>Obtener su estado de cuenta.<\/li>\n<p>&#13;\n<\/ul>\n<p>Se recomienda llevar <strong>credencial <\/strong>de <strong>elector<\/strong>, <strong>comprobante <\/strong>de <strong>domicilio <\/strong>no mayor a tres meses y <strong>CURP<\/strong>. Todos los procesos son gratuitos; se debe evitar a gestores externos.<\/p>\n<figure class=\"image\"><img loading=\"lazy\" decoding=\"async\" alt=\"\" height=\"512\" src=\"https:\/\/heraldodemexico.com.mx\/u\/fotografias\/m\/2024\/11\/18\/f768x1-1044144_1044271_5050.jpg\" width=\"768\"\/>&#13;<figcaption>Las autoridades recomiendan a las personas llevar a cabo el ahorro voluntario. FOTO: archivo.\u00a0<\/figcaption>&#13;<br \/>\n<\/figure>\n<h2>C\u00f3mo administrar tu afore y mejorar tu pensi\u00f3n: claves del presidente de la Consar<\/h2>\n<p><strong>Julio C\u00e9sar Cervantes Parra <\/strong>explic\u00f3 que la afore es la cuenta individual donde se acumulan los recursos para la pensi\u00f3n. \u00abLa afore es la cuenta individual que tenemos todos con nuestros recursos para financiar nuestra pensi\u00f3n\u00bb, precis\u00f3. Esta se <strong>nutre <\/strong>de las aportaciones del <strong>empleador <\/strong>y del <strong>trabajador<\/strong>. Un paso fundamental es registrar la afore y elegir la que ofrezca mejores rendimientos y servicios.<\/p>\n<p>\u00abEl primer paso para administrar nuestra afore es registrarla porque como se est\u00e1n recibiendo autom\u00e1ticamente las cuotas a trav\u00e9s del Seguro Social o el Issste, se depositan en una cuenta pero nosotros tenemos el derecho de elegir la afore que m\u00e1s nos conviene\u00bb, detall\u00f3 el presidente de la Consar.<\/p>\n<p>La <strong>Consar <\/strong>facilita herramientas de comparaci\u00f3n y la aplicaci\u00f3n AforeM\u00f3vil. Para localizar una cuenta, se puede llamar a Sartel al 55 13 28 5000. La <strong>planificaci\u00f3n temprana <\/strong>es crucial debido al inter\u00e9s compuesto.&#13;<br \/>\n&#13;\n<\/p>\n<p>\u00abEs muy importante planificarla desde nuestro primer empleo porque los recursos que est\u00e1n en la afore se invierten con un inter\u00e9s compuesto\u00bb, enfatiz\u00f3 Cervantes Parra. Destac\u00f3 que no elegir una afore puede limitar los rendimientos a un dos por ciento, mientras que una elecci\u00f3n activa puede generar hasta siete por ciento.&#13;<br \/>\n&#13;\n<\/p>\n<p>Adem\u00e1s de las <strong>aportaciones obligatorias<\/strong>, se pueden realizar <strong>aportaciones voluntarias <\/strong>con beneficios fiscales. Para quienes ya no cotizan, la modalidad de <strong>trabajador independiente <\/strong>permite mantener la afore y acceder a servicios del IMSS por una cuota econ\u00f3mica. Es vital registrar a los beneficiarios, ya que la <strong>cuenta individual <\/strong>representa el principal patrimonio financiero del trabajador.&#13;<br \/>\n&#13;<br \/>\n&#13;\n                                <\/p>\n<\/p><\/div>\n<p><script>\n    !function(f,b,e,v,n,t,s)\n    {if(f.fbq)return;n=f.fbq=function(){n.callMethod?\n    n.callMethod.apply(n,arguments):n.queue.push(arguments)};\n    if(!f._fbq)f._fbq=n;n.push=n;n.loaded=!0;n.version='2.0';\n    n.queue=[];t=b.createElement(e);t.async=!0;\n    t.src=v;s=b.getElementsByTagName(e)[0];\n    s.parentNode.insertBefore(t,s)}(window, document,'script',\n    'https:\/\/connect.facebook.net\/en_US\/fbevents.js');\n    fbq('init', '237927003583820');\n    fbq('track', 'PageView');\n  <\/script><br \/>\n<br \/><\/p>\n","protected":false},"excerpt":{"rendered":"<p>La Comisi\u00f3n Nacional del Sistema de Ahorro para el Retiro (Consar) anunci\u00f3 la Feria de las Afores en Puebla, un evento crucial para que los trabajadores gestionen sus fondos de retiro. Julio C\u00e9sar Cervantes Parra, presidente de la Consar, subray\u00f3 la importancia de la planificaci\u00f3n temprana y la gratuidad de todos los tr\u00e1mites relacionados con [&hellip;]<\/p>\n","protected":false},"author":2,"featured_media":4201,"comment_status":"","ping_status":"","sticky":false,"template":"","format":"standard","meta":{"footnotes":""},"categories":[2],"tags":[],"class_list":["post-4200","post","type-post","status-publish","format-standard","has-post-thumbnail","hentry","category-local"],"_links":{"self":[{"href":"https:\/\/conexion-mx.com\/index.php?rest_route=\/wp\/v2\/posts\/4200","targetHints":{"allow":["GET"]}}],"collection":[{"href":"https:\/\/conexion-mx.com\/index.php?rest_route=\/wp\/v2\/posts"}],"about":[{"href":"https:\/\/conexion-mx.com\/index.php?rest_route=\/wp\/v2\/types\/post"}],"author":[{"embeddable":true,"href":"https:\/\/conexion-mx.com\/index.php?rest_route=\/wp\/v2\/users\/2"}],"replies":[{"embeddable":true,"href":"https:\/\/conexion-mx.com\/index.php?rest_route=%2Fwp%2Fv2%2Fcomments&post=4200"}],"version-history":[{"count":0,"href":"https:\/\/conexion-mx.com\/index.php?rest_route=\/wp\/v2\/posts\/4200\/revisions"}],"wp:featuredmedia":[{"embeddable":true,"href":"https:\/\/conexion-mx.com\/index.php?rest_route=\/wp\/v2\/media\/4201"}],"wp:attachment":[{"href":"https:\/\/conexion-mx.com\/index.php?rest_route=%2Fwp%2Fv2%2Fmedia&parent=4200"}],"wp:term":[{"taxonomy":"category","embeddable":true,"href":"https:\/\/conexion-mx.com\/index.php?rest_route=%2Fwp%2Fv2%2Fcategories&post=4200"},{"taxonomy":"post_tag","embeddable":true,"href":"https:\/\/conexion-mx.com\/index.php?rest_route=%2Fwp%2Fv2%2Ftags&post=4200"}],"curies":[{"name":"wp","href":"https:\/\/api.w.org\/{rel}","templated":true}]}}